{"id":33694,"date":"2022-12-05T22:56:51","date_gmt":"2022-12-05T22:56:51","guid":{"rendered":"http:\/\/historiografija.hr\/?p=33694"},"modified":"2022-12-05T22:57:39","modified_gmt":"2022-12-05T22:57:39","slug":"bruno-latour-1947-2022","status":"publish","type":"post","link":"https:\/\/historiografija.hr\/?p=33694","title":{"rendered":"Bruno Latour (1947-2022)"},"content":{"rendered":"\n<p>Umro je francuski antropolog, sociolog i filozof Bruno Latour (1947-2022). Povjesni\u010dari i povjesni\u010darke naj\u010de\u0161\u0107e su se pozivali na njegovu teoriju aktera-mre\u017ea (usp. <em>Mre\u017ee, dru\u0161tva, sfere: razmatranja jednog teoreti\u010dara aktera-mre\u017ee<\/em>, Beograd 2017) i tezu \u201eNikada nismo bili moderni\u201c (usp. <em>Nikada nismo bili moderni: ogled iz simetri\u010dne antropologije<\/em>, Zagreb 2005).<\/p>\n\n\n\n<hr class=\"wp-block-separator\"\/>\n\n\n\n<p><strong>Obavijesti o smrti:<\/strong><\/p>\n\n\n\n<p><a href=\"https:\/\/ideje.hr\/bruno-latour-1947-2022-nikada-nismo-bili-moderni\/\">https:\/\/ideje.hr\/bruno-latour-1947-2022-nikada-nismo-bili-moderni\/<\/a><\/p>\n\n\n\n<p><a href=\"https:\/\/www.jutarnji.hr\/vijesti\/svijet\/bruno-latour-propovjednik-ekoloske-klase-koja-ce-nas-spasiti-od-barbarstva-15282729\">https:\/\/www.jutarnji.hr\/vijesti\/svijet\/bruno-latour-propovjednik-ekoloske-klase-koja-ce-nas-spasiti-od-barbarstva-15282729<\/a><\/p>\n\n\n\n<hr class=\"wp-block-separator\"\/>\n\n\n\n<p>Rade Kalanj<\/p>\n\n\n\n<p><strong>Bruno Latour. Od kritike modernosti do preutemeljenja sociologije<\/strong><\/p>\n\n\n\n<p><a href=\"https:\/\/hrcak.srce.hr\/70817\">https:\/\/hrcak.srce.hr\/70817<\/a><\/p>\n\n\n\n<hr class=\"wp-block-separator\"\/>\n","protected":false},"excerpt":{"rendered":"","protected":false},"author":2,"featured_media":33695,"comment_status":"open","ping_status":"open","sticky":false,"template":"","format":"standard","meta":{"_acf_changed":false,"jetpack_post_was_ever_published":false,"_jetpack_newsletter_access":"","_jetpack_dont_email_post_to_subs":false,"_jetpack_newsletter_tier_id":0,"_jetpack_memberships_contains_paywalled_content":false,"_jetpack_memberships_contains_paid_content":false,"footnotes":"","jetpack_publicize_message":"","jetpack_publicize_feature_enabled":true,"jetpack_social_post_already_shared":true,"jetpack_social_options":{"image_generator_settings":{"template":"highway","default_image_id":0,"font":"","enabled":false},"version":2}},"categories":[3,20],"tags":[],"class_list":["post-33694","post","type-post","status-publish","format-standard","has-post-thumbnail","hentry","category-novosti","category-obavijesti-o-smrti-i-nekrolozi"],"acf":{"facebook_opis":""},"jetpack_publicize_connections":[],"jetpack_featured_media_url":"https:\/\/i0.wp.com\/historiografija.hr\/wp-content\/uploads\/2022\/12\/Bruno-Latour_Manuel-Braun.png?fit=1440%2C900&ssl=1","jetpack_sharing_enabled":true,"jetpack-related-posts":[],"_links":{"self":[{"href":"https:\/\/historiografija.hr\/index.php?rest_route=\/wp\/v2\/posts\/33694","targetHints":{"allow":["GET"]}}],"collection":[{"href":"https:\/\/historiografija.hr\/index.php?rest_route=\/wp\/v2\/posts"}],"about":[{"href":"https:\/\/historiografija.hr\/index.php?rest_route=\/wp\/v2\/types\/post"}],"author":[{"embeddable":true,"href":"https:\/\/historiografija.hr\/index.php?rest_route=\/wp\/v2\/users\/2"}],"replies":[{"embeddable":true,"href":"https:\/\/historiografija.hr\/index.php?rest_route=%2Fwp%2Fv2%2Fcomments&post=33694"}],"version-history":[{"count":2,"href":"https:\/\/historiografija.hr\/index.php?rest_route=\/wp\/v2\/posts\/33694\/revisions"}],"predecessor-version":[{"id":33697,"href":"https:\/\/historiografija.hr\/index.php?rest_route=\/wp\/v2\/posts\/33694\/revisions\/33697"}],"wp:featuredmedia":[{"embeddable":true,"href":"https:\/\/historiografija.hr\/index.php?rest_route=\/wp\/v2\/media\/33695"}],"wp:attachment":[{"href":"https:\/\/historiografija.hr\/index.php?rest_route=%2Fwp%2Fv2%2Fmedia&parent=33694"}],"wp:term":[{"taxonomy":"category","embeddable":true,"href":"https:\/\/historiografija.hr\/index.php?rest_route=%2Fwp%2Fv2%2Fcategories&post=33694"},{"taxonomy":"post_tag","embeddable":true,"href":"https:\/\/historiografija.hr\/index.php?rest_route=%2Fwp%2Fv2%2Ftags&post=33694"}],"curies":[{"name":"wp","href":"https:\/\/api.w.org\/{rel}","templated":true}]}}