{"id":33691,"date":"2022-12-05T22:33:30","date_gmt":"2022-12-05T22:33:30","guid":{"rendered":"http:\/\/historiografija.hr\/?p=33691"},"modified":"2022-12-06T18:53:21","modified_gmt":"2022-12-06T18:53:21","slug":"preminuo-hans-magnus-enzensberger","status":"publish","type":"post","link":"https:\/\/historiografija.hr\/?p=33691","title":{"rendered":"Preminuo Hans Magnus Enzensberger"},"content":{"rendered":"\n<p>U 94. godini preminuo je njema\u010dki pisac Hans Magnus Enzensberger (1929-2022), \u010dija su djela natopljena povije\u0161\u0107u. Na hrvatski jezik prevedeno je vi\u0161e njegovih knjiga: \u201eHammerstein ili svojeglavost\u201c (o generalu Kurtu von Hammersteinu), \u201eKratko ljeto anarhije: \u017eivot i smrt Buenaventure Durrutija\u201c, \u201eMete\u017e\u201c (o turbulentnim 1960-ih), \u201eIzgledi za gra\u0111anski rat\u201c, \u201eNje\u017eni monstrum Bruxelles ili Europa li\u0161ena suverenosti\u201c.<\/p>\n\n\n\n<hr class=\"wp-block-separator\"\/>\n\n\n\n<p>Obavijesti:<\/p>\n\n\n\n<p><a href=\"https:\/\/www.jutarnji.hr\/kultura\/glazba\/umro-hans-magnus-enzensberger-njemacki-pisac-pjesnik-i-suvremenik-nobelovca-guentera-grassa-15279724\">https:\/\/www.jutarnji.hr\/kultura\/glazba\/umro-hans-magnus-enzensberger-njemacki-pisac-pjesnik-i-suvremenik-nobelovca-guentera-grassa-15279724<\/a><\/p>\n\n\n\n<p><a href=\"https:\/\/www.jutarnji.hr\/vijesti\/svijet\/hans-magnus-enzensberger-prorok-neostvarive-buducnosti-koji-se-preobrazio-u-aeda-kristalno-cistih-numerickih-odnosa-15282881\">https:\/\/www.jutarnji.hr\/vijesti\/svijet\/hans-magnus-enzensberger-prorok-neostvarive-buducnosti-koji-se-preobrazio-u-aeda-kristalno-cistih-numerickih-odnosa-15282881<\/a><\/p>\n\n\n\n<p><a href=\"https:\/\/www.portalnovosti.com\/in-memoriam-hans-magnus-enzensberger-kraj-jednog-vremena\">https:\/\/www.portalnovosti.com\/in-memoriam-hans-magnus-enzensberger-kraj-jednog-vremena<\/a><\/p>\n\n\n\n<hr class=\"wp-block-separator\"\/>\n\n\n\n<p>O prevedenim knjigama:<\/p>\n\n\n\n<p><a href=\"https:\/\/disput.hr\/book_author\/hans-magnus-enzensberger\/\">https:\/\/disput.hr\/book_author\/hans-magnus-enzensberger\/<\/a><\/p>\n\n\n\n<figure class=\"wp-block-embed-wordpress wp-block-embed is-type-wp-embed is-provider-vbz-online-bookstore\"><div class=\"wp-block-embed__wrapper\">\n<blockquote class=\"wp-embedded-content\" data-secret=\"kHazRPtQZc\"><a href=\"https:\/\/www.vbz.hr\/book\/kratko-ljeto-anarhije\/\">Kratko ljeto anarhije<\/a><\/blockquote><iframe loading=\"lazy\" class=\"wp-embedded-content\" sandbox=\"allow-scripts\" security=\"restricted\" style=\"position: absolute; clip: rect(1px, 1px, 1px, 1px);\" title=\"&#8220;Kratko ljeto anarhije&#8221; &#8212; VBZ online bookstore\" src=\"https:\/\/www.vbz.hr\/book\/kratko-ljeto-anarhije\/embed\/#?secret=Tgc8sipWq3#?secret=kHazRPtQZc\" data-secret=\"kHazRPtQZc\" width=\"600\" height=\"338\" frameborder=\"0\" marginwidth=\"0\" marginheight=\"0\" scrolling=\"no\"><\/iframe>\n<\/div><\/figure>\n\n\n\n<p><a href=\"http:\/\/durieux.hr\/wordpress\/knjige\/esejistika-publicistika\/izgledi-za-gradanski-rat\/\">http:\/\/durieux.hr\/wordpress\/knjige\/esejistika-publicistika\/izgledi-za-gradanski-rat\/<\/a><\/p>\n\n\n\n<figure class=\"wp-block-embed-wordpress wp-block-embed is-type-wp-embed is-provider-meandar-media\"><div class=\"wp-block-embed__wrapper\">\n<blockquote class=\"wp-embedded-content\" data-secret=\"ZxGIYCJwcb\"><a href=\"https:\/\/meandar.hr\/proizvod\/njezni-monstrum-bruxelles-ili-europa-lisena-suverenosti\/\">Nje\u017eni monstrum Bruxelles ili Europa li\u0161ena suverenosti<\/a><\/blockquote><iframe loading=\"lazy\" class=\"wp-embedded-content\" sandbox=\"allow-scripts\" security=\"restricted\" style=\"position: absolute; clip: rect(1px, 1px, 1px, 1px);\" title=\"&#8220;Nje\u017eni monstrum Bruxelles ili Europa li\u0161ena suverenosti&#8221; &#8212; Meandar Media\" src=\"https:\/\/meandar.hr\/proizvod\/njezni-monstrum-bruxelles-ili-europa-lisena-suverenosti\/embed\/#?secret=s1UPzZ4v6z#?secret=ZxGIYCJwcb\" data-secret=\"ZxGIYCJwcb\" width=\"600\" height=\"338\" frameborder=\"0\" marginwidth=\"0\" marginheight=\"0\" scrolling=\"no\"><\/iframe>\n<\/div><\/figure>\n\n\n\n<hr class=\"wp-block-separator\"\/>\n","protected":false},"excerpt":{"rendered":"","protected":false},"author":2,"featured_media":33692,"comment_status":"open","ping_status":"open","sticky":false,"template":"","format":"standard","meta":{"_acf_changed":false,"jetpack_post_was_ever_published":false,"_jetpack_newsletter_access":"","_jetpack_dont_email_post_to_subs":false,"_jetpack_newsletter_tier_id":0,"_jetpack_memberships_contains_paywalled_content":false,"_jetpack_memberships_contains_paid_content":false,"footnotes":"","jetpack_publicize_message":"","jetpack_publicize_feature_enabled":true,"jetpack_social_post_already_shared":true,"jetpack_social_options":{"image_generator_settings":{"template":"highway","default_image_id":0,"font":"","enabled":false},"version":2}},"categories":[3,20,12],"tags":[],"class_list":["post-33691","post","type-post","status-publish","format-standard","has-post-thumbnail","hentry","category-novosti","category-obavijesti-o-smrti-i-nekrolozi","category-knjizevnost"],"acf":{"facebook_opis":""},"jetpack_publicize_connections":[],"jetpack_featured_media_url":"https:\/\/i0.wp.com\/historiografija.hr\/wp-content\/uploads\/2022\/12\/HME.jpg?fit=704%2C396&ssl=1","jetpack_sharing_enabled":true,"jetpack-related-posts":[],"_links":{"self":[{"href":"https:\/\/historiografija.hr\/index.php?rest_route=\/wp\/v2\/posts\/33691","targetHints":{"allow":["GET"]}}],"collection":[{"href":"https:\/\/historiografija.hr\/index.php?rest_route=\/wp\/v2\/posts"}],"about":[{"href":"https:\/\/historiografija.hr\/index.php?rest_route=\/wp\/v2\/types\/post"}],"author":[{"embeddable":true,"href":"https:\/\/historiografija.hr\/index.php?rest_route=\/wp\/v2\/users\/2"}],"replies":[{"embeddable":true,"href":"https:\/\/historiografija.hr\/index.php?rest_route=%2Fwp%2Fv2%2Fcomments&post=33691"}],"version-history":[{"count":2,"href":"https:\/\/historiografija.hr\/index.php?rest_route=\/wp\/v2\/posts\/33691\/revisions"}],"predecessor-version":[{"id":33722,"href":"https:\/\/historiografija.hr\/index.php?rest_route=\/wp\/v2\/posts\/33691\/revisions\/33722"}],"wp:featuredmedia":[{"embeddable":true,"href":"https:\/\/historiografija.hr\/index.php?rest_route=\/wp\/v2\/media\/33692"}],"wp:attachment":[{"href":"https:\/\/historiografija.hr\/index.php?rest_route=%2Fwp%2Fv2%2Fmedia&parent=33691"}],"wp:term":[{"taxonomy":"category","embeddable":true,"href":"https:\/\/historiografija.hr\/index.php?rest_route=%2Fwp%2Fv2%2Fcategories&post=33691"},{"taxonomy":"post_tag","embeddable":true,"href":"https:\/\/historiografija.hr\/index.php?rest_route=%2Fwp%2Fv2%2Ftags&post=33691"}],"curies":[{"name":"wp","href":"https:\/\/api.w.org\/{rel}","templated":true}]}}