{"id":33684,"date":"2022-12-05T21:34:10","date_gmt":"2022-12-05T21:34:10","guid":{"rendered":"http:\/\/historiografija.hr\/?p=33684"},"modified":"2022-12-05T21:34:27","modified_gmt":"2022-12-05T21:34:27","slug":"predstavljanje-knjige-tri-prijatelja-iz-novog-zrina-roman-iz-doba-hrvatskoga-bana-nikole-vii-zrinskoga","status":"publish","type":"post","link":"https:\/\/historiografija.hr\/?p=33684","title":{"rendered":"Predstavljanje knjige Tri prijatelja iz Novoga Zrina \u2013 roman iz doba hrvatskoga bana Nikole VII. Zrinskoga"},"content":{"rendered":"\n<p>Srijeda 7. prosinca 2022. godine u 19 sati.\u00a0Matica hrvatska, Dvorana Jure Petri\u010devi\u0107a,\u00a0Ulica Matice hrvatske 2 \/ Strossmayerov trg 4.<\/p>\n\n\n\n<hr class=\"wp-block-separator\"\/>\n\n\n\n<p><strong>OGRANAK MATICE HRVATSKE U \u010cAKOVCU<\/strong><br>i<br><strong>DRU\u0160TVO ME\u0110IMURACA U ZAGREBU<\/strong><\/p>\n\n\n\n<p>pozivaju Vas na predstavljanje knjige&nbsp;<br><em>Ignacija Aurelija Fesslera<\/em><br><br><strong><em>TRI PRIJATELJA IZ NOVOG ZRINA<\/em><\/strong><br><strong><em>roman iz doba hrvatskoga bana<\/em><\/strong><br><strong><em>Nikole VII. Zrinskoga<\/em><\/strong><\/p>\n\n\n\n<p>knjigu je priredio Alojz Jembrih, a nagra\u0111ena je i<br>Zlatnom poveljom Matice hrvatske<\/p>\n\n\n\n<p>Pridru\u017eite nam se i na degustaciji vina sorte<br>&#8220;pu\u0161ipel&#8221; i drugih me\u0111imurskih delicija!<\/p>\n\n\n\n<hr class=\"wp-block-separator\"\/>\n\n\n\n<p>Izvor:<\/p>\n\n\n\n<p><a href=\"https:\/\/www.matica.hr\/zbivanja\/predstavljanje-knjige-tri-prijatelja-iz-novog-zrina-ogranka-matice-hrvatske-u-cakovcu-3579\/\">https:\/\/www.matica.hr\/zbivanja\/predstavljanje-knjige-tri-prijatelja-iz-novog-zrina-ogranka-matice-hrvatske-u-cakovcu-3579\/<\/a><\/p>\n\n\n\n<hr class=\"wp-block-separator\"\/>\n","protected":false},"excerpt":{"rendered":"","protected":false},"author":2,"featured_media":33685,"comment_status":"open","ping_status":"open","sticky":false,"template":"","format":"standard","meta":{"_acf_changed":false,"jetpack_post_was_ever_published":false,"_jetpack_newsletter_access":"","_jetpack_dont_email_post_to_subs":false,"_jetpack_newsletter_tier_id":0,"_jetpack_memberships_contains_paywalled_content":false,"_jetpack_memberships_contains_paid_content":false,"footnotes":"","jetpack_publicize_message":"","jetpack_publicize_feature_enabled":true,"jetpack_social_post_already_shared":true,"jetpack_social_options":{"image_generator_settings":{"template":"highway","default_image_id":0,"font":"","enabled":false},"version":2}},"categories":[3,12],"tags":[],"class_list":["post-33684","post","type-post","status-publish","format-standard","has-post-thumbnail","hentry","category-novosti","category-knjizevnost"],"acf":{"facebook_opis":""},"jetpack_publicize_connections":[],"jetpack_featured_media_url":"https:\/\/i0.wp.com\/historiografija.hr\/wp-content\/uploads\/2022\/12\/pozivnica_matice_hrvatske.png?fit=680%2C483&ssl=1","jetpack_sharing_enabled":true,"jetpack-related-posts":[],"_links":{"self":[{"href":"https:\/\/historiografija.hr\/index.php?rest_route=\/wp\/v2\/posts\/33684","targetHints":{"allow":["GET"]}}],"collection":[{"href":"https:\/\/historiografija.hr\/index.php?rest_route=\/wp\/v2\/posts"}],"about":[{"href":"https:\/\/historiografija.hr\/index.php?rest_route=\/wp\/v2\/types\/post"}],"author":[{"embeddable":true,"href":"https:\/\/historiografija.hr\/index.php?rest_route=\/wp\/v2\/users\/2"}],"replies":[{"embeddable":true,"href":"https:\/\/historiografija.hr\/index.php?rest_route=%2Fwp%2Fv2%2Fcomments&post=33684"}],"version-history":[{"count":2,"href":"https:\/\/historiografija.hr\/index.php?rest_route=\/wp\/v2\/posts\/33684\/revisions"}],"predecessor-version":[{"id":33687,"href":"https:\/\/historiografija.hr\/index.php?rest_route=\/wp\/v2\/posts\/33684\/revisions\/33687"}],"wp:featuredmedia":[{"embeddable":true,"href":"https:\/\/historiografija.hr\/index.php?rest_route=\/wp\/v2\/media\/33685"}],"wp:attachment":[{"href":"https:\/\/historiografija.hr\/index.php?rest_route=%2Fwp%2Fv2%2Fmedia&parent=33684"}],"wp:term":[{"taxonomy":"category","embeddable":true,"href":"https:\/\/historiografija.hr\/index.php?rest_route=%2Fwp%2Fv2%2Fcategories&post=33684"},{"taxonomy":"post_tag","embeddable":true,"href":"https:\/\/historiografija.hr\/index.php?rest_route=%2Fwp%2Fv2%2Ftags&post=33684"}],"curies":[{"name":"wp","href":"https:\/\/api.w.org\/{rel}","templated":true}]}}