{"id":3368,"date":"2017-03-15T17:44:04","date_gmt":"2017-03-15T17:44:04","guid":{"rendered":"http:\/\/historiografija.hr\/?p=3368"},"modified":"2017-03-15T17:56:32","modified_gmt":"2017-03-15T17:56:32","slug":"branimir-jankovic-kolumna-javna-povijest-suocavanje-s-prosloscu-ili-sadasnjoscu","status":"publish","type":"post","link":"https:\/\/historiografija.hr\/?p=3368","title":{"rendered":"Branimir Jankovi\u0107 &#8211; Kolumna &#8220;Javna povijest&#8221; &#8211; Suo\u010davanje s pro\u0161lo\u0161\u0107u ili sada\u0161njo\u0161\u0107u?"},"content":{"rendered":"<p>Pitanje iz naslova javilo se povodom osnivanja Vije\u0107a za suo\u010davanje s posljedicama vladavine nedemokratskih re\u017eima 2. o\u017eujka 2017. godine. Spominjali su ga oni komentatori koji su mi\u0161ljenja da je umjesto fokusa na nedemokratske re\u017eime iz pro\u0161losti potrebno osvrtanje na nedemokratske pojave u sada\u0161njosti. No ve\u0107 iz same sintagme \u201csuo\u010davanje s pro\u0161lo\u0161\u0107u\u201d proizlazi da se ono odvija u sada\u0161njosti u vidu aktualnog suo\u010davanja s onim \u0161to je pro\u0161lo. Pritom je naglasak na suo\u010davanju s onim aspektima povijesti koji su za nas neugodni. Koncept je u Hrvatskoj najvi\u0161e promovirala udruga Documenta \u2013 Centar za suo\u010davanje s pro\u0161lo\u0161\u0107u, pri \u010demu je izlo\u017eena stalnim javnim napadima. Uklju\u010divanje koncepta suo\u010davanja s pro\u0161lo\u0161\u0107u u opseg djelovanja Vije\u0107a zna\u010di u odre\u0111enoj mjeri priznavanje va\u017enosti te problematike za koju se toliko zalagala Documenta. Sadr\u017eajni su naglasci ipak bitno druga\u010diji, stoga Documenta nije zastupljena u Vije\u0107u.<\/p>\n<p>&nbsp;<\/p>\n<p>Upu\u0107ivanje komentatora na sada\u0161njost mo\u017eemo me\u0111utim iskoristiti za dodatno podsje\u0107anje na to koliko je va\u017ean na\u010din na koji se odnosimo prema pro\u0161losti upravo u suvremenosti. Iako se \u010dini da se povjesni\u010dari bave isklju\u010divo pro\u0161lo\u0161\u0107u, jo\u0161 je britanski povjesni\u010dar Edward H. Carr prije pola stolje\u0107a efektno upozorio da je povijest \u201ebeskona\u010dan dijalog izme\u0111u sada\u0161njosti i pro\u0161losti\u201c (<em>\u0160to je povijest?<\/em>, 2004, str. 24). Povjesni\u010dari dakle neizbje\u017eno govore o povijesti iz sada\u0161njosti za sada\u0161njost, izdvajaju\u0107i afirmativno ili kriti\u010dko\/polemi\u010dko zna\u010denje koje ona ima za suvremenost, a potencijalno i za budu\u0107nost. Zbog toga bi i sada\u0161njost trebala biti dio povjesni\u010darevog horizonta.<\/p>\n<p>&nbsp;<\/p>\n<p>Govoriti o povijesti u sada\u0161njosti nije me\u0111utim ekskluzivni privilegij povjesni\u010dara jer u tom govoru sudjeluju i nastavnici u \u0161kolama, novinari u medijima, pravnici u sudstvu\u2026, bez obzira \u0161to za svakog od njih povijest ima druga\u010diju funkciju. Usmjerenje u sklopu povijesne znanosti koje nazivamo \u201ejavna povijest\u201c ukazuje da s povije\u0161\u0107u u javnoj sferi aktivno barataju gotovo svi: dr\u017eavne i strana\u010dke politike povijesti, brojne skupine poput ratnih veterana i nevladinih organizacija, masovni mediji i popularna kultura, muzeji i turizam, \u0161kole i fakulteti, pojedinci i obitelji koji su tu povijest pre\u017eivjeli, kao i sama historiografija koja ju nastoji rekonstruirati i objasniti. Svi oni sudjeluju u simboli\u010dkim borbama oko interpretacija, zna\u010denja i vrednovanja povijesti. (Razumljivo je stoga \u0161to sastav Vije\u0107a \u010dine predstavnici razli\u010ditih struka, ali dr\u017eim nedostatkom izostanak nastavnika u \u0161kolama ili predstavnika udruga civilnog dru\u0161tva.) U tim su borbama povjesni\u010dari izravno zainteresirani sudionici na temelju vlastitih \u2013 \u0161iroko shva\u0107enih \u2013 ideolo\u0161kih pozicija. Zbog toga povijest ne le\u017ei netaknuta u izvorima ili me\u0111u svjedocima nego je, kako je primjerice isticao britanski povjesni\u010dar Raphael Samuel, dru\u0161tveno oblikovano znanje (<em>The Public History Reader<\/em>, 2013, xxi).<\/p>\n<p>&nbsp;<\/p>\n<p>Kompetitivni pogledi na povijest \u2013 koja \u201erazli\u010ditim grupama zna\u010di razli\u010dite stvari\u201c \u2013 me\u0111usobno se bore za interpretacije, zna\u010denja i vrednovanja, ne ostavljaju\u0107i mogu\u0107nost postizanja konsenzusa ili uspostavljanja kakve jednozna\u010dne slu\u017ebene povijesti. Iz toga razloga, prema Keithu Jenkinsu, \u201esvaki (privremeni) konsenzus mo\u017ee se posti\u0107i jedino kad dominantni glasovi mogu u\u0161utkati one druge\u201c (<em>Promi\u0161ljanje historije<\/em>, 2008, str. 35 i 37). O\u010dito je dakle da povijest neminovno ostaje mjesto stalnih rasprava i prijepora. Stoga je, osim ukazivanja na to \u010diju argumentaciju valja dr\u017eati to\u010dnijom ili relevantnijom, potrebno oti\u0107i korak dalje te nastojati opisati i dru\u0161tvene i intelektualne uvjete u kojima se odvija javni govor o povijesnim kontroverzama.<\/p>\n<p>&nbsp;<\/p>\n<p>Primjerice, zamjetno je da je u simboli\u010dkim borbama oko povijesnih sporova u Hrvatskoj naglasak na pravnom aspektu. To uklju\u010duje pitanje zabrane upotrebe pozdrava \u201eZa dom spremni\u201c ili pak uklanjanja imena Josipa Broza Tita iz naziva ulica i trgova; od povjesni\u010dara se tra\u017ei da jasno osude sve zlo\u010dine; da ustvrde za\u0161to krivci za poslijeratne zlo\u010dine nisu ka\u017enjeni; zahtijeva se potpuno otvaranje arhiv\u00e2 biv\u0161e Jugoslavije zbog lustracijskih namjera ili mogu\u0107e kaznene odgovornosti itd. Usprkos javne dominacije spomenutog pravnog aspekta, treba re\u0107i da on ipak nije primarni zadatak povjesni\u010dara ili je to samo svojim dijelom.<\/p>\n<p>&nbsp;<\/p>\n<p>Naime, u ovoj kolumni \u010desto spominjani francuski povjesni\u010dar Marc Bloch napominjao je kako sudac izri\u010de presude, a povjesni\u010dar obja\u0161njava, isti\u010du\u0107i sljede\u0107e: \u201eNa\u017ealost, stalnim se su\u0111enjem na kraju gotovo sudbonosno gubi \u010dak i \u017eelja za obja\u0161njenjem. Kad strasti prema pro\u0161losti pomije\u0161aju svoje odraze s opredjeljenjima sada\u0161njosti, pogled se nepovratno muti i, nalik svijetu manihejaca, ljudska je realnost jo\u0161 samo crno-bijela slika.\u201c (<em>Apologija historije ili zanat povjesni\u010dara<\/em>, 2008, str. 135). Nadalje, francuski povjesni\u010dar Henry Rousso \u201eodbio se pojaviti na procesu kolaboracionistu Mauriceu Paponu rekav\u0161i da ne treba brkati ulogu povjesni\u010dara i suca\u201c (<em>Europski glasnik<\/em>, 21, 2016, str. 209). O razli\u010ditim ulogama suca i povjesni\u010dara poznati talijanski povjesni\u010dar Carlo Ginzburg objavio je zasebnu knjigu (englesko izdanje <em>The Judge and the Historian<\/em>). O toj su temi, koja zaslu\u017euje posebnu kolumnu, pisali i mnogi drugi autori.<\/p>\n<p>&nbsp;<\/p>\n<p>Nadalje, kontinuirane pojave \u2013 razli\u010ditog intenziteta \u2013 upotrebe usta\u0161kog pozdrava \u201eZa dom spremni\u201c i \u2013 razli\u010dito argumentirani \u2013 poku\u0161aji opravdanja (\u0161to je i potaknulo osnivanje Vije\u0107a), osim pitanja pravnog sankcioniranja ili zabrane svjedo\u010de i nedovoljnu spremnost potpunog odmicanja od naslje\u0111a NDH. Iako se u javnom govoru \u010desto \u010duje da su usta\u0161ki re\u017eim i NDH \u201eosu\u0111eni\u201c, a zlo\u010dinci \u201eka\u017enjeni\u201c, hrvatsko dru\u0161tvo nije pro\u0161lo onakvo suo\u010davanje s vlastitom fa\u0161isti\u010dkom pro\u0161lo\u0161\u0107u kakvo je provelo njema\u010dko dru\u0161tvo. Pritom nije rije\u010d samo o pitanju direktne (kaznene, sudske, pravne) odgovornosti skupina i pojedinaca za zlo\u010dine i sudjelovanje u re\u017eimu obilje\u017eenog genocidnim namjerama i primjenom rasnih zakona \u0161to su se odnosili i na \u017eene i djecu nego o pitanju \u0161ire odgovornosti za ono u \u010demu su sudjelovali pripadnici vlastitog naroda. Rije\u010dima Miljenka Jergovi\u0107a, \u201ene, naravno da svaki Hrvat, onaj koji je do\u017eivio Drugi svjetski rat, kao ni onaj koji se rodio poslije rata, nije odgovoran za usta\u0161tvo. Ali svaki je odgovoran pred usta\u0161tvom\u201c (<a href=\"http:\/\/www.jergovic.com\/ajfelov-most\/borba-s-hrvatom-u-sebi\/\">http:\/\/www.jergovic.com\/ajfelov-most\/borba-s-hrvatom-u-sebi\/<\/a>).<\/p>\n<p>&nbsp;<\/p>\n<p>Zasigurno jednim dijelom i u nespremnosti za potpunije suo\u010davanje s tom dionicom vlastite povijesti valja tra\u017eiti tako ra\u0161ireno prihva\u0107anje teze o dvama totalitarizmima. Rezolucija Europskog parlamenta o europskoj savjesti i totalitarizmu upotrebljava se na lokalnoj razini za objedinjenu osudu oba totalitarizma (fa\u0161isti\u010dkog i komunisti\u010dkog), \u0161to je uz protivljenje svim totalitarizmima postala naj\u010de\u0161\u0107a fraza doma\u0107ih politi\u010dara kad ih se upita za osudu pozdrava \u201eZa dom spremni\u201c ili NDH. Pritom se osuda komunisti\u010dkog totalitarizma znatnim dijelom koristi i za uspostavljanje protute\u017ee koja ne obvezuje na suo\u010davanje s fa\u0161isti\u010dkom pro\u0161lo\u0161\u0107u. To je za dodatnu posljedicu imalo potpuni gubitak bilo kakvog mjesta za antifa\u0161izam u cjelini (proskribirano izjedna\u010den s komunisti\u010dkim re\u017eimom), \u0161to je u kontekstu govora o hrvatskoj povijesti neodr\u017eivo i neprekidno gomila kontradikcije i otpore.<\/p>\n<p>&nbsp;<\/p>\n<p>Bez takvih bi strategija uspostave protute\u017ee i poku\u0161aja izjedna\u010davanja NDH i komunisti\u010dke Jugoslavije bilo zaista potpuno opravdano upu\u0107ivanje na potrebu intenzivnijeg suo\u010davanja s poslijeratnim zlo\u010dinima 1945. godine, logorom Goli otok, djelovanjem Udbe i nizom drugih nasilnih praksi. Treba stoga napomenuti da je Vije\u0107e, izbjegavaju\u0107i spomenuto izjedna\u010davanje, navelo da \u0107e \u201euva\u017eiti razlike koje su postojale izme\u0111u pojedinih oblika nedemokratskih re\u017eima\u201c. Isto tako, mogu\u0107e je da se Vije\u0107e odlu\u010dilo za termin \u201enedemokratski\u201c (umjesto totalitarni) re\u017eimi svjesno da o pitanju totalitarizma socijalisti\u010dke\/komunisti\u010dke Jugoslavije \u2013 kao uostalom i o bilanci jugoslavenskog i socijalisti\u010dkog\/komunisti\u010dkog iskustva \u2013 postoje vrlo razli\u010dita mi\u0161ljenja. Vi\u0161estrukost perspektiva u tom slu\u010daju o\u010dito nije mogu\u0107e svesti na jedan dominantni sud.<\/p>\n<p>&nbsp;<\/p>\n<p>Iako je sintagmom \u201enedemokratski re\u017eimi\u201c nazna\u010deno da se suo\u010davanje s (neugodnom) pro\u0161lo\u0161\u0107u ne\u0107e odnositi na 1990-e godine, javni govor o Domovinskom ratu povezan je s pitanjem odnosa prema naslje\u0111u 20. stolje\u0107a inzistiranjem dijela politi\u010dara, medija i povjesni\u010dara da se Republika Hrvatska temelji samo na Domovinskom ratu. Time se isklju\u010duje sve prije toga, poput lokalnog sudjelovanja u globalnoj antifa\u0161isti\u010dkoj borbi. K tome su uvjeti govora o Domovinskom ratu dodatno stegnuti proklamiranim zahtjevom \u010duvanja istine o njemu. Neovisno od problematike 1990-ih, name\u0107e se potreba kriti\u010dnijeg odnosa povjesni\u010dara prema nacionalizmu i nacionalizmu u historiografiji.<\/p>\n<p>&nbsp;<\/p>\n<p>Posebno va\u017ean pokazatelj za razumijevanje mjesta povjesni\u010dara u javnosti jest da njihovi tekstovi, intervjui i izjave o nekim od navedenih povijesnih prijepora nimalo ne utje\u010du na potencijalno modificiranje mi\u0161ljenja kod suprotstavljenog im dijela \u0161ire publike. Povjesni\u010dari slu\u017ee javnosti \u2013 na jednom ili drugom polu \u2013 samo za potvrdu ve\u0107 postoje\u0107ih stavova. Dru\u0161tvena odgovornost povjesni\u010dara stoga bi trebala biti ne samo u kriti\u010dkom oponiranju suprotnoj strani nego i vlastitoj ciljanoj publici. Dru\u0161tvena uloga povjesni\u010dara krucijalna je tema koju \u0107u zato obra\u0111ivati u zasebnoj kolumni.<\/p>\n<p>&nbsp;<\/p>\n<p>&nbsp;<\/p>\n<p>&nbsp;<\/p>\n<p>&#8212;<\/p>\n<p>&nbsp;<\/p>\n<p>&nbsp;<\/p>\n<p>Prethodna kolumna:<\/p>\n<p>&nbsp;<\/p>\n<p><a href=\"https:\/\/historiografija.hr\/?p=2003\">https:\/\/historiografija.hr\/?p=2003<\/a><\/p>\n<p>&nbsp;<\/p>\n<p>&nbsp;<\/p>\n","protected":false},"excerpt":{"rendered":"","protected":false},"author":2,"featured_media":0,"comment_status":"open","ping_status":"open","sticky":false,"template":"","format":"standard","meta":{"_acf_changed":false,"jetpack_post_was_ever_published":false,"_jetpack_newsletter_access":"","_jetpack_dont_email_post_to_subs":true,"_jetpack_newsletter_tier_id":0,"_jetpack_memberships_contains_paywalled_content":false,"_jetpack_memberships_contains_paid_content":false,"footnotes":"","jetpack_publicize_message":"","jetpack_publicize_feature_enabled":true,"jetpack_social_post_already_shared":true,"jetpack_social_options":{"image_generator_settings":{"template":"highway","default_image_id":0,"font":"","enabled":false},"version":2}},"categories":[4],"tags":[],"class_list":["post-3368","post","type-post","status-publish","format-standard","hentry","category-osvrti"],"acf":{"facebook_opis":""},"jetpack_publicize_connections":[],"jetpack_featured_media_url":"","jetpack_sharing_enabled":true,"jetpack-related-posts":[{"id":52502,"url":"https:\/\/historiografija.hr\/?p=52502","url_meta":{"origin":3368,"position":0},"title":"Novi znanstveni projekt Hrvatskog instituta za povijest: \u201c\u017drtve ratova i dr\u017eavnog\/politi\u010dkog nasilja u hrvatskoj povijesti 20. stolje\u0107a\u201d","author":"Branimir Jankovi\u0107","date":"17. travnja 2026.","format":false,"excerpt":"Na redovitoj sjednici Vlade RH, 16. travnja 2026., donijet je Zaklju\u010dak kojim se pokre\u0107e znanstveni projekt \u201c\u017drtve ratova i dr\u017eavnog\/politi\u010dkog nasilja u hrvatskoj povijesti 20. stolje\u0107a\u201d. Projekt \u0107e provoditi i koordinirati Hrvatski institut za povijest u razdoblju trajanja projekta od pet godina. Zakljucak Vlade RH Iz teksta projektnog prijedloga: Problematika\u2026","rel":"","context":"U &quot;Novosti&quot;","block_context":{"text":"Novosti","link":"https:\/\/historiografija.hr\/?cat=3"},"img":{"alt_text":"","src":"https:\/\/i0.wp.com\/historiografija.hr\/wp-content\/uploads\/2026\/04\/Vlada-RH.jpg?fit=1200%2C557&ssl=1&resize=350%2C200","width":350,"height":200,"srcset":"https:\/\/i0.wp.com\/historiografija.hr\/wp-content\/uploads\/2026\/04\/Vlada-RH.jpg?fit=1200%2C557&ssl=1&resize=350%2C200 1x, https:\/\/i0.wp.com\/historiografija.hr\/wp-content\/uploads\/2026\/04\/Vlada-RH.jpg?fit=1200%2C557&ssl=1&resize=525%2C300 1.5x, https:\/\/i0.wp.com\/historiografija.hr\/wp-content\/uploads\/2026\/04\/Vlada-RH.jpg?fit=1200%2C557&ssl=1&resize=700%2C400 2x, https:\/\/i0.wp.com\/historiografija.hr\/wp-content\/uploads\/2026\/04\/Vlada-RH.jpg?fit=1200%2C557&ssl=1&resize=1050%2C600 3x"},"classes":[]},{"id":52505,"url":"https:\/\/historiografija.hr\/?p=52505","url_meta":{"origin":3368,"position":1},"title":"Izlo\u017eba &#8220;Eschenstock \/ Jasenov prut&#8221;","author":"Branimir Jankovi\u0107","date":"17. travnja 2026.","format":false,"excerpt":"Srpsko narodno vije\u0107e (SNV) i Vizura aperta postavljaju izlo\u017ebu \u0161vicarskog slikara Velimira Ili\u0161evi\u0107a: Eschenstock \/ Jasenov prut. Izlo\u017eba se uz prisustvo autora otvara povodom 81. godi\u0161njice proboja logora\u0161a iz usta\u0161kog logora smrti Jasenovac 22. aprila 2026. u 19 sati u Srpskom kulturnom centru (SKC) u Preradovi\u0107evoj ulici 21 u Zagrebu.\u2026","rel":"","context":"U &quot;Izlo\u017ebe&quot;","block_context":{"text":"Izlo\u017ebe","link":"https:\/\/historiografija.hr\/?cat=10"},"img":{"alt_text":"","src":"https:\/\/i0.wp.com\/historiografija.hr\/wp-content\/uploads\/2026\/04\/Jasenov_prut.jpg?fit=1024%2C640&ssl=1&resize=350%2C200","width":350,"height":200,"srcset":"https:\/\/i0.wp.com\/historiografija.hr\/wp-content\/uploads\/2026\/04\/Jasenov_prut.jpg?fit=1024%2C640&ssl=1&resize=350%2C200 1x, https:\/\/i0.wp.com\/historiografija.hr\/wp-content\/uploads\/2026\/04\/Jasenov_prut.jpg?fit=1024%2C640&ssl=1&resize=525%2C300 1.5x, https:\/\/i0.wp.com\/historiografija.hr\/wp-content\/uploads\/2026\/04\/Jasenov_prut.jpg?fit=1024%2C640&ssl=1&resize=700%2C400 2x"},"classes":[]},{"id":52511,"url":"https:\/\/historiografija.hr\/?p=52511","url_meta":{"origin":3368,"position":2},"title":"Izlo\u017eba &#8220;Lica Sljemena&#8221;","author":"Branimir Jankovi\u0107","date":"17. travnja 2026.","format":false,"excerpt":"Srda\u010dno vas pozivamo na otvorenje izlo\u017ebe Lica Sljemena koje \u0107e se odr\u017eati u srijedu 22. travnja 2026. u 18 h ispred Muzeja Prigorja (Trg Dragutina Domjani\u0107a 5, Sesvete). Izlo\u017eba proizlazi iz istra\u017eivanja Nevene \u0160krbi\u0107 Alempijevi\u0107, Petre Kelemen i Sanje Potkonjak te intervjua sa Sljemena\u0161icama i Sljemena\u0161ima, koji su provedeni u\u2026","rel":"","context":"U &quot;Izlo\u017ebe&quot;","block_context":{"text":"Izlo\u017ebe","link":"https:\/\/historiografija.hr\/?cat=10"},"img":{"alt_text":"","src":"https:\/\/i0.wp.com\/historiografija.hr\/wp-content\/uploads\/2026\/04\/Izlozba-Lica-Sljemena.png?fit=1080%2C686&ssl=1&resize=350%2C200","width":350,"height":200,"srcset":"https:\/\/i0.wp.com\/historiografija.hr\/wp-content\/uploads\/2026\/04\/Izlozba-Lica-Sljemena.png?fit=1080%2C686&ssl=1&resize=350%2C200 1x, https:\/\/i0.wp.com\/historiografija.hr\/wp-content\/uploads\/2026\/04\/Izlozba-Lica-Sljemena.png?fit=1080%2C686&ssl=1&resize=525%2C300 1.5x, https:\/\/i0.wp.com\/historiografija.hr\/wp-content\/uploads\/2026\/04\/Izlozba-Lica-Sljemena.png?fit=1080%2C686&ssl=1&resize=700%2C400 2x, https:\/\/i0.wp.com\/historiografija.hr\/wp-content\/uploads\/2026\/04\/Izlozba-Lica-Sljemena.png?fit=1080%2C686&ssl=1&resize=1050%2C600 3x"},"classes":[]},{"id":52536,"url":"https:\/\/historiografija.hr\/?p=52536","url_meta":{"origin":3368,"position":3},"title":"Kader Abdolah, \u201ePrije nego \u0161to bude kasno\u201c","author":"Branimir Jankovi\u0107","date":"20. travnja 2026.","format":false,"excerpt":"Kader Abdolah \u017eeli se vratiti ku\u0107i. Ali povratak je nemogu\u0107: u Iranu bi bio uhap\u0161en. Pod la\u017enim imenom i s krivotvorenim paso\u0161em ipak uspijeva u\u0107i u domovinu i sti\u017ee do roditeljske ku\u0107e, visoko u planinama. Majka ga ne prepoznaje, otac je mrtav, a sve \u0161to je tra\u017eio izmi\u010de mu pred\u2026","rel":"","context":"U &quot;Novosti&quot;","block_context":{"text":"Novosti","link":"https:\/\/historiografija.hr\/?cat=3"},"img":{"alt_text":"","src":"https:\/\/i0.wp.com\/historiografija.hr\/wp-content\/uploads\/2026\/04\/Prije-nego-sto-bude-kasno.webp?fit=566%2C872&ssl=1&resize=350%2C200","width":350,"height":200,"srcset":"https:\/\/i0.wp.com\/historiografija.hr\/wp-content\/uploads\/2026\/04\/Prije-nego-sto-bude-kasno.webp?fit=566%2C872&ssl=1&resize=350%2C200 1x, https:\/\/i0.wp.com\/historiografija.hr\/wp-content\/uploads\/2026\/04\/Prije-nego-sto-bude-kasno.webp?fit=566%2C872&ssl=1&resize=525%2C300 1.5x"},"classes":[]},{"id":52660,"url":"https:\/\/historiografija.hr\/?p=52660","url_meta":{"origin":3368,"position":4},"title":"Medijski odjeci \u010dlanka Steve \u0110ura\u0161kovi\u0107a \u201e\u017dupanovljeva ne\u017eeljena djeca: ideolo\u0161ko pribli\u017eavanje neoliberala i kr\u0161\u0107anske radikalne desnice u Hrvatskoj\u201c","author":"Branimir Jankovi\u0107","date":"24. travnja 2026.","format":false,"excerpt":"U sklopu projekta \u201eIzazovi intelektualne povijesti: recepcije, preobrazbe i upotrebe politi\u010dkih ideja\u201c objavljen je polemi\u010dki \u010dlanak Steve \u0110ura\u0161kovi\u0107a \u201e\u017dupanovljeva ne\u017eeljena djeca: ideolo\u0161ko pribli\u017eavanje neoliberala i kr\u0161\u0107anske radikalne desnice u Hrvatskoj\u201c, koji je izazvao odre\u0111ene medijske reakcije. Stevo \u0110ura\u0161kovi\u0107 \u017dupanovljeva ne\u017eeljena djeca: ideolo\u0161ko pribli\u017eavanje neoliberala i kr\u0161\u0107anske radikalne desnice u Hrvatskoj\u2026","rel":"","context":"U &quot;Novosti&quot;","block_context":{"text":"Novosti","link":"https:\/\/historiografija.hr\/?cat=3"},"img":{"alt_text":"","src":"https:\/\/i0.wp.com\/historiografija.hr\/wp-content\/uploads\/2026\/04\/SD.png?fit=809%2C821&ssl=1&resize=350%2C200","width":350,"height":200,"srcset":"https:\/\/i0.wp.com\/historiografija.hr\/wp-content\/uploads\/2026\/04\/SD.png?fit=809%2C821&ssl=1&resize=350%2C200 1x, https:\/\/i0.wp.com\/historiografija.hr\/wp-content\/uploads\/2026\/04\/SD.png?fit=809%2C821&ssl=1&resize=525%2C300 1.5x, https:\/\/i0.wp.com\/historiografija.hr\/wp-content\/uploads\/2026\/04\/SD.png?fit=809%2C821&ssl=1&resize=700%2C400 2x"},"classes":[]},{"id":52508,"url":"https:\/\/historiografija.hr\/?p=52508","url_meta":{"origin":3368,"position":5},"title":"Glazbena radionica \u201eDUGMETARA REVISITED\u201c","author":"Branimir Jankovi\u0107","date":"17. travnja 2026.","format":false,"excerpt":"DUGMETARA REVISITED glazbena radionica vodi: Ana Horvat 13., 20. i 27. travnja, od 18 do 20 sati Radiona, Nova cesta 186 Na tri radioni\u010dka susreta uranjamo u naslje\u0111e Dugmetare, biv\u0161e tvornice dugmadi na Savskoj cesti koja je po\u010detkom 2000-ih igrom slu\u010daja postala \u017eivo, jedinstveno mjesto glazbene proizvodnje. Svoje su probe\u2026","rel":"","context":"U &quot;Novosti&quot;","block_context":{"text":"Novosti","link":"https:\/\/historiografija.hr\/?cat=3"},"img":{"alt_text":"","src":"https:\/\/i0.wp.com\/historiografija.hr\/wp-content\/uploads\/2026\/04\/TRESNJA_TRESTI.jpg?fit=380%2C475&ssl=1&resize=350%2C200","width":350,"height":200},"classes":[]}],"_links":{"self":[{"href":"https:\/\/historiografija.hr\/index.php?rest_route=\/wp\/v2\/posts\/3368","targetHints":{"allow":["GET"]}}],"collection":[{"href":"https:\/\/historiografija.hr\/index.php?rest_route=\/wp\/v2\/posts"}],"about":[{"href":"https:\/\/historiografija.hr\/index.php?rest_route=\/wp\/v2\/types\/post"}],"author":[{"embeddable":true,"href":"https:\/\/historiografija.hr\/index.php?rest_route=\/wp\/v2\/users\/2"}],"replies":[{"embeddable":true,"href":"https:\/\/historiografija.hr\/index.php?rest_route=%2Fwp%2Fv2%2Fcomments&post=3368"}],"version-history":[{"count":4,"href":"https:\/\/historiografija.hr\/index.php?rest_route=\/wp\/v2\/posts\/3368\/revisions"}],"predecessor-version":[{"id":3372,"href":"https:\/\/historiografija.hr\/index.php?rest_route=\/wp\/v2\/posts\/3368\/revisions\/3372"}],"wp:attachment":[{"href":"https:\/\/historiografija.hr\/index.php?rest_route=%2Fwp%2Fv2%2Fmedia&parent=3368"}],"wp:term":[{"taxonomy":"category","embeddable":true,"href":"https:\/\/historiografija.hr\/index.php?rest_route=%2Fwp%2Fv2%2Fcategories&post=3368"},{"taxonomy":"post_tag","embeddable":true,"href":"https:\/\/historiografija.hr\/index.php?rest_route=%2Fwp%2Fv2%2Ftags&post=3368"}],"curies":[{"name":"wp","href":"https:\/\/api.w.org\/{rel}","templated":true}]}}