{"id":33676,"date":"2022-12-02T23:15:53","date_gmt":"2022-12-02T23:15:53","guid":{"rendered":"http:\/\/historiografija.hr\/?p=33676"},"modified":"2022-12-02T23:19:52","modified_gmt":"2022-12-02T23:19:52","slug":"medunarodni-kolokvij-gospodarska-diplomacija-obavjestajne-misije-trgovaca-obrtnika-i-umjetnika","status":"publish","type":"post","link":"https:\/\/historiografija.hr\/?p=33676","title":{"rendered":"Me\u0111unarodni kolokvij \u201eGospodarska diplomacija: obavje\u0161tajne misije trgovaca, obrtnika i umjetnika\u201c"},"content":{"rendered":"\n<p>5 DECEMBER 2022<\/p>\n\n\n\n<p>INTERNATIONAL COLLOQUIUM<\/p>\n\n\n\n<p>SPY STORIES OF TRAVELLERS, MERCHANTS, ARTISANS AND ARTISTS<\/p>\n\n\n\n<hr class=\"wp-block-separator\"\/>\n\n\n\n<p>Hrvatski institut za povijest, Zagreb<\/p>\n\n\n\n<p>Hrvatska zaklada za znanost (HRZZ)<\/p>\n\n\n\n<hr class=\"wp-block-separator\"\/>\n\n\n\n<p>Program kolokvija:<\/p>\n\n\n\n<p><a href=\"http:\/\/www.isp.hr\/5-12-2022-medunarodni-kolokvij-gospodarska-diplomacija-obavjestajne-misije-trgovaca-obrtnika-i-umjetnika\/\">http:\/\/www.isp.hr\/5-12-2022-medunarodni-kolokvij-gospodarska-diplomacija-obavjestajne-misije-trgovaca-obrtnika-i-umjetnika\/<\/a><\/p>\n\n\n\n<hr class=\"wp-block-separator\"\/>\n","protected":false},"excerpt":{"rendered":"","protected":false},"author":2,"featured_media":33677,"comment_status":"open","ping_status":"open","sticky":false,"template":"","format":"standard","meta":{"_acf_changed":false,"_jetpack_newsletter_access":"","_jetpack_dont_email_post_to_subs":false,"_jetpack_newsletter_tier_id":0,"_jetpack_memberships_contains_paywalled_content":false,"_jetpack_memberships_contains_paid_content":false,"footnotes":"","jetpack_publicize_message":"","jetpack_publicize_feature_enabled":true,"jetpack_social_post_already_shared":true,"jetpack_social_options":{"image_generator_settings":{"template":"highway","default_image_id":0,"font":"","enabled":false},"version":2},"jetpack_post_was_ever_published":false},"categories":[3,9],"tags":[],"class_list":["post-33676","post","type-post","status-publish","format-standard","has-post-thumbnail","hentry","category-novosti","category-skupovi"],"acf":{"facebook_opis":""},"jetpack_publicize_connections":[],"jetpack_featured_media_url":"https:\/\/i0.wp.com\/historiografija.hr\/wp-content\/uploads\/2022\/12\/kolokvij-2022.png?fit=774%2C435&ssl=1","jetpack_sharing_enabled":true,"jetpack-related-posts":[{"id":53972,"url":"https:\/\/historiografija.hr\/?p=53972","url_meta":{"origin":33676,"position":0},"title":"Politika fikcije. Kolokvij u spomen Marija Vargasa Llose","author":"Branimir Jankovi\u0107","date":"9. lipnja 2026.","format":false,"excerpt":"Centar za teorijska istra\u017eivanja u humanistici Filozofskog fakulteta u Zagrebu poziva na jednodnevni kolokvij Politika fikcije u \u010dast lani preminuloga nobelovca i velikoga pisca Marija Vargasa Llose. Polaze\u0107i od njegova iznimnog opusa, bit \u0107e rije\u010di o odnosu knji\u017eevnosti i politike, fikcije i mo\u0107i te o ulozi pisca i umjetni\u010dkog anga\u017emana\u2026","rel":"","context":"U &quot;Novosti&quot;","block_context":{"text":"Novosti","link":"https:\/\/historiografija.hr\/?cat=3"},"img":{"alt_text":"","src":"https:\/\/i0.wp.com\/historiografija.hr\/wp-content\/uploads\/2026\/06\/MVL-2.jpg?fit=1200%2C391&ssl=1&resize=350%2C200","width":350,"height":200,"srcset":"https:\/\/i0.wp.com\/historiografija.hr\/wp-content\/uploads\/2026\/06\/MVL-2.jpg?fit=1200%2C391&ssl=1&resize=350%2C200 1x, https:\/\/i0.wp.com\/historiografija.hr\/wp-content\/uploads\/2026\/06\/MVL-2.jpg?fit=1200%2C391&ssl=1&resize=525%2C300 1.5x, https:\/\/i0.wp.com\/historiografija.hr\/wp-content\/uploads\/2026\/06\/MVL-2.jpg?fit=1200%2C391&ssl=1&resize=700%2C400 2x, https:\/\/i0.wp.com\/historiografija.hr\/wp-content\/uploads\/2026\/06\/MVL-2.jpg?fit=1200%2C391&ssl=1&resize=1050%2C600 3x"},"classes":[]},{"id":53317,"url":"https:\/\/historiografija.hr\/?p=53317","url_meta":{"origin":33676,"position":1},"title":"Izlo\u017eba &#8220;Pod okupacijom. Odgovor ukrajinskih umjetnika na traumu i uni\u0161tavanje kulturne ba\u0161tine&#8221; u Sarajevu","author":"Branimir Jankovi\u0107","date":"14. svibnja 2026.","format":false,"excerpt":"Pozivamo vas na otvorenje izlo\u017ebe Pod okupacijom. Odgovor ukrajninskih umjetnika na traumu i uni\u0161tavanje kulturne ba\u0161tine koje \u0107e se odr\u017eati 16. svibnja 2026. u 14 sati u Historijskom muzeju Bosne i Hercegovine u Sarajevu. Izlo\u017eba je posve\u0107ena onima koji su pre\u017eivjeli, pobjegli, ili ostali pod okupacijom, kao i onima koji\u2026","rel":"","context":"U &quot;Izlo\u017ebe&quot;","block_context":{"text":"Izlo\u017ebe","link":"https:\/\/historiografija.hr\/?cat=10"},"img":{"alt_text":"","src":"https:\/\/i0.wp.com\/historiografija.hr\/wp-content\/uploads\/2026\/05\/Pod-okupacijom.jpg?fit=724%2C1024&ssl=1&resize=350%2C200","width":350,"height":200,"srcset":"https:\/\/i0.wp.com\/historiografija.hr\/wp-content\/uploads\/2026\/05\/Pod-okupacijom.jpg?fit=724%2C1024&ssl=1&resize=350%2C200 1x, https:\/\/i0.wp.com\/historiografija.hr\/wp-content\/uploads\/2026\/05\/Pod-okupacijom.jpg?fit=724%2C1024&ssl=1&resize=525%2C300 1.5x, https:\/\/i0.wp.com\/historiografija.hr\/wp-content\/uploads\/2026\/05\/Pod-okupacijom.jpg?fit=724%2C1024&ssl=1&resize=700%2C400 2x"},"classes":[]},{"id":53698,"url":"https:\/\/historiografija.hr\/?p=53698","url_meta":{"origin":33676,"position":2},"title":"Me\u0111unarodni znanstveno-stru\u010dni skup &#8220;Imotska krajina u Domovinskom ratu &#8211; 35 godina poslije&#8221;","author":"Branimir Jankovi\u0107","date":"25. svibnja 2026.","format":false,"excerpt":"Me\u0111unarodni znanstveno-stru\u010dni skup Imotska krajina u Domovinskom ratu \u2013 35 godina poslije okuplja sudionike iz akademske, stru\u010dne i dru\u0161tvene zajednice s ciljem razmjene spoznaja o ulozi Imotske krajine u Domovinskom ratu te o\u010duvanja povijesne i dru\u0161tvene memorije.\u00a0 Suorganizatori i partneri skupa su: Hrvatsko vojno u\u010dili\u0161te \u201eDr. Franjo Tu\u0111man\u201d, Sveu\u010dili\u0161te obrane\u2026","rel":"","context":"U &quot;Novosti&quot;","block_context":{"text":"Novosti","link":"https:\/\/historiografija.hr\/?cat=3"},"img":{"alt_text":"","src":"https:\/\/i0.wp.com\/historiografija.hr\/wp-content\/uploads\/2026\/05\/plakat-za-WEB-2.jpg?fit=1200%2C543&ssl=1&resize=350%2C200","width":350,"height":200,"srcset":"https:\/\/i0.wp.com\/historiografija.hr\/wp-content\/uploads\/2026\/05\/plakat-za-WEB-2.jpg?fit=1200%2C543&ssl=1&resize=350%2C200 1x, https:\/\/i0.wp.com\/historiografija.hr\/wp-content\/uploads\/2026\/05\/plakat-za-WEB-2.jpg?fit=1200%2C543&ssl=1&resize=525%2C300 1.5x, https:\/\/i0.wp.com\/historiografija.hr\/wp-content\/uploads\/2026\/05\/plakat-za-WEB-2.jpg?fit=1200%2C543&ssl=1&resize=700%2C400 2x, https:\/\/i0.wp.com\/historiografija.hr\/wp-content\/uploads\/2026\/05\/plakat-za-WEB-2.jpg?fit=1200%2C543&ssl=1&resize=1050%2C600 3x"},"classes":[]},{"id":53942,"url":"https:\/\/historiografija.hr\/?p=53942","url_meta":{"origin":33676,"position":3},"title":"Radionica &#8220;Antikolonijalni putopisi: problemske perspektive u istra\u017eivanju jugoslavenskih putopisa i kulturnih reprezentacija Tre\u0107eg svijeta&#8221;","author":"Branimir Jankovi\u0107","date":"8. lipnja 2026.","format":false,"excerpt":"Dana 11. lipnja 2026. na Filozofskom fakultetu Sveu\u010dili\u0161ta u Zagrebu odr\u017eat \u0107e se radionica\u00a0\u201eAntikolonijalni putopisi: problemske perspektive u istra\u017eivanju jugoslavenskih putopisa i kulturnih reprezentacija Tre\u0107eg svijeta\u201c. Radionica se organizira u okviru projekta\u00a0SOCGLOBE, financiranog iz programa Horizon Europe (ugovor br. 101130830), u suorganizaciji Centra za teorijska istra\u017eivanja u humanistici i Odsjeka\u2026","rel":"","context":"U &quot;Novosti&quot;","block_context":{"text":"Novosti","link":"https:\/\/historiografija.hr\/?cat=3"},"img":{"alt_text":"","src":"https:\/\/i0.wp.com\/historiografija.hr\/wp-content\/uploads\/2026\/06\/Putopisi.jpg?fit=513%2C579&ssl=1&resize=350%2C200","width":350,"height":200},"classes":[]},{"id":52920,"url":"https:\/\/historiografija.hr\/?p=52920","url_meta":{"origin":33676,"position":4},"title":"Memorijalna intervencija Marka Tadi\u0107a u Rakovom Potoku","author":"Branimir Jankovi\u0107","date":"6. svibnja 2026.","format":false,"excerpt":"Privremena memorijalna umjetni\u010dka intervencija u \u010dast \u017ertava fa\u0161izma Vidi, vrata su otvorena\u00a0autora Marka Tadi\u0107a otvara se 8. svibnja, povodom Dana oslobo\u0111enja Grada Zagreba u Drugom svjetskom ratu, u spomen-parku Rakov Potok. Rakov Potok drugo je najve\u0107e mjesto masovnog stradanja tijekom Drugog svjetskog rata u Zagrebu. Mjesto gdje se danas nalazi\u2026","rel":"","context":"U &quot;Novosti&quot;","block_context":{"text":"Novosti","link":"https:\/\/historiografija.hr\/?cat=3"},"img":{"alt_text":"","src":"https:\/\/i0.wp.com\/historiografija.hr\/wp-content\/uploads\/2026\/05\/marko-tadic.jpeg?fit=600%2C600&ssl=1&resize=350%2C200","width":350,"height":200,"srcset":"https:\/\/i0.wp.com\/historiografija.hr\/wp-content\/uploads\/2026\/05\/marko-tadic.jpeg?fit=600%2C600&ssl=1&resize=350%2C200 1x, https:\/\/i0.wp.com\/historiografija.hr\/wp-content\/uploads\/2026\/05\/marko-tadic.jpeg?fit=600%2C600&ssl=1&resize=525%2C300 1.5x"},"classes":[]},{"id":52768,"url":"https:\/\/historiografija.hr\/?p=52768","url_meta":{"origin":33676,"position":5},"title":"Poziv za prijavu na me\u0111unarodni ljetni kamp za mlade \u201cYouth in Cold-War Europe\u201d","author":"Filip \u0160imunjak","date":"30. travnja 2026.","format":false,"excerpt":"Otvoren je poziv za prijavu na me\u0111unarodni ljetni kamp \"Youth in Cold-War Europe\", koji se odr\u017eava od 28.08. do 06.09. 2026. godine u Weimaru (Njema\u010dka). Kamp se odr\u017eava u organizaciji Europskog centra za obrazovanje mladih (EJBW) iz Weimara i njegovih me\u0111unarodnih partnera, te uz financijsku podr\u0161ku Europske unije i Savezne\u2026","rel":"","context":"U &quot;Novosti&quot;","block_context":{"text":"Novosti","link":"https:\/\/historiografija.hr\/?cat=3"},"img":{"alt_text":"","src":"https:\/\/i0.wp.com\/historiografija.hr\/wp-content\/uploads\/2026\/04\/LJETNI-KAMP-ZA-MLADE-YOUTH-IN-COLD-WAR-EUROPE.jpg?fit=667%2C375&ssl=1&resize=350%2C200","width":350,"height":200,"srcset":"https:\/\/i0.wp.com\/historiografija.hr\/wp-content\/uploads\/2026\/04\/LJETNI-KAMP-ZA-MLADE-YOUTH-IN-COLD-WAR-EUROPE.jpg?fit=667%2C375&ssl=1&resize=350%2C200 1x, https:\/\/i0.wp.com\/historiografija.hr\/wp-content\/uploads\/2026\/04\/LJETNI-KAMP-ZA-MLADE-YOUTH-IN-COLD-WAR-EUROPE.jpg?fit=667%2C375&ssl=1&resize=525%2C300 1.5x"},"classes":[]}],"_links":{"self":[{"href":"https:\/\/historiografija.hr\/index.php?rest_route=\/wp\/v2\/posts\/33676","targetHints":{"allow":["GET"]}}],"collection":[{"href":"https:\/\/historiografija.hr\/index.php?rest_route=\/wp\/v2\/posts"}],"about":[{"href":"https:\/\/historiografija.hr\/index.php?rest_route=\/wp\/v2\/types\/post"}],"author":[{"embeddable":true,"href":"https:\/\/historiografija.hr\/index.php?rest_route=\/wp\/v2\/users\/2"}],"replies":[{"embeddable":true,"href":"https:\/\/historiografija.hr\/index.php?rest_route=%2Fwp%2Fv2%2Fcomments&post=33676"}],"version-history":[{"count":4,"href":"https:\/\/historiografija.hr\/index.php?rest_route=\/wp\/v2\/posts\/33676\/revisions"}],"predecessor-version":[{"id":33681,"href":"https:\/\/historiografija.hr\/index.php?rest_route=\/wp\/v2\/posts\/33676\/revisions\/33681"}],"wp:featuredmedia":[{"embeddable":true,"href":"https:\/\/historiografija.hr\/index.php?rest_route=\/wp\/v2\/media\/33677"}],"wp:attachment":[{"href":"https:\/\/historiografija.hr\/index.php?rest_route=%2Fwp%2Fv2%2Fmedia&parent=33676"}],"wp:term":[{"taxonomy":"category","embeddable":true,"href":"https:\/\/historiografija.hr\/index.php?rest_route=%2Fwp%2Fv2%2Fcategories&post=33676"},{"taxonomy":"post_tag","embeddable":true,"href":"https:\/\/historiografija.hr\/index.php?rest_route=%2Fwp%2Fv2%2Ftags&post=33676"}],"curies":[{"name":"wp","href":"https:\/\/api.w.org\/{rel}","templated":true}]}}