{"id":33656,"date":"2022-12-02T22:23:10","date_gmt":"2022-12-02T22:23:10","guid":{"rendered":"http:\/\/historiografija.hr\/?p=33656"},"modified":"2022-12-02T22:24:42","modified_gmt":"2022-12-02T22:24:42","slug":"predstavljen-zbornik-trauma-komunizma","status":"publish","type":"post","link":"https:\/\/historiografija.hr\/?p=33656","title":{"rendered":"Predstavljen zbornik \u201eTrauma komunizma\u201c"},"content":{"rendered":"\n<p>Nanovic institut za Europske studije Sveu\u010dili\u0161ta Notre Dame iz Sjedinjenih Ameri\u010dkih Dr\u017eava organizirao je u petak 2. prosinca 2022.&nbsp; predstavljanja zbornika \u201eTrauma komunizma\u201c. Zbornik su uredili direktor Nanovic instituta prof. dr. sc. Clemens Sedmak i prof. dr. sc. &nbsp;A. James McAdams, a izdava\u010d je Ukrajinsko katoli\u010dko sveu\u010dili\u0161te.<\/p>\n\n\n\n<p>O zborniku su govorili izv. prof. dr. sc. Magdalena Charzy\u0144ska-W\u00f3jcik, pro\u010delnica Odjela za povijest engleskog jezika i za prevo\u0111enje s Katoli\u010dkog Sveu\u010dili\u0161ta Ivan Pavao II. iz Lublina u Poljskoj, izv. prof. dr. sc. Andrea Feldman s Katedre za prirodoslovlje, geografiju i povijest U\u010diteljskog fakulteta Sveu\u010dili\u0161ta u Zagrebu, prof. dr. sc. A. James McAdams sa Sveu\u010dili\u0161ta Notre Dame, te Volodymyr Turchynovskyy, dekan Fakulteta dru\u0161tvenih znanosti i ravnatelj Me\u0111unarodnog instituta za etiku i suvremena pitanja s Ukrajinskog katoli\u010dkog sveu\u010dili\u0161ta. Raspravu je moderirao prof. dr. sc. Clemens Sedmak.<\/p>\n\n\n\n<p>U zborniku sudjeluju znanstvenici i stru\u010dnjaci iz \u010ce\u0161ke, Hrvatske, Gruzije, Ma\u0111arske, Poljske, Slova\u010dke i Ukrajine. S Hrvatskog katoli\u010dkog sveu\u010dili\u0161ta doprinos zborniku s radom \u201eHrvatska trauma komunizma: primjer borbe za o\u010duvanje nacionalnog identiteta\/The Croatian Trauma of Communism: An Example of the Struggle to Maintain National Identity\u201c dao je izv. prof. dr. sc. Mario Bara, dok&nbsp; iz Hrvatske sa svojim radovima jo\u0161 sudjeluju Vi\u0161nja Stare\u0161ina i izv. prof. dr. sc. Andrea Feldman.<\/p>\n\n\n\n<p>Zbornik radova dostupan je na <a href=\"https:\/\/issuu.com\/nanovicnd\/docs\/trauma-of-communism\">poveznici<\/a>.<\/p>\n\n\n\n<p>Zbornik radova je rezultat projekta <em>Faith and Freedom<\/em> \u010diji je pokreta\u010d <a href=\"https:\/\/nanovic.nd.edu\/about\/catholic-universities-partnership\/\" target=\"_blank\" rel=\"noreferrer noopener\">Partnerstvo katoli\u010dkih sveu\u010dili\u0161ta<\/a> (Catholic Universities Partnership), koje vodi Nanovic Institut za Europske studije pri Sveu\u010dili\u0161tu Notre Dame. \u010clanovi Partnerstva katoli\u010dkih sveu\u010dili\u0161ta su&nbsp;Katoli\u010dko sveu\u010dili\u0161te iz Ru\u017eomberoka u Slova\u010dkoj, Katoli\u010dko sveu\u010dili\u0161te Ivana Pavla II. iz Lublina u Poljskoj, Katoli\u010dko sveu\u010dili\u0161te P\u00e1zm\u00e1ny P\u00e9ter iz Budimpe\u0161te u Ma\u0111arskoj, Katoli\u010dko sveu\u010dili\u0161te Sulkhan-Saba Orbeliani iz Tbilisija u Gruziji, Ukrajinsko katoli\u010dko sveu\u010dili\u0161te iz Lviva u Ukrajini i Hrvatsko katoli\u010dko sveu\u010dili\u0161te.<\/p>\n\n\n\n<p>Cilj projekta je bio u istra\u017eivanju uloga aktera utemeljenih na vjeri, napose Katoli\u010dke crkve, u stvaranju i odr\u017eavanju ekonomskih, politi\u010dkih i vjerskih sloboda u Srednjoj i Isto\u010dnoj Europi nakon 1989. godine. Konkretno, ovim su projektom prikupljane izjave suvremenika i svjedoka o iskustvima europske tranzicije iz komunizma u demokratske sustave i sustav slobodnog tr\u017ei\u0161ta.<\/p>\n\n\n\n<p>S Hrvatskog katoli\u010dkog sveu\u010dili\u0161ta u projektu su sudjelovali izv. prof. dr. sc. Mario Kevo, izv. prof. dr. sc. Mario Bara te studenti Odjela za povijest Filip Golubi\u010dek (ak. g. 2020.\/21.),&nbsp; Stipe Markota, Luka Drni\u0107, Jakov Blagojevi\u0107 (ak. g. 2020.\/21. i 2021.\/22.), Josip Juri\u0107-\u0160olto (ak. g. 2021.\/22.) i studentice Odjela za sociologiju Mia Tomi\u0107 (ak. g. 2020.\/21.) i Arijana Akmad\u017ea (ak. g. 2021.\/22.). Studenti su u sklopu projekta prikupljali, kriti\u010dki i\u0161\u010ditavali literaturu, sudjelovali u pripremi i provedbi intervjua svjedoka koji su pro\u017eivjeli komunisti\u010dko razdoblje i razdoblje tranzicije. Dio prikupljenih svjedo\u010danstava kori\u0161ten je za pisanje radova u objavljenome zborniku.<\/p>\n\n\n\n<p>(Suzana Obrovac Lipar)<\/p>\n\n\n\n<hr class=\"wp-block-separator\"\/>\n\n\n\n<p>Izvor:<\/p>\n\n\n\n<figure class=\"wp-block-embed-wordpress wp-block-embed is-type-wp-embed is-provider-hrvatsko-katolicko-sveuciliste\"><div class=\"wp-block-embed__wrapper\">\n<blockquote class=\"wp-embedded-content\" data-secret=\"O5DCDln5UP\"><a href=\"https:\/\/www.unicath.hr\/predstavljen-zbornik-trauma-komunizma\">Predstavljen zbornik \u201eTrauma komunizma\u201c<\/a><\/blockquote><iframe loading=\"lazy\" class=\"wp-embedded-content\" sandbox=\"allow-scripts\" security=\"restricted\" style=\"position: absolute; clip: rect(1px, 1px, 1px, 1px);\" title=\"&#8220;Predstavljen zbornik \u201eTrauma komunizma\u201c&#8221; &#8212; Hrvatsko katoli\u010dko sveu\u010dili\u0161te\" src=\"https:\/\/www.unicath.hr\/predstavljen-zbornik-trauma-komunizma\/embed#?secret=XGv7w8Ltre#?secret=O5DCDln5UP\" data-secret=\"O5DCDln5UP\" width=\"600\" height=\"338\" frameborder=\"0\" marginwidth=\"0\" marginheight=\"0\" scrolling=\"no\"><\/iframe>\n<\/div><\/figure>\n\n\n\n<hr class=\"wp-block-separator\"\/>\n","protected":false},"excerpt":{"rendered":"","protected":false},"author":2,"featured_media":33659,"comment_status":"open","ping_status":"open","sticky":false,"template":"","format":"standard","meta":{"_acf_changed":false,"jetpack_post_was_ever_published":false,"_jetpack_newsletter_access":"","_jetpack_dont_email_post_to_subs":false,"_jetpack_newsletter_tier_id":0,"_jetpack_memberships_contains_paywalled_content":false,"_jetpack_memberships_contains_paid_content":false,"footnotes":"","jetpack_publicize_message":"","jetpack_publicize_feature_enabled":true,"jetpack_social_post_already_shared":true,"jetpack_social_options":{"image_generator_settings":{"template":"highway","default_image_id":0,"font":"","enabled":false},"version":2}},"categories":[19,3],"tags":[],"class_list":["post-33656","post","type-post","status-publish","format-standard","has-post-thumbnail","hentry","category-e-knjige","category-novosti"],"acf":{"facebook_opis":""},"jetpack_publicize_connections":[],"jetpack_featured_media_url":"https:\/\/i0.wp.com\/historiografija.hr\/wp-content\/uploads\/2022\/12\/The_Trauma.jpg?fit=342%2C316&ssl=1","jetpack_sharing_enabled":true,"jetpack-related-posts":[],"_links":{"self":[{"href":"https:\/\/historiografija.hr\/index.php?rest_route=\/wp\/v2\/posts\/33656","targetHints":{"allow":["GET"]}}],"collection":[{"href":"https:\/\/historiografija.hr\/index.php?rest_route=\/wp\/v2\/posts"}],"about":[{"href":"https:\/\/historiografija.hr\/index.php?rest_route=\/wp\/v2\/types\/post"}],"author":[{"embeddable":true,"href":"https:\/\/historiografija.hr\/index.php?rest_route=\/wp\/v2\/users\/2"}],"replies":[{"embeddable":true,"href":"https:\/\/historiografija.hr\/index.php?rest_route=%2Fwp%2Fv2%2Fcomments&post=33656"}],"version-history":[{"count":1,"href":"https:\/\/historiografija.hr\/index.php?rest_route=\/wp\/v2\/posts\/33656\/revisions"}],"predecessor-version":[{"id":33658,"href":"https:\/\/historiografija.hr\/index.php?rest_route=\/wp\/v2\/posts\/33656\/revisions\/33658"}],"wp:featuredmedia":[{"embeddable":true,"href":"https:\/\/historiografija.hr\/index.php?rest_route=\/wp\/v2\/media\/33659"}],"wp:attachment":[{"href":"https:\/\/historiografija.hr\/index.php?rest_route=%2Fwp%2Fv2%2Fmedia&parent=33656"}],"wp:term":[{"taxonomy":"category","embeddable":true,"href":"https:\/\/historiografija.hr\/index.php?rest_route=%2Fwp%2Fv2%2Fcategories&post=33656"},{"taxonomy":"post_tag","embeddable":true,"href":"https:\/\/historiografija.hr\/index.php?rest_route=%2Fwp%2Fv2%2Ftags&post=33656"}],"curies":[{"name":"wp","href":"https:\/\/api.w.org\/{rel}","templated":true}]}}