{"id":33649,"date":"2022-12-01T22:51:22","date_gmt":"2022-12-01T22:51:22","guid":{"rendered":"http:\/\/historiografija.hr\/?p=33649"},"modified":"2022-12-01T22:51:22","modified_gmt":"2022-12-01T22:51:22","slug":"promocija-engleskog-prijevoda-knjige-antiratna-kampanja-1991-2011-neispricana-povijest","status":"publish","type":"post","link":"https:\/\/historiografija.hr\/?p=33649","title":{"rendered":"Promocija engleskog prijevoda knjige \u201eAntiratna kampanja 1991. \u2013 2011. Neispri\u010dana povijest\u201c"},"content":{"rendered":"\n<p>Promocija engleskog prijevoda knjige \u201eAntiratna kampanja 1991. \u2013 2011. Neispri\u010dana povijest\u201d odr\u017eat \u0107e se u Knji\u017enici \u201eBogdan Ogrizovi\u0107\u201d, Preradovi\u0107eva 5, Zagreb, <strong>u petak 2. prosinca 2022 u 13:00.&nbsp;<\/strong><\/p>\n\n\n\n<p>Povodom dvadesete obljetnice osnivanja Antiratne kampanje Hrvatske Documenta je 2011. objavila knjigu kako bi mapirala drugu, pre\u0161u\u0107enu i osporavanu povijest antiratnih, \u017eenskih, ljudsko-pravnih inicijativa tijekom ratnih \u201990-ih. Svjesni \u0161turosti postoje\u0107ih pisanih tragova o mirovnim aktivnostima, kao i potrebe za sustavnim istra\u017eivanjem, urednici su knjigu koncipirali kao presjek subjektivnog i faktografskog, osobnih sje\u0107anja i dokumentarne gra\u0111e. Kako bi se ispunilo taj zadatak, knjiga je smi\u0161ljena na na\u010din da razli\u010ditim pristupima \u0161to bolje oslika strukturu i razvoj ARK-a, te razasutost ARK-ova cjelokupna ljudskog, materijalnog i duhovnog naslje\u0111a. Zahvaljuju\u0107i Willu Firthu knjiga je prevedena na engleski.<\/p>\n\n\n\n<p>Knjiga je dostupna na poveznici:<\/p>\n\n\n\n<p><a href=\"https:\/\/documenta.hr\/wp-content\/uploads\/2022\/11\/ARK_eng_2022_small.pdf\">https:\/\/documenta.hr\/wp-content\/uploads\/2022\/11\/ARK_eng_2022_small.pdf<\/a><\/p>\n\n\n\n<p>Na promociji \u0107e govoriti <strong>Vesna Jankovi\u0107<\/strong>, <strong>Nikola Mokrovi\u0107<\/strong>, <strong>Will Firth<\/strong>, <strong>Branka Vierda<\/strong> i <strong>Vesna Ter\u0161eli\u010d<\/strong>.<\/p>\n\n\n\n<p>Nakon predstavljanja prijevoda knjige uslijedit \u0107e spomen \u0161etnja i dru\u017eenje uz kavu i \u010daj.<\/p>\n\n\n\n<p>Pridru\u017eite nam se!<\/p>\n\n\n\n<p><em>Documenta <\/em>\u2013 Centar za suo\u010davanje s pro\u0161lo\u0161\u0107u<\/p>\n\n\n\n<hr class=\"wp-block-separator\"\/>\n\n\n\n<p>Izvor:<\/p>\n\n\n\n<figure class=\"wp-block-embed-wordpress wp-block-embed is-type-wp-embed is-provider-documenta\"><div class=\"wp-block-embed__wrapper\">\n<blockquote class=\"wp-embedded-content\" data-secret=\"51QbNxZlJq\"><a href=\"https:\/\/documenta.hr\/novosti\/poziv-na-promociju-engleskog-prijevoda-knjige-antiratna-kampanja-1991-2011-neispricana-povijest-2-12-2022\/\">Poziv na promociju engleskog prijevoda knjige \u201eAntiratna kampanja 1991. &#8211; 2011. Neispri\u010dana povijest\u201c &#8211; 2.12.2022.<\/a><\/blockquote><iframe loading=\"lazy\" class=\"wp-embedded-content\" sandbox=\"allow-scripts\" security=\"restricted\" style=\"position: absolute; clip: rect(1px, 1px, 1px, 1px);\" title=\"&#8220;Poziv na promociju engleskog prijevoda knjige \u201eAntiratna kampanja 1991. &#8211; 2011. Neispri\u010dana povijest\u201c &#8211; 2.12.2022.&#8221; &#8212; Documenta\" src=\"https:\/\/documenta.hr\/novosti\/poziv-na-promociju-engleskog-prijevoda-knjige-antiratna-kampanja-1991-2011-neispricana-povijest-2-12-2022\/embed\/#?secret=51QbNxZlJq\" data-secret=\"51QbNxZlJq\" width=\"600\" height=\"338\" frameborder=\"0\" marginwidth=\"0\" marginheight=\"0\" scrolling=\"no\"><\/iframe>\n<\/div><\/figure>\n\n\n\n<hr class=\"wp-block-separator\"\/>\n","protected":false},"excerpt":{"rendered":"","protected":false},"author":2,"featured_media":33650,"comment_status":"open","ping_status":"open","sticky":false,"template":"","format":"standard","meta":{"_acf_changed":false,"_jetpack_newsletter_access":"","_jetpack_dont_email_post_to_subs":false,"_jetpack_newsletter_tier_id":0,"_jetpack_memberships_contains_paywalled_content":false,"_jetpack_memberships_contains_paid_content":false,"footnotes":"","jetpack_publicize_message":"","jetpack_publicize_feature_enabled":true,"jetpack_social_post_already_shared":true,"jetpack_social_options":{"image_generator_settings":{"template":"highway","default_image_id":0,"font":"","enabled":false},"version":2},"jetpack_post_was_ever_published":false},"categories":[19,3],"tags":[],"class_list":["post-33649","post","type-post","status-publish","format-standard","has-post-thumbnail","hentry","category-e-knjige","category-novosti"],"acf":{"facebook_opis":""},"jetpack_publicize_connections":[],"jetpack_featured_media_url":"https:\/\/i0.wp.com\/historiografija.hr\/wp-content\/uploads\/2022\/12\/ark_cover.png?fit=372%2C490&ssl=1","jetpack_sharing_enabled":true,"jetpack-related-posts":[{"id":54829,"url":"https:\/\/historiografija.hr\/?p=54829","url_meta":{"origin":33649,"position":0},"title":"Jak\u0161a Ragu\u017e, Slaven Ru\u017ei\u0107, &#8220;SPECIJALNA JEDINICA POLICIJE \u201eGROF\u201c POLICIJSKE UPRAVE DUBROVNIK U DOMOVINSKOM RATU 1991. \u2013 1996.&#8221;","author":"Branimir Jankovi\u0107","date":"28. srpnja 2026.","format":false,"excerpt":"Autori: dr. sc. Jak\u0161a Ragu\u017e, dr. sc. Slaven Ru\u017ei\u0107 Udruga Specijalne jedinice policije \u201eGrof\u201c Dubrovnik, Hrvatski institut za povijest, Hrvatski memorijalno-dokumentacijski centar Domovinskog rata, Dubrovnik \u2013 Zagreb, 2026. U Dubrovniku je 5. svibnja 2026. odr\u017eana promocija znanstvene monografije \u201eSpecijalna jedinica policije Grof Policijske uprave Dubrovnik u Domovinskom ratu 1991.-1996., autora\u2026","rel":"","context":"U &quot;Knjige&quot;","block_context":{"text":"Knjige","link":"https:\/\/historiografija.hr\/?cat=8"},"img":{"alt_text":"","src":"https:\/\/i0.wp.com\/historiografija.hr\/wp-content\/uploads\/2026\/07\/Grof.jpg?fit=845%2C1200&ssl=1&resize=350%2C200","width":350,"height":200,"srcset":"https:\/\/i0.wp.com\/historiografija.hr\/wp-content\/uploads\/2026\/07\/Grof.jpg?fit=845%2C1200&ssl=1&resize=350%2C200 1x, https:\/\/i0.wp.com\/historiografija.hr\/wp-content\/uploads\/2026\/07\/Grof.jpg?fit=845%2C1200&ssl=1&resize=525%2C300 1.5x, https:\/\/i0.wp.com\/historiografija.hr\/wp-content\/uploads\/2026\/07\/Grof.jpg?fit=845%2C1200&ssl=1&resize=700%2C400 2x"},"classes":[]},{"id":54300,"url":"https:\/\/historiografija.hr\/?p=54300","url_meta":{"origin":33649,"position":1},"title":"Promocija knjige \u201e\u017dupa sveti Petar \u010cvrstec\u201d","author":"Filip \u0160imunjak","date":"25. lipnja 2026.","format":false,"excerpt":"U \u017eupu Sv. Petar \u010cvrstec stigla je dugo o\u010dekivana monografija koja obra\u0111uje povijest mjesta i \u017eupne zajednice. Promocija monografije odr\u017eat \u0107e u nedjelju 28. lipnja, u 12:30 sati, u \u017eupnoj crkvi \u017eupe svetog Petra i Pavla u Svetom Petru \u010cvrstecu. Autori monografije su: Vedrana Rada i \u0110uro \u0160kvorc. Detaljnije: https:\/\/krizevci.tv\/2026\/06\/10\/monografija-zupe-sv-petar-cvrstec-stigla-promocija-krajem-lipnja\/","rel":"","context":"U &quot;Knjige&quot;","block_context":{"text":"Knjige","link":"https:\/\/historiografija.hr\/?cat=8"},"img":{"alt_text":"","src":"https:\/\/i0.wp.com\/historiografija.hr\/wp-content\/uploads\/2026\/06\/Zupa-svetih-Petar-Cvrstec.jpg?fit=723%2C1024&ssl=1&resize=350%2C200","width":350,"height":200,"srcset":"https:\/\/i0.wp.com\/historiografija.hr\/wp-content\/uploads\/2026\/06\/Zupa-svetih-Petar-Cvrstec.jpg?fit=723%2C1024&ssl=1&resize=350%2C200 1x, https:\/\/i0.wp.com\/historiografija.hr\/wp-content\/uploads\/2026\/06\/Zupa-svetih-Petar-Cvrstec.jpg?fit=723%2C1024&ssl=1&resize=525%2C300 1.5x, https:\/\/i0.wp.com\/historiografija.hr\/wp-content\/uploads\/2026\/06\/Zupa-svetih-Petar-Cvrstec.jpg?fit=723%2C1024&ssl=1&resize=700%2C400 2x"},"classes":[]},{"id":54456,"url":"https:\/\/historiografija.hr\/?p=54456","url_meta":{"origin":33649,"position":2},"title":"Promocija knjige &#8220;Dotr\u0161\u010dina&#8221;","author":"Branimir Jankovi\u0107","date":"3. srpnja 2026.","format":false,"excerpt":"Promocija knjige Dotr\u0161\u010dina odr\u017eat \u0107e se utorak, 7. 7. 2026. u 19 sati u dvorani KIC-a u Zagrebu (Preradovi\u0107eva 5). Spomen-park Dotr\u0161\u010dina najva\u017eniji je zagreba\u010dki memorijalni prostor, mjesto najve\u0107eg masovnog zlo\u010dina u povijesti glavnoga grada, najva\u017enija lokacija Holokausta u Zagrebu i jedno od namasovnijih strati\u0161ta II. svjetskog rata u Hrvatskoj.\u2026","rel":"","context":"U &quot;Novosti&quot;","block_context":{"text":"Novosti","link":"https:\/\/historiografija.hr\/?cat=3"},"img":{"alt_text":"","src":"https:\/\/i0.wp.com\/historiografija.hr\/wp-content\/uploads\/2026\/07\/sanjin-kastelan.webp?fit=1170%2C662&ssl=1&resize=350%2C200","width":350,"height":200,"srcset":"https:\/\/i0.wp.com\/historiografija.hr\/wp-content\/uploads\/2026\/07\/sanjin-kastelan.webp?fit=1170%2C662&ssl=1&resize=350%2C200 1x, https:\/\/i0.wp.com\/historiografija.hr\/wp-content\/uploads\/2026\/07\/sanjin-kastelan.webp?fit=1170%2C662&ssl=1&resize=525%2C300 1.5x, https:\/\/i0.wp.com\/historiografija.hr\/wp-content\/uploads\/2026\/07\/sanjin-kastelan.webp?fit=1170%2C662&ssl=1&resize=700%2C400 2x, https:\/\/i0.wp.com\/historiografija.hr\/wp-content\/uploads\/2026\/07\/sanjin-kastelan.webp?fit=1170%2C662&ssl=1&resize=1050%2C600 3x"},"classes":[]},{"id":54306,"url":"https:\/\/historiografija.hr\/?p=54306","url_meta":{"origin":33649,"position":3},"title":"\u201eDr\u017eava i njezino kazali\u0161te: Hrvatsko dr\u017eavno kazali\u0161te u Zagrebu 1941. \u2013 1945.\u201c (Zagreb: Fraktura, 2026)","author":"Filip \u0160imunjak","date":"25. lipnja 2026.","format":false,"excerpt":"U knjizi\u00a0Dr\u017eava i njezino kazali\u0161te: Hrvatsko dr\u017eavno kazali\u0161te u Zagrebu 1941. \u2013 1945.,\u00a0Snje\u017eana Banovi\u0107 precizno rekonstruira djelovanje zagreba\u010dkog kazali\u0161ta u razdoblju NDH, pokazuju\u0107i kako se kulturna politika, represija i osobne sudbine isprepli\u0107u u jednoj mra\u010dnoj povijesnoj epohi.\u00a0 O knjizi:\u00a0 Dr\u017eava i njezino kazali\u0161te: Hrvatsko dr\u017eavno kazali\u0161te u Zagrebu 1941. \u2013\u2026","rel":"","context":"U &quot;Knjige&quot;","block_context":{"text":"Knjige","link":"https:\/\/historiografija.hr\/?cat=8"},"img":{"alt_text":"","src":"https:\/\/i0.wp.com\/historiografija.hr\/wp-content\/uploads\/2026\/06\/Drzava-i-njeno-kazaliste.webp?fit=768%2C768&ssl=1&resize=350%2C200","width":350,"height":200,"srcset":"https:\/\/i0.wp.com\/historiografija.hr\/wp-content\/uploads\/2026\/06\/Drzava-i-njeno-kazaliste.webp?fit=768%2C768&ssl=1&resize=350%2C200 1x, https:\/\/i0.wp.com\/historiografija.hr\/wp-content\/uploads\/2026\/06\/Drzava-i-njeno-kazaliste.webp?fit=768%2C768&ssl=1&resize=525%2C300 1.5x, https:\/\/i0.wp.com\/historiografija.hr\/wp-content\/uploads\/2026\/06\/Drzava-i-njeno-kazaliste.webp?fit=768%2C768&ssl=1&resize=700%2C400 2x"},"classes":[]},{"id":54692,"url":"https:\/\/historiografija.hr\/?p=54692","url_meta":{"origin":33649,"position":4},"title":"Polemi\u010dke reakcije na knjigu \u201eNadila\u017eenje nacionalne paradigme. Od historiografskog nacionalizma do transnacionalnih pristupa\u201c (2)","author":"Branimir Jankovi\u0107","date":"21. srpnja 2026.","format":false,"excerpt":"U sklopu preno\u0161enja polemi\u010dkih reakcija na knjigu Nadila\u017eenje nacionalne paradigme. Od historiografskog nacionalizma do transnacionalnih pristupa, nakon kriti\u010dkih sada upu\u0107ujemo na afirmativne priloge o njoj. Stefan Gu\u017evica \"Naravno, svojevrsni \u201cizvorni grijeh\u201d historiografije je metodolo\u0161ki nacionalizam i etnocentrizam, jer je povijest i nastala kao znanost koja je trebala legitimizirati novonastale nacije\u2026","rel":"","context":"U &quot;Novosti&quot;","block_context":{"text":"Novosti","link":"https:\/\/historiografija.hr\/?cat=3"},"img":{"alt_text":"","src":"https:\/\/i0.wp.com\/historiografija.hr\/wp-content\/uploads\/2025\/03\/Nadilazenje-nacionalne-paradigme.webp?fit=713%2C928&ssl=1&resize=350%2C200","width":350,"height":200,"srcset":"https:\/\/i0.wp.com\/historiografija.hr\/wp-content\/uploads\/2025\/03\/Nadilazenje-nacionalne-paradigme.webp?fit=713%2C928&ssl=1&resize=350%2C200 1x, https:\/\/i0.wp.com\/historiografija.hr\/wp-content\/uploads\/2025\/03\/Nadilazenje-nacionalne-paradigme.webp?fit=713%2C928&ssl=1&resize=525%2C300 1.5x, https:\/\/i0.wp.com\/historiografija.hr\/wp-content\/uploads\/2025\/03\/Nadilazenje-nacionalne-paradigme.webp?fit=713%2C928&ssl=1&resize=700%2C400 2x"},"classes":[]},{"id":53313,"url":"https:\/\/historiografija.hr\/?p=53313","url_meta":{"origin":33649,"position":5},"title":"Predstavljanje knjige Stipe Kljai\u0107a \u201eVJE\u010cNI TRE\u0106I RIM: UZROCI RUSKO-UKRAJINSKOGA RATA\u201c u Splitu","author":"Branimir Jankovi\u0107","date":"14. svibnja 2026.","format":false,"excerpt":"Hrvatska udruga Benedikt zajedno sa splitskim stolom Dru\u017ebe \"Bra\u0107a Hrvatskoga Zmaja\" i Muzejom Domovinskog rata u Splitu organizira predstavljanje knjige Vje\u010dni tre\u0107i Rim: uzroci rusko-ukrajinskoga rata autora Stipe Kljai\u0107a, koje \u0107e se odr\u017eati u utorak, 19. svibnja 2026. godine s po\u010detkom u 18 sati u dvorani \u201eVinko Draganja\u201c Dominikanskog samostana\u2026","rel":"","context":"U &quot;Novosti&quot;","block_context":{"text":"Novosti","link":"https:\/\/historiografija.hr\/?cat=3"},"img":{"alt_text":"","src":"https:\/\/i0.wp.com\/historiografija.hr\/wp-content\/uploads\/2026\/05\/PLAKAT-VJECNI-TRECI-RIM-UZROCI-RUSKO-UKRAJINSKOG-RATA-SPLIT.png?fit=1200%2C800&ssl=1&resize=350%2C200","width":350,"height":200,"srcset":"https:\/\/i0.wp.com\/historiografija.hr\/wp-content\/uploads\/2026\/05\/PLAKAT-VJECNI-TRECI-RIM-UZROCI-RUSKO-UKRAJINSKOG-RATA-SPLIT.png?fit=1200%2C800&ssl=1&resize=350%2C200 1x, https:\/\/i0.wp.com\/historiografija.hr\/wp-content\/uploads\/2026\/05\/PLAKAT-VJECNI-TRECI-RIM-UZROCI-RUSKO-UKRAJINSKOG-RATA-SPLIT.png?fit=1200%2C800&ssl=1&resize=525%2C300 1.5x, https:\/\/i0.wp.com\/historiografija.hr\/wp-content\/uploads\/2026\/05\/PLAKAT-VJECNI-TRECI-RIM-UZROCI-RUSKO-UKRAJINSKOG-RATA-SPLIT.png?fit=1200%2C800&ssl=1&resize=700%2C400 2x, https:\/\/i0.wp.com\/historiografija.hr\/wp-content\/uploads\/2026\/05\/PLAKAT-VJECNI-TRECI-RIM-UZROCI-RUSKO-UKRAJINSKOG-RATA-SPLIT.png?fit=1200%2C800&ssl=1&resize=1050%2C600 3x"},"classes":[]}],"_links":{"self":[{"href":"https:\/\/historiografija.hr\/index.php?rest_route=\/wp\/v2\/posts\/33649","targetHints":{"allow":["GET"]}}],"collection":[{"href":"https:\/\/historiografija.hr\/index.php?rest_route=\/wp\/v2\/posts"}],"about":[{"href":"https:\/\/historiografija.hr\/index.php?rest_route=\/wp\/v2\/types\/post"}],"author":[{"embeddable":true,"href":"https:\/\/historiografija.hr\/index.php?rest_route=\/wp\/v2\/users\/2"}],"replies":[{"embeddable":true,"href":"https:\/\/historiografija.hr\/index.php?rest_route=%2Fwp%2Fv2%2Fcomments&post=33649"}],"version-history":[{"count":1,"href":"https:\/\/historiografija.hr\/index.php?rest_route=\/wp\/v2\/posts\/33649\/revisions"}],"predecessor-version":[{"id":33651,"href":"https:\/\/historiografija.hr\/index.php?rest_route=\/wp\/v2\/posts\/33649\/revisions\/33651"}],"wp:featuredmedia":[{"embeddable":true,"href":"https:\/\/historiografija.hr\/index.php?rest_route=\/wp\/v2\/media\/33650"}],"wp:attachment":[{"href":"https:\/\/historiografija.hr\/index.php?rest_route=%2Fwp%2Fv2%2Fmedia&parent=33649"}],"wp:term":[{"taxonomy":"category","embeddable":true,"href":"https:\/\/historiografija.hr\/index.php?rest_route=%2Fwp%2Fv2%2Fcategories&post=33649"},{"taxonomy":"post_tag","embeddable":true,"href":"https:\/\/historiografija.hr\/index.php?rest_route=%2Fwp%2Fv2%2Ftags&post=33649"}],"curies":[{"name":"wp","href":"https:\/\/api.w.org\/{rel}","templated":true}]}}