{"id":33646,"date":"2022-12-01T22:43:46","date_gmt":"2022-12-01T22:43:46","guid":{"rendered":"http:\/\/historiografija.hr\/?p=33646"},"modified":"2022-12-01T22:43:46","modified_gmt":"2022-12-01T22:43:46","slug":"izlozba-pazin-punk-u-pazinu","status":"publish","type":"post","link":"https:\/\/historiografija.hr\/?p=33646","title":{"rendered":"Izlo\u017eba \u201cPAZI(N), PUNK!\u201d u Pazinu"},"content":{"rendered":"\n<p>U petak, 2. prosinca 2022., s po\u010detkom u 17 sati u Muzeju grada Pazina bit \u0107e otvorena izlo\u017eba \u201cPAZI(N), PUNK!\u201d. Izlo\u017eba&nbsp; tematizira punk u Pazinu ne samo kao dio (sub)kulture ve\u0107 i kao crticu identiteta i karaktera stanovnika Pazina i Pazin\u0161tine. Naglasak izlo\u017ebe, koja je koncipirana kao dnevnik sje\u0107anja aktera pazinske punk-scene od za\u010detaka do danas, stavljen je upravo na pojedince koji su tu scenu stvarali i prenosili novim generacijama, \u0161to je i razlog za\u0161to se scena odr\u017eala do danas.<\/p>\n\n\n\n<p><a href=\"https:\/\/ipd-ssi.hr\/wp-content\/uploads\/2022\/11\/Pozivnica.pdf\">Pozivnica<\/a><\/p>\n\n\n\n<hr class=\"wp-block-separator\"\/>\n\n\n\n<p>Izvor:<\/p>\n\n\n\n<figure class=\"wp-block-embed-wordpress wp-block-embed is-type-wp-embed is-provider-istarsko-povijesno-drustvo-societa-storica-istriana\"><div class=\"wp-block-embed__wrapper\">\n<blockquote class=\"wp-embedded-content\" data-secret=\"0eo0eXiboq\"><a href=\"https:\/\/ipd-ssi.hr\/2022\/11\/30\/izlozba-pazin-punk-u-pazinu\/\">Izlo\u017eba &#8220;PAZI(N), PUNK!&#8221; u Pazinu<\/a><\/blockquote><iframe loading=\"lazy\" class=\"wp-embedded-content\" sandbox=\"allow-scripts\" security=\"restricted\" style=\"position: absolute; clip: rect(1px, 1px, 1px, 1px);\" title=\"&#8220;Izlo\u017eba &#8220;PAZI(N), PUNK!&#8221; u Pazinu&#8221; &#8212; Istarsko povijesno dru\u0161tvo - Societ\u00e0 Storica Istriana\" src=\"https:\/\/ipd-ssi.hr\/2022\/11\/30\/izlozba-pazin-punk-u-pazinu\/embed\/#?secret=dNqGKUyjJG#?secret=0eo0eXiboq\" data-secret=\"0eo0eXiboq\" width=\"600\" height=\"338\" frameborder=\"0\" marginwidth=\"0\" marginheight=\"0\" scrolling=\"no\"><\/iframe>\n<\/div><\/figure>\n\n\n\n<hr class=\"wp-block-separator\"\/>\n","protected":false},"excerpt":{"rendered":"","protected":false},"author":2,"featured_media":33647,"comment_status":"open","ping_status":"open","sticky":false,"template":"","format":"standard","meta":{"_acf_changed":false,"jetpack_post_was_ever_published":false,"_jetpack_newsletter_access":"","_jetpack_dont_email_post_to_subs":false,"_jetpack_newsletter_tier_id":0,"_jetpack_memberships_contains_paywalled_content":false,"_jetpack_memberships_contains_paid_content":false,"footnotes":"","jetpack_publicize_message":"","jetpack_publicize_feature_enabled":true,"jetpack_social_post_already_shared":true,"jetpack_social_options":{"image_generator_settings":{"template":"highway","default_image_id":0,"font":"","enabled":false},"version":2}},"categories":[10,3],"tags":[],"class_list":["post-33646","post","type-post","status-publish","format-standard","has-post-thumbnail","hentry","category-izlozbe","category-novosti"],"acf":{"facebook_opis":""},"jetpack_publicize_connections":[],"jetpack_featured_media_url":"https:\/\/i0.wp.com\/historiografija.hr\/wp-content\/uploads\/2022\/12\/pazin-punk.jpg?fit=700%2C441&ssl=1","jetpack_sharing_enabled":true,"jetpack-related-posts":[],"_links":{"self":[{"href":"https:\/\/historiografija.hr\/index.php?rest_route=\/wp\/v2\/posts\/33646","targetHints":{"allow":["GET"]}}],"collection":[{"href":"https:\/\/historiografija.hr\/index.php?rest_route=\/wp\/v2\/posts"}],"about":[{"href":"https:\/\/historiografija.hr\/index.php?rest_route=\/wp\/v2\/types\/post"}],"author":[{"embeddable":true,"href":"https:\/\/historiografija.hr\/index.php?rest_route=\/wp\/v2\/users\/2"}],"replies":[{"embeddable":true,"href":"https:\/\/historiografija.hr\/index.php?rest_route=%2Fwp%2Fv2%2Fcomments&post=33646"}],"version-history":[{"count":1,"href":"https:\/\/historiografija.hr\/index.php?rest_route=\/wp\/v2\/posts\/33646\/revisions"}],"predecessor-version":[{"id":33648,"href":"https:\/\/historiografija.hr\/index.php?rest_route=\/wp\/v2\/posts\/33646\/revisions\/33648"}],"wp:featuredmedia":[{"embeddable":true,"href":"https:\/\/historiografija.hr\/index.php?rest_route=\/wp\/v2\/media\/33647"}],"wp:attachment":[{"href":"https:\/\/historiografija.hr\/index.php?rest_route=%2Fwp%2Fv2%2Fmedia&parent=33646"}],"wp:term":[{"taxonomy":"category","embeddable":true,"href":"https:\/\/historiografija.hr\/index.php?rest_route=%2Fwp%2Fv2%2Fcategories&post=33646"},{"taxonomy":"post_tag","embeddable":true,"href":"https:\/\/historiografija.hr\/index.php?rest_route=%2Fwp%2Fv2%2Ftags&post=33646"}],"curies":[{"name":"wp","href":"https:\/\/api.w.org\/{rel}","templated":true}]}}