{"id":33635,"date":"2022-12-01T22:26:53","date_gmt":"2022-12-01T22:26:53","guid":{"rendered":"http:\/\/historiografija.hr\/?p=33635"},"modified":"2022-12-01T22:30:08","modified_gmt":"2022-12-01T22:30:08","slug":"odrzan-znanstveni-kolokvij-mittelalterliche-burgen-in-mitteleuropa-stand-und-perspektiven-der-forschung-mediaval-castles-in-central-europa-state-and-perspectives-of-rese","status":"publish","type":"post","link":"https:\/\/historiografija.hr\/?p=33635","title":{"rendered":"Odr\u017ean znanstveni kolokvij \u201eMittelalterliche Burgen in Mitteleuropa \u2013 Stand und Perspektiven der Forschung \/ Mediaval Castles in Central Europa \u2013 state and perspectives of research\u201c"},"content":{"rendered":"\n<p>Arheolo\u0161ki institut Slova\u010dke akademije znanosti i umjetnosti u Nitri od 26.-28. studenog 2022. bio je doma\u0107in znanstvenog kolokvija \u201eMittelalterliche Burgen in Mitteleuropa \u2013 Stand und Perspektiven der Forschung \/ Mediaval Castles in Central Europa \u2013 state and perspectives of research\u201c. Na kolokviju su sudjelovali \u010dlanovi stalnog Predsjedni\u0161tva me\u0111unarodne burgolo\u0161ke organizacije Castrum Bene. Predstavnici Slova\u010dke, Ma\u0111arske, Austrije, Poljske, \u010ce\u0161ke, Hrvatske i Rumunjske raspravili su o stanju utvrda u srednjoj Europi, prezentirali najzna\u010dajnije rezultate istra\u017eivanja protekle tri godine, razmijenili stru\u010dnu literaturu te je dogovorena daljnja me\u0111unarodna suradnja na poljima istra\u017eivanja srednjovjekovnih utvrda i fortifikacija. U sklopu stru\u010dne ekskurzije organizirana je posjeta biskupskoj pala\u010di, katedrali i utvrdi u Nitri, starom gradu Devinu te pala\u010di u Bratislavi i izlo\u017ebi <em>Kelti z Bratislavy<\/em>. Na radnom sastanku stalnog Predsjedni\u0161tva sudionici su se usuglasili da \u0107e se sljede\u0107a Castrum Bene konferencija (Castrum Bene 17) odr\u017eati u rujnu 2023. u Plzenu, a sredi\u0161nja tema bit \u0107e \u201eBurg und (Un)recht \/ Castle and Law and (Dis-)Order\u201c.<\/p>\n\n\n\n<hr class=\"wp-block-separator\"\/>\n\n\n\n<p><a href=\"https:\/\/www.facebook.com\/castrumbene\">https:\/\/www.facebook.com\/castrumbene<\/a><\/p>\n\n\n\n<hr class=\"wp-block-separator\"\/>\n\n\n\n<figure class=\"wp-block-image size-large\"><img data-recalc-dims=\"1\" loading=\"lazy\" decoding=\"async\" width=\"860\" height=\"574\" data-attachment-id=\"33638\" data-permalink=\"https:\/\/historiografija.hr\/?attachment_id=33638\" data-orig-file=\"https:\/\/i0.wp.com\/historiografija.hr\/wp-content\/uploads\/2022\/12\/devin-2022-comite-permanent-Castrum-Bene.jpg?fit=2048%2C1365&amp;ssl=1\" data-orig-size=\"2048,1365\" data-comments-opened=\"1\" data-image-meta=\"{&quot;aperture&quot;:&quot;0&quot;,&quot;credit&quot;:&quot;&quot;,&quot;camera&quot;:&quot;&quot;,&quot;caption&quot;:&quot;&quot;,&quot;created_timestamp&quot;:&quot;0&quot;,&quot;copyright&quot;:&quot;&quot;,&quot;focal_length&quot;:&quot;0&quot;,&quot;iso&quot;:&quot;0&quot;,&quot;shutter_speed&quot;:&quot;0&quot;,&quot;title&quot;:&quot;&quot;,&quot;orientation&quot;:&quot;0&quot;}\" data-image-title=\"devin-2022-comite-permanent-Castrum-Bene\" data-image-description=\"\" data-image-caption=\"\" data-large-file=\"https:\/\/i0.wp.com\/historiografija.hr\/wp-content\/uploads\/2022\/12\/devin-2022-comite-permanent-Castrum-Bene.jpg?fit=860%2C574&amp;ssl=1\" src=\"https:\/\/i0.wp.com\/historiografija.hr\/wp-content\/uploads\/2022\/12\/devin-2022-comite-permanent-Castrum-Bene.jpg?resize=860%2C574&#038;ssl=1\" alt=\"\" class=\"wp-image-33638\" srcset=\"https:\/\/i0.wp.com\/historiografija.hr\/wp-content\/uploads\/2022\/12\/devin-2022-comite-permanent-Castrum-Bene.jpg?resize=1024%2C683&amp;ssl=1 1024w, https:\/\/i0.wp.com\/historiografija.hr\/wp-content\/uploads\/2022\/12\/devin-2022-comite-permanent-Castrum-Bene.jpg?resize=300%2C200&amp;ssl=1 300w, https:\/\/i0.wp.com\/historiografija.hr\/wp-content\/uploads\/2022\/12\/devin-2022-comite-permanent-Castrum-Bene.jpg?resize=768%2C512&amp;ssl=1 768w, https:\/\/i0.wp.com\/historiografija.hr\/wp-content\/uploads\/2022\/12\/devin-2022-comite-permanent-Castrum-Bene.jpg?resize=1536%2C1024&amp;ssl=1 1536w, https:\/\/i0.wp.com\/historiografija.hr\/wp-content\/uploads\/2022\/12\/devin-2022-comite-permanent-Castrum-Bene.jpg?w=2048&amp;ssl=1 2048w, https:\/\/i0.wp.com\/historiografija.hr\/wp-content\/uploads\/2022\/12\/devin-2022-comite-permanent-Castrum-Bene.jpg?w=1720&amp;ssl=1 1720w\" sizes=\"auto, (max-width: 860px) 100vw, 860px\" \/><figcaption>Devin 2022, comite permanent Castrum Bene<\/figcaption><\/figure>\n\n\n\n<hr class=\"wp-block-separator\"\/>\n","protected":false},"excerpt":{"rendered":"","protected":false},"author":2,"featured_media":33636,"comment_status":"open","ping_status":"open","sticky":false,"template":"","format":"standard","meta":{"_acf_changed":false,"jetpack_post_was_ever_published":false,"_jetpack_newsletter_access":"","_jetpack_dont_email_post_to_subs":false,"_jetpack_newsletter_tier_id":0,"_jetpack_memberships_contains_paywalled_content":false,"_jetpack_memberships_contains_paid_content":false,"footnotes":"","jetpack_publicize_message":"","jetpack_publicize_feature_enabled":true,"jetpack_social_post_already_shared":true,"jetpack_social_options":{"image_generator_settings":{"template":"highway","default_image_id":0,"font":"","enabled":false},"version":2}},"categories":[3,9],"tags":[],"class_list":["post-33635","post","type-post","status-publish","format-standard","has-post-thumbnail","hentry","category-novosti","category-skupovi"],"acf":{"facebook_opis":""},"jetpack_publicize_connections":[],"jetpack_featured_media_url":"https:\/\/i0.wp.com\/historiografija.hr\/wp-content\/uploads\/2022\/12\/devin-cb-2022.jpg?fit=871%2C871&ssl=1","jetpack_sharing_enabled":true,"jetpack-related-posts":[],"_links":{"self":[{"href":"https:\/\/historiografija.hr\/index.php?rest_route=\/wp\/v2\/posts\/33635","targetHints":{"allow":["GET"]}}],"collection":[{"href":"https:\/\/historiografija.hr\/index.php?rest_route=\/wp\/v2\/posts"}],"about":[{"href":"https:\/\/historiografija.hr\/index.php?rest_route=\/wp\/v2\/types\/post"}],"author":[{"embeddable":true,"href":"https:\/\/historiografija.hr\/index.php?rest_route=\/wp\/v2\/users\/2"}],"replies":[{"embeddable":true,"href":"https:\/\/historiografija.hr\/index.php?rest_route=%2Fwp%2Fv2%2Fcomments&post=33635"}],"version-history":[{"count":4,"href":"https:\/\/historiografija.hr\/index.php?rest_route=\/wp\/v2\/posts\/33635\/revisions"}],"predecessor-version":[{"id":33641,"href":"https:\/\/historiografija.hr\/index.php?rest_route=\/wp\/v2\/posts\/33635\/revisions\/33641"}],"wp:featuredmedia":[{"embeddable":true,"href":"https:\/\/historiografija.hr\/index.php?rest_route=\/wp\/v2\/media\/33636"}],"wp:attachment":[{"href":"https:\/\/historiografija.hr\/index.php?rest_route=%2Fwp%2Fv2%2Fmedia&parent=33635"}],"wp:term":[{"taxonomy":"category","embeddable":true,"href":"https:\/\/historiografija.hr\/index.php?rest_route=%2Fwp%2Fv2%2Fcategories&post=33635"},{"taxonomy":"post_tag","embeddable":true,"href":"https:\/\/historiografija.hr\/index.php?rest_route=%2Fwp%2Fv2%2Ftags&post=33635"}],"curies":[{"name":"wp","href":"https:\/\/api.w.org\/{rel}","templated":true}]}}