{"id":33628,"date":"2022-12-01T22:09:37","date_gmt":"2022-12-01T22:09:37","guid":{"rendered":"http:\/\/historiografija.hr\/?p=33628"},"modified":"2022-12-01T22:10:24","modified_gmt":"2022-12-01T22:10:24","slug":"kolokvij-povodom-750-godina-od-prvog-poznatog-spomena-koprivnice","status":"publish","type":"post","link":"https:\/\/historiografija.hr\/?p=33628","title":{"rendered":"Kolokvij povodom 750 godina od prvog poznatog spomena Koprivnice"},"content":{"rendered":"\n<p>Uvrije\u017eeno je mi\u0161ljenje da Koprivnica datira od 1356. godine dono\u0161enjem kraljevske povelje Ludovika I. An\u017euvinca, a kojim joj se dodijeljuju povlastice slobodnog i kraljevskog grada. Taj datum danas se koristi za obilje\u017eavanje dana suvremene Koprivnice, iako je njegova povijest podosta dublja, a me\u0111u kojima se izdvaja darovnica kralja Ladislava IV. koprivni\u010dkom ka\u0161telanu iz 1272. godine.<\/p>\n\n\n\n<p>Kako je izgledao \u017eivot Koprivnice u to vrijeme, kakva je geografska osnova u srednjovjekovnom vremenu na tom prostoru, kakav je razvoj grada u kontekstu povijesti srednjoisto\u010dne Europe i drugih srednjovjekovnih slavonskih gradova, \u0161to se doga\u0111alo prije i nakon spomenute 1272. godine te \u0161to nam i koliko govore arheolo\u0161ki zapisi o najranijoj Koprivnici govorit \u0107e vi\u0161e stru\u010dnjaka na znanstvenom kolokviju koji \u0107e se odr\u017eati na blagdan sv. Nikole biskupa 6. prosinca 2022. godine od 16 sati u Galeriji Mijo Kova\u010di\u0107. Me\u0111u govornicima \u0107e se na\u0107i akademik Dragutin Feletar, dr. sc. Robert\u00a0\u010cimin, prof. dr. sc. Zrinka Nikoli\u0107 Jakus, prof. dr. sc. Hrvoje Petri\u0107 i Ranko Pavle\u0161. Pokrovitelj kolokvija je Grad Koprivnica, organizator Muzej grada Koprivnice, a suorganizatori Povijesno dru\u0161tvo Koprivnica i Dru\u017eba \u201eBra\u0107a Hrvatskoga Zmaja\u201c \u2013 Zmajski stol u Kri\u017eevcima. Uz to, valja podsjetiti kako je po\u010detkom ove godine Hrvatska po\u0161ta objavila prigodnu po\u0161tansku marku na kojoj se nalazi veduta grada s darovnicom iz zbirke Hrvatske akademije znanosti i umjetnosti, a \u010diji su autori zagreba\u010dka dizajnerica Alenka Lali\u0107 i akademski slikar Zlatko Kauzlari\u0107 Ata\u010d, po\u010dasni gra\u0111anin grada Koprivnice.<\/p>\n\n\n\n<p>Prvi put se naziv Koprivnica u obliku <em>fluuius Quopurniche<\/em> navodi 1207., potom kao <em>Copronice-rimulus<\/em> 1209. i <em>rimulus Coprunich<\/em> 1217. u sklopu nekoliko isprava kralja Andrije II., dok se kao naselje javlja tek 1272. godine. U potonjem se dokumentu Koprivnica spominje kao <em>castrum Kapurnicha<\/em> pa je lako mogu\u0107e da je na neki na\u010din to naselje (trgovi\u0161te) ve\u0107 utvr\u0111eno, a dodatna potvrda vidljiva je u navodu ka\u0161telana Bakalera. Krajem 13. stolje\u0107a u Koprivnicu na poziv bana Henrika Gisinga dolaze franjevci koji dobivaju postoje\u0107u \u017eupnu crkvu sv. Nikole na kori\u0161tenje i nakon dvadesetak godina grade novi samostan i \u017eupnu crkvu Bla\u017eene Djevice Marije. Taj je doga\u0111aj jedan od pokazatelja odre\u0111enog stupnja centraliteta i urbaniteta koji Koprivnica tada ima na \u0161irem podru\u010dju \u010ditave srednjovjekovne Gornje Komarnice ili Podravine u suvremenom geografskom smislu. Nadalje, po\u010detkom 14. stolje\u0107a Koprivnica se ve\u0107 sna\u017enije promaknula u zna\u010dajno urbano sredi\u0161te u srednjovjekovnoj Slavoniji. Vidljivo je to iz dokumenta nastalog 1308. godine u kojem je izgra\u0111ena kao op\u0107ina gdje su ure\u0111eni upravni i pravni odnosi, poznat joj je prostorni teritorij i koristi se porezni sustav. Taj razvoj zavr\u0161ava 1353. godine kada herceg Stjepan Koloman izdaje Koprivnici povlasticu kakvu imaju kraljevski gradovi kao i pravo utvr\u0111ivanja grada (<em>civitas<\/em>). Tim se \u010dinom grad i formalno izdvaja iz vlastelinstva \u0161to je pak rezultiralo progla\u0161enjem Koprivnice slobodnim i kraljevskim gradom (<em>liberae et regiae civitatis Caproncensis<\/em>) 1356. godine kraljevskom poveljom Ludovika I. An\u017euvinca, a po uzoru na povelju zagreba\u010dkog Gradeca iz 1242. godine. U su\u0161tini se ovim posljednjim proglasom potvr\u0111uje ve\u0107 ranija Stjepanova povelja, a uz dodavanje prava na trgovanje na gradskom trgu.<\/p>\n\n\n\n<hr class=\"wp-block-separator\"\/>\n\n\n\n<p>Izvor:<\/p>\n\n\n\n<figure class=\"wp-block-embed-wordpress wp-block-embed is-type-wp-embed is-provider-muzej-grada-koprivnice\"><div class=\"wp-block-embed__wrapper\">\n<blockquote class=\"wp-embedded-content\" data-secret=\"NVK52dVuzr\"><a href=\"https:\/\/www.muzej-koprivnica.hr\/kolokvij-povodom-750-godina-od-prvog-poznatog-spomena-koprivnice\/\">Kolokvij povodom 750 godina od prvog poznatog spomena Koprivnice<\/a><\/blockquote><iframe loading=\"lazy\" class=\"wp-embedded-content\" sandbox=\"allow-scripts\" security=\"restricted\" style=\"position: absolute; clip: rect(1px, 1px, 1px, 1px);\" title=\"&#8220;Kolokvij povodom 750 godina od prvog poznatog spomena Koprivnice&#8221; &#8212; Muzej grada Koprivnice\" src=\"https:\/\/www.muzej-koprivnica.hr\/kolokvij-povodom-750-godina-od-prvog-poznatog-spomena-koprivnice\/embed\/#?secret=K3qP07ibvK#?secret=NVK52dVuzr\" data-secret=\"NVK52dVuzr\" width=\"600\" height=\"338\" frameborder=\"0\" marginwidth=\"0\" marginheight=\"0\" scrolling=\"no\"><\/iframe>\n<\/div><\/figure>\n\n\n\n<hr class=\"wp-block-separator\"\/>\n","protected":false},"excerpt":{"rendered":"","protected":false},"author":2,"featured_media":33629,"comment_status":"open","ping_status":"open","sticky":false,"template":"","format":"standard","meta":{"_acf_changed":false,"jetpack_post_was_ever_published":false,"_jetpack_newsletter_access":"","_jetpack_dont_email_post_to_subs":false,"_jetpack_newsletter_tier_id":0,"_jetpack_memberships_contains_paywalled_content":false,"_jetpack_memberships_contains_paid_content":false,"footnotes":"","jetpack_publicize_message":"","jetpack_publicize_feature_enabled":true,"jetpack_social_post_already_shared":true,"jetpack_social_options":{"image_generator_settings":{"template":"highway","default_image_id":0,"font":"","enabled":false},"version":2}},"categories":[3,9],"tags":[],"class_list":["post-33628","post","type-post","status-publish","format-standard","has-post-thumbnail","hentry","category-novosti","category-skupovi"],"acf":{"facebook_opis":""},"jetpack_publicize_connections":[],"jetpack_featured_media_url":"https:\/\/i0.wp.com\/historiografija.hr\/wp-content\/uploads\/2022\/12\/750-godina-Kc.jpg?fit=2480%2C1172&ssl=1","jetpack_sharing_enabled":true,"jetpack-related-posts":[],"_links":{"self":[{"href":"https:\/\/historiografija.hr\/index.php?rest_route=\/wp\/v2\/posts\/33628","targetHints":{"allow":["GET"]}}],"collection":[{"href":"https:\/\/historiografija.hr\/index.php?rest_route=\/wp\/v2\/posts"}],"about":[{"href":"https:\/\/historiografija.hr\/index.php?rest_route=\/wp\/v2\/types\/post"}],"author":[{"embeddable":true,"href":"https:\/\/historiografija.hr\/index.php?rest_route=\/wp\/v2\/users\/2"}],"replies":[{"embeddable":true,"href":"https:\/\/historiografija.hr\/index.php?rest_route=%2Fwp%2Fv2%2Fcomments&post=33628"}],"version-history":[{"count":2,"href":"https:\/\/historiografija.hr\/index.php?rest_route=\/wp\/v2\/posts\/33628\/revisions"}],"predecessor-version":[{"id":33631,"href":"https:\/\/historiografija.hr\/index.php?rest_route=\/wp\/v2\/posts\/33628\/revisions\/33631"}],"wp:featuredmedia":[{"embeddable":true,"href":"https:\/\/historiografija.hr\/index.php?rest_route=\/wp\/v2\/media\/33629"}],"wp:attachment":[{"href":"https:\/\/historiografija.hr\/index.php?rest_route=%2Fwp%2Fv2%2Fmedia&parent=33628"}],"wp:term":[{"taxonomy":"category","embeddable":true,"href":"https:\/\/historiografija.hr\/index.php?rest_route=%2Fwp%2Fv2%2Fcategories&post=33628"},{"taxonomy":"post_tag","embeddable":true,"href":"https:\/\/historiografija.hr\/index.php?rest_route=%2Fwp%2Fv2%2Ftags&post=33628"}],"curies":[{"name":"wp","href":"https:\/\/api.w.org\/{rel}","templated":true}]}}