{"id":33604,"date":"2022-11-29T10:04:17","date_gmt":"2022-11-29T10:04:17","guid":{"rendered":"http:\/\/historiografija.hr\/?p=33604"},"modified":"2022-11-29T10:04:17","modified_gmt":"2022-11-29T10:04:17","slug":"izlozba-zaboravljena-dalmacija","status":"publish","type":"post","link":"https:\/\/historiografija.hr\/?p=33604","title":{"rendered":"Izlo\u017eba \u201eZaboravljena Dalmacija\u201c"},"content":{"rendered":"\n<p>Izlo\u017eba \u02ddZaboravljena Dalmacija 1.\u02dd nastavak je rada Igora Gole\u0161a, autora istoimenih monografija, na promociji vizura Dalmacije s kraja 19. stolje\u0107a pa do 1960. godine. Njegova Zaboravljena Dalmacija je ona sa starih razglednica, fotografija i dokumenta kao nijemih svjedoka jednog vremena. One podsje\u0107aju na jednostavnost \u017eivota u eri kada je tako malo trebalo za sre\u0107u, a ljudi su \u017eivjeli skromno, njeguju\u0107i kult obitelji i tradicijske vrijednosti; sve ono \u0161to danas kopni pred naletima suvremene ere, pritom postavljaju\u0107i pitanje i nama samima koliko uistinu radimo na o\u010duvanju na\u0161eg identiteta.<\/p>\n\n\n\n<p>Postav izlo\u017ebe \u010dini 25 reproduciranih starih fotografija velikog formata koje prikazuju razli\u010dita mjesta, ljude i doga\u0111aje \u0161irom Dalmacije, a za splitsku izlo\u017ebu autor je u suradnji s kolegama kolekcionarima pro\u0161irio osnovni postav pru\u017eaju\u0107i posjetiteljima prigodu uvida u nevjerojatne dokumente iz 19. i 20 stolje\u0107a vezane uz povijest dalmatinskog prostora kao i niz drugih originalnih fotografija i razglednica iz tog vremena.<\/p>\n\n\n\n<p>Svakako neki od najzanimljivijih eksponata koji \u0107e biti izlo\u017eeni su Inventarna knjiga jedrenjaka &#8220;Zabulon&#8221; iz 1878. godine; smrtna presuda Hajduku \u0160imi\u0107u u Zadru iz 1844. godine; Proglas o otvaranju cesta\u00a0 i kona\u010di\u0161ta u Dalmatinskoj zagori iz 1807. godine; kapetanska diploma Nikole \u017dupe iz 1838. godine; Riegerova mapa Jadrana iz 1860. godine; nevjerojatna fotografija laboratorija za navrtanje vinove loze u Zavali na Hvaru iz 1909. godine; razglednice Metkovi\u0107a koje prikazuju prolaz posmrtnih ostataka Franza Ferdinanda i Sofije Chotek; razglednice s obljetnice proslave 300. godi\u0161njice Svetog Kri\u017ea u Vrboskoj; etikete dalmatinskih vina s po\u010detka 20. stolje\u0107a; fotografije niza kapetana iz Dalmacije iz razdoblja od 1861. do 1863. godine; album s fotografijama Splita iz 1889. godine itd&#8230;<\/p>\n\n\n\n<hr class=\"wp-block-separator\"\/>\n\n\n\n<p>ZABORAVLJENA DALMACIJA u Hrvatskom pomorskom muzeju Split, 1.12. u 12h<\/p>\n\n\n\n<p>Izlo\u017eba ostaje otvorena do 28. sije\u010dnja 2023. godine<\/p>\n\n\n\n<hr class=\"wp-block-separator\"\/>\n\n\n\n<p>Izvor:<\/p>\n\n\n\n<p><a href=\"https:\/\/www.facebook.com\/HrvatskiPomorskiMuzejSplit\/\">https:\/\/www.facebook.com\/HrvatskiPomorskiMuzejSplit\/<\/a><\/p>\n\n\n\n<hr class=\"wp-block-separator\"\/>\n","protected":false},"excerpt":{"rendered":"","protected":false},"author":2,"featured_media":33605,"comment_status":"open","ping_status":"open","sticky":false,"template":"","format":"standard","meta":{"_acf_changed":false,"jetpack_post_was_ever_published":false,"_jetpack_newsletter_access":"","_jetpack_dont_email_post_to_subs":false,"_jetpack_newsletter_tier_id":0,"_jetpack_memberships_contains_paywalled_content":false,"_jetpack_memberships_contains_paid_content":false,"footnotes":"","jetpack_publicize_message":"","jetpack_publicize_feature_enabled":true,"jetpack_social_post_already_shared":true,"jetpack_social_options":{"image_generator_settings":{"template":"highway","default_image_id":0,"font":"","enabled":false},"version":2}},"categories":[10,3],"tags":[],"class_list":["post-33604","post","type-post","status-publish","format-standard","has-post-thumbnail","hentry","category-izlozbe","category-novosti"],"acf":{"facebook_opis":""},"jetpack_publicize_connections":[],"jetpack_featured_media_url":"https:\/\/i0.wp.com\/historiografija.hr\/wp-content\/uploads\/2022\/11\/Dalmacija.jpg?fit=843%2C1499&ssl=1","jetpack_sharing_enabled":true,"jetpack-related-posts":[],"_links":{"self":[{"href":"https:\/\/historiografija.hr\/index.php?rest_route=\/wp\/v2\/posts\/33604","targetHints":{"allow":["GET"]}}],"collection":[{"href":"https:\/\/historiografija.hr\/index.php?rest_route=\/wp\/v2\/posts"}],"about":[{"href":"https:\/\/historiografija.hr\/index.php?rest_route=\/wp\/v2\/types\/post"}],"author":[{"embeddable":true,"href":"https:\/\/historiografija.hr\/index.php?rest_route=\/wp\/v2\/users\/2"}],"replies":[{"embeddable":true,"href":"https:\/\/historiografija.hr\/index.php?rest_route=%2Fwp%2Fv2%2Fcomments&post=33604"}],"version-history":[{"count":1,"href":"https:\/\/historiografija.hr\/index.php?rest_route=\/wp\/v2\/posts\/33604\/revisions"}],"predecessor-version":[{"id":33606,"href":"https:\/\/historiografija.hr\/index.php?rest_route=\/wp\/v2\/posts\/33604\/revisions\/33606"}],"wp:featuredmedia":[{"embeddable":true,"href":"https:\/\/historiografija.hr\/index.php?rest_route=\/wp\/v2\/media\/33605"}],"wp:attachment":[{"href":"https:\/\/historiografija.hr\/index.php?rest_route=%2Fwp%2Fv2%2Fmedia&parent=33604"}],"wp:term":[{"taxonomy":"category","embeddable":true,"href":"https:\/\/historiografija.hr\/index.php?rest_route=%2Fwp%2Fv2%2Fcategories&post=33604"},{"taxonomy":"post_tag","embeddable":true,"href":"https:\/\/historiografija.hr\/index.php?rest_route=%2Fwp%2Fv2%2Ftags&post=33604"}],"curies":[{"name":"wp","href":"https:\/\/api.w.org\/{rel}","templated":true}]}}