{"id":33594,"date":"2022-11-28T18:54:21","date_gmt":"2022-11-28T18:54:21","guid":{"rendered":"http:\/\/historiografija.hr\/?p=33594"},"modified":"2022-11-28T18:54:21","modified_gmt":"2022-11-28T18:54:21","slug":"bb-marija-grujic-belonging-in-unhomely-homelands-an-intersectional-approach-to-kosovo-serbs-protracted-displacement","status":"publish","type":"post","link":"https:\/\/historiografija.hr\/?p=33594","title":{"rendered":"BB: Marija Gruji\u0107 &#8211; Belonging in Unhomely Homelands? An Intersectional Approach to Kosovo Serbs\u2019 Protracted Displacement"},"content":{"rendered":"\n<p><em>In this lecture, I present an intersectional approach to protracted (internal) displacement by focusing on oscillations of belonging in the biographical narratives of Kosovo Serb IDPs who fled Kosovo in 1999 after NATO bombing and Kosovo Albanian paramilitary reprisal. I will discuss what it means for these people to lose their place in Kosovo \u2013 physical, social and symbolic \u2013 and not find it (or at least not to have it in the same way) in Serbia. The conceptualisation of belonging as fluctuating between spatial and temporal nonbelonging and unbelonging \u2013 \u2018there\u2019\/\u2019then\u2019, \u2018here\u2019\/\u2019now\u2019 questions assumptions about homeliness of national belonging by focusing on the positions of \u2018co-ethnics\u2019 and how they are being seen (by others and themselves) as the Other\/ different.<\/em><\/p>\n\n\n\n<p><strong>Marija Gruji\u0107 <\/strong>is a sociologist of gender and migration with an interdisciplinary academic background and cross-sectoral professional experience in the EU and Western Balkans. She holds a PhD in Sociology from Goethe University Frankfurt and has obtained degrees in philosophy (BA, Belgrade University) and religious studies (MSc, Sarajevo University). Her expertise is in questions about oscillations of belonging in internal (protracted) displacement, intersectionality, irregular migration decision-making and the role of gender norms in conflict-induced displacements\/emplacements. Currently, she is a Researcher at the ICMPD, an international organisation focusing on evidence-based research and migration policy. Prior to this post, she was a Lecturer at the Chair for Women and Gender Studies at Goethe University Frankfurt.<\/p>\n\n\n\n<hr class=\"wp-block-separator\"\/>\n\n\n\n<p>29.11.2022 13:00 &#8211; 14:00<\/p>\n\n\n\n<p>Zentrum f\u00fcr S\u00fcdosteuropastudien &amp; SOEGA<\/p>\n\n\n\n<hr class=\"wp-block-separator\"\/>\n\n\n\n<p><a href=\"https:\/\/suedosteuropa.uni-graz.at\/en\/events\/detail\/article\/bb-belonging-in-unhomely-homelands-an-intersectional-approach-to-kosovo-serbs-protracted-displacement\/\">https:\/\/suedosteuropa.uni-graz.at\/en\/events\/detail\/article\/bb-belonging-in-unhomely-homelands-an-intersectional-approach-to-kosovo-serbs-protracted-displacement\/<\/a><\/p>\n\n\n\n<hr class=\"wp-block-separator\"\/>\n","protected":false},"excerpt":{"rendered":"","protected":false},"author":2,"featured_media":28306,"comment_status":"open","ping_status":"open","sticky":false,"template":"","format":"standard","meta":{"_acf_changed":false,"_jetpack_newsletter_access":"","_jetpack_dont_email_post_to_subs":false,"_jetpack_newsletter_tier_id":0,"_jetpack_memberships_contains_paywalled_content":false,"_jetpack_memberships_contains_paid_content":false,"footnotes":"","jetpack_publicize_message":"","jetpack_publicize_feature_enabled":true,"jetpack_social_post_already_shared":true,"jetpack_social_options":{"image_generator_settings":{"template":"highway","default_image_id":0,"font":"","enabled":false},"version":2},"jetpack_post_was_ever_published":false},"categories":[3],"tags":[],"class_list":["post-33594","post","type-post","status-publish","format-standard","has-post-thumbnail","hentry","category-novosti"],"acf":{"facebook_opis":""},"jetpack_publicize_connections":[],"jetpack_featured_media_url":"https:\/\/i0.wp.com\/historiografija.hr\/wp-content\/uploads\/2021\/11\/uni-graz.png?fit=242%2C208&ssl=1","jetpack_sharing_enabled":true,"jetpack-related-posts":[{"id":54612,"url":"https:\/\/historiografija.hr\/?p=54612","url_meta":{"origin":33594,"position":0},"title":"Kristina Palokaj Perkola, \u201eThe Outlines of a Social History of Music in Kosovo, 1945\u00a0\u00a0to 2020\u201c","author":"Branimir Jankovi\u0107","date":"15. srpnja 2026.","format":false,"excerpt":"Autorica Kristina Palokaj Perkola u knjizi The Outlines of a Social History of Music in Kosovo, 1945\u00a0\u00a0to 2020 donosi prvi cjelovit prikaz dru\u0161tvene povijesti glazbe na Kosovu od 1945. do 2020. godine, istra\u017euju\u0107i razvoj glazbenog \u017eivota, institucija i skladateljskog stvarala\u0161tva u njihovu povijesnom i dru\u0161tvenom kontekstu. O knjizi Knjiga Kristine\u2026","rel":"","context":"U &quot;Knjige&quot;","block_context":{"text":"Knjige","link":"https:\/\/historiografija.hr\/?cat=8"},"img":{"alt_text":"","src":"https:\/\/i0.wp.com\/historiografija.hr\/wp-content\/uploads\/2026\/07\/Perkola_SocijalnaPovijest-glazbe-na-Kosovu-naslovnica.jpg?fit=851%2C1200&ssl=1&resize=350%2C200","width":350,"height":200,"srcset":"https:\/\/i0.wp.com\/historiografija.hr\/wp-content\/uploads\/2026\/07\/Perkola_SocijalnaPovijest-glazbe-na-Kosovu-naslovnica.jpg?fit=851%2C1200&ssl=1&resize=350%2C200 1x, https:\/\/i0.wp.com\/historiografija.hr\/wp-content\/uploads\/2026\/07\/Perkola_SocijalnaPovijest-glazbe-na-Kosovu-naslovnica.jpg?fit=851%2C1200&ssl=1&resize=525%2C300 1.5x, https:\/\/i0.wp.com\/historiografija.hr\/wp-content\/uploads\/2026\/07\/Perkola_SocijalnaPovijest-glazbe-na-Kosovu-naslovnica.jpg?fit=851%2C1200&ssl=1&resize=700%2C400 2x"},"classes":[]},{"id":54617,"url":"https:\/\/historiografija.hr\/?p=54617","url_meta":{"origin":33594,"position":1},"title":"GO STYRIA RESEARCH GRANT for summer semester 2027","author":"Branimir Jankovi\u0107","date":"15. srpnja 2026.","format":false,"excerpt":"Go Styria is open for master and doctoral students as well as Post Docs interested in a short term research stay in the context of their master, doctoral thesis or Post-Doc research.Target region: Albania, Bosnia and Herzegovina, Bulgaria, Croatia, Cyprus, Greece, Hungary, Kosovo, Moldova, Montenegro, North Macedonia, Romania, Serbia, Slovenia,\u2026","rel":"","context":"U &quot;Novosti&quot;","block_context":{"text":"Novosti","link":"https:\/\/historiografija.hr\/?cat=3"},"img":{"alt_text":"","src":"https:\/\/i0.wp.com\/historiografija.hr\/wp-content\/uploads\/2026\/07\/Styria.jpg?fit=447%2C447&ssl=1&resize=350%2C200","width":350,"height":200},"classes":[]},{"id":53433,"url":"https:\/\/historiografija.hr\/?p=53433","url_meta":{"origin":33594,"position":2},"title":"Autosociobiography: A Literary Phenomenon and Its Global Entanglements","author":"Branimir Jankovi\u0107","date":"18. svibnja 2026.","format":false,"excerpt":"Johanna Bundschuh-van Duikeren \/ Marie Jacquier \/ Peter L\u00f6ffelbein (Eds.) Autosociobiography, a term coined by nobel-prize winner Annie Ernaux, is recognized as a productive literary phenomenon at the intersection of literary representation, social analysis and political commentary. The contributors to this volume trace the global entanglements of autosociobiographical texts, especially\u2026","rel":"","context":"U &quot;E-knjige&quot;","block_context":{"text":"E-knjige","link":"https:\/\/historiografija.hr\/?cat=19"},"img":{"alt_text":"","src":"https:\/\/i0.wp.com\/historiografija.hr\/wp-content\/uploads\/2026\/05\/Auto.jpg?fit=789%2C765&ssl=1&resize=350%2C200","width":350,"height":200,"srcset":"https:\/\/i0.wp.com\/historiografija.hr\/wp-content\/uploads\/2026\/05\/Auto.jpg?fit=789%2C765&ssl=1&resize=350%2C200 1x, https:\/\/i0.wp.com\/historiografija.hr\/wp-content\/uploads\/2026\/05\/Auto.jpg?fit=789%2C765&ssl=1&resize=525%2C300 1.5x, https:\/\/i0.wp.com\/historiografija.hr\/wp-content\/uploads\/2026\/05\/Auto.jpg?fit=789%2C765&ssl=1&resize=700%2C400 2x"},"classes":[]},{"id":54738,"url":"https:\/\/historiografija.hr\/?p=54738","url_meta":{"origin":33594,"position":3},"title":"Call for Papers: International Medieval Congress 2027 &#8211; &#8216;Communities&#8217;","author":"Branimir Jankovi\u0107","date":"22. srpnja 2026.","format":false,"excerpt":"IMC 2027 will take place from Monday 05 July to Thursday 08 July 2027 and this will be the sixth fully-hybrid event. There will be an in-person gathering in Leeds with a virtual component for those unable to attend in person. Call for Papers: IMC 2027 - Communities The IMC\u2026","rel":"","context":"U &quot;Novosti&quot;","block_context":{"text":"Novosti","link":"https:\/\/historiografija.hr\/?cat=3"},"img":{"alt_text":"","src":"https:\/\/i0.wp.com\/historiografija.hr\/wp-content\/uploads\/2026\/07\/CfP-Leeds-2027.jpg?fit=1200%2C675&ssl=1&resize=350%2C200","width":350,"height":200,"srcset":"https:\/\/i0.wp.com\/historiografija.hr\/wp-content\/uploads\/2026\/07\/CfP-Leeds-2027.jpg?fit=1200%2C675&ssl=1&resize=350%2C200 1x, https:\/\/i0.wp.com\/historiografija.hr\/wp-content\/uploads\/2026\/07\/CfP-Leeds-2027.jpg?fit=1200%2C675&ssl=1&resize=525%2C300 1.5x, https:\/\/i0.wp.com\/historiografija.hr\/wp-content\/uploads\/2026\/07\/CfP-Leeds-2027.jpg?fit=1200%2C675&ssl=1&resize=700%2C400 2x, https:\/\/i0.wp.com\/historiografija.hr\/wp-content\/uploads\/2026\/07\/CfP-Leeds-2027.jpg?fit=1200%2C675&ssl=1&resize=1050%2C600 3x"},"classes":[]},{"id":53473,"url":"https:\/\/historiografija.hr\/?p=53473","url_meta":{"origin":33594,"position":4},"title":"CfP: Those Who Serve: Service, Labor, and Social Hierarchies in Historical Perspective","author":"Branimir Jankovi\u0107","date":"19. svibnja 2026.","format":false,"excerpt":"Doctoral and Postdoctoral Workshop: Ljubljana, 12\u201313 November 2026 Keynote: prof. dr. Jane Whittle (University of Exeter) From domestic servants and agricultural laborers to apprentices, soldiers, and clerks \u2013 countless people across history lived and worked in the service of others. This workshop explores service not merely as a job category,\u2026","rel":"","context":"U &quot;Novosti&quot;","block_context":{"text":"Novosti","link":"https:\/\/historiografija.hr\/?cat=3"},"img":{"alt_text":"","src":"https:\/\/i0.wp.com\/historiografija.hr\/wp-content\/uploads\/2017\/10\/hsozkult.png?fit=1006%2C241&ssl=1&resize=350%2C200","width":350,"height":200,"srcset":"https:\/\/i0.wp.com\/historiografija.hr\/wp-content\/uploads\/2017\/10\/hsozkult.png?fit=1006%2C241&ssl=1&resize=350%2C200 1x, https:\/\/i0.wp.com\/historiografija.hr\/wp-content\/uploads\/2017\/10\/hsozkult.png?fit=1006%2C241&ssl=1&resize=525%2C300 1.5x, https:\/\/i0.wp.com\/historiografija.hr\/wp-content\/uploads\/2017\/10\/hsozkult.png?fit=1006%2C241&ssl=1&resize=700%2C400 2x"},"classes":[]},{"id":52580,"url":"https:\/\/historiografija.hr\/?p=52580","url_meta":{"origin":33594,"position":5},"title":"Conference &#8220;Living in the aftermaths: Trauma, politics and survival in Yugoslavia and successor states, 1945 \u2013 present&#8221;","author":"Branimir Jankovi\u0107","date":"21. travnja 2026.","format":false,"excerpt":"The conference aims to explore how war-related psychological distress was experienced, narrated, debated and reframed in Yugoslavia in the second half of the twentieth century. It asks how the theme of wounded psyche and wartime suffering was addressed and acknowledged in political, psychiatric and broader cultural discourses of socialist Yugoslavia,\u2026","rel":"","context":"U &quot;Novosti&quot;","block_context":{"text":"Novosti","link":"https:\/\/historiografija.hr\/?cat=3"},"img":{"alt_text":"","src":"https:\/\/i0.wp.com\/historiografija.hr\/wp-content\/uploads\/2026\/04\/Battle_of_Neretva_Picasso_poster-Conference-Living-in-the-aftermaths.webp?fit=564%2C954&ssl=1&resize=350%2C200","width":350,"height":200,"srcset":"https:\/\/i0.wp.com\/historiografija.hr\/wp-content\/uploads\/2026\/04\/Battle_of_Neretva_Picasso_poster-Conference-Living-in-the-aftermaths.webp?fit=564%2C954&ssl=1&resize=350%2C200 1x, https:\/\/i0.wp.com\/historiografija.hr\/wp-content\/uploads\/2026\/04\/Battle_of_Neretva_Picasso_poster-Conference-Living-in-the-aftermaths.webp?fit=564%2C954&ssl=1&resize=525%2C300 1.5x"},"classes":[]}],"_links":{"self":[{"href":"https:\/\/historiografija.hr\/index.php?rest_route=\/wp\/v2\/posts\/33594","targetHints":{"allow":["GET"]}}],"collection":[{"href":"https:\/\/historiografija.hr\/index.php?rest_route=\/wp\/v2\/posts"}],"about":[{"href":"https:\/\/historiografija.hr\/index.php?rest_route=\/wp\/v2\/types\/post"}],"author":[{"embeddable":true,"href":"https:\/\/historiografija.hr\/index.php?rest_route=\/wp\/v2\/users\/2"}],"replies":[{"embeddable":true,"href":"https:\/\/historiografija.hr\/index.php?rest_route=%2Fwp%2Fv2%2Fcomments&post=33594"}],"version-history":[{"count":1,"href":"https:\/\/historiografija.hr\/index.php?rest_route=\/wp\/v2\/posts\/33594\/revisions"}],"predecessor-version":[{"id":33595,"href":"https:\/\/historiografija.hr\/index.php?rest_route=\/wp\/v2\/posts\/33594\/revisions\/33595"}],"wp:featuredmedia":[{"embeddable":true,"href":"https:\/\/historiografija.hr\/index.php?rest_route=\/wp\/v2\/media\/28306"}],"wp:attachment":[{"href":"https:\/\/historiografija.hr\/index.php?rest_route=%2Fwp%2Fv2%2Fmedia&parent=33594"}],"wp:term":[{"taxonomy":"category","embeddable":true,"href":"https:\/\/historiografija.hr\/index.php?rest_route=%2Fwp%2Fv2%2Fcategories&post=33594"},{"taxonomy":"post_tag","embeddable":true,"href":"https:\/\/historiografija.hr\/index.php?rest_route=%2Fwp%2Fv2%2Ftags&post=33594"}],"curies":[{"name":"wp","href":"https:\/\/api.w.org\/{rel}","templated":true}]}}