{"id":33586,"date":"2022-11-25T22:43:47","date_gmt":"2022-11-25T22:43:47","guid":{"rendered":"http:\/\/historiografija.hr\/?p=33586"},"modified":"2022-11-25T22:44:06","modified_gmt":"2022-11-25T22:44:06","slug":"poziv-na-studentski-skup-tijelo-i-emocije","status":"publish","type":"post","link":"https:\/\/historiografija.hr\/?p=33586","title":{"rendered":"Poziv na studentski skup &#8220;Tijelo i emocije&#8221;"},"content":{"rendered":"\n<p>Uz potporu Odsjeka za povijest Filozofskog fakulteta Sveu\u010dili\u0161ta u Zagrebu, uredni\u0161tvo 18. broja \u010dasopisa Pro tempore i ove je godine odlu\u010dilo odr\u017eati studentski skup na kojem mogu izlagati studenti i svi drugi zainteresirani. Odabir ovogodi\u0161nje teme <em>Tijelo i emocije<\/em> nudi mogu\u0107nost sudjelovanja izlaga\u010dima iz razli\u010ditih struka, \u010dime se studente poti\u010de na suradnju i me\u0111usobnu razmjenu ideja te otvara prostor za u\u010denje i znanstveno sazrijevanje. Skup \u0107e se odr\u017eati 20. travnja 2023. godine s po\u010detkom u 10 sati u Vije\u0107nici Filozofskog fakulteta u Zagrebu.<\/p>\n\n\n\n<p>Ovogodi\u0161nja tema otvorena je za izlaga\u010de koji se bave svim povijesnim razdobljima te, s obzirom na to da je istra\u017eivanje tijela i emocija nu\u017eno interdisciplinarno, na prijavu se poti\u010du i izlaga\u010di koji se navedenim fenomenima bave u okviru srodnih dru\u0161tvenih i humanisti\u010dkih disciplina poput antropologije, filozofije, etnologije, komparativne knji\u017eevnosti, sociologije, psihoanalize itd.<\/p>\n\n\n\n<p>Prihva\u0107aju se izlaganja koja se bave tijelom i tjelesno\u0161\u0107u, odnosno ona koja tematiziraju bolesti, pandemije, smrt, seksualnost, rod, rasu, ljepotu i sli\u010dne fenomene u odre\u0111enim povijesnim razdobljima. U obzir dolaze i izlaganja koja analiziraju na\u010dine na koje se emocije tematiziraju u razli\u010ditim vrstama povijesnih izvora, na\u010dine na koje one utje\u010du na djelovanje povijesnih aktera te na njihov tretman, kontrolu i razumijevanje u razli\u010ditim povijesno-politi\u010dkim, civilizacijskim i kulturnim kontekstima. &nbsp;<\/p>\n\n\n\n<p>Budu\u0107i da se tijelo i emocije mogu tuma\u010diti i kao biolo\u0161ke konstante, ali pod utjecajem socijalnog konstruktivizma i kao kulturno i povijesno uvjetovani fenomeni, poti\u010de se i prijava radova koji problemu tijela i emocija (u povijesti) pristupaju iz razli\u010ditih teorijskih perspektiva.<\/p>\n\n\n\n<p>U prijavi je potrebno navesti ime i prezime, stupanj obrazovanja te kratak sa\u017eetak u kojem je potrebno ukratko objasniti temu o kojoj se namjerava izlagati (ne vi\u0161e od 500 rije\u010di). Mogu\u0107e je izlagati na hrvatskom i njemu srodnim jezicima (srpskom, bosanskom, crnogorskom) te na engleskom jeziku. Izlaganje mo\u017ee trajati najvi\u0161e 20 minuta.<\/p>\n\n\n\n<p>Prijavu je potrebno podnijeti do 31. o\u017eujka 2023. godine na mail <a href=\"mailto:casopis.protempore@gmail.com\">casopis.protempore@gmail.com<\/a>. Sudionike skupa nastoji se potaknuti i da svoje referate objave u 18. broju \u010dasopisa Pro tempore.<\/p>\n\n\n\n<hr class=\"wp-block-separator\"\/>\n\n\n\n<p><\/p>\n","protected":false},"excerpt":{"rendered":"","protected":false},"author":2,"featured_media":16062,"comment_status":"open","ping_status":"open","sticky":false,"template":"","format":"standard","meta":{"_acf_changed":false,"jetpack_post_was_ever_published":false,"_jetpack_newsletter_access":"","_jetpack_dont_email_post_to_subs":false,"_jetpack_newsletter_tier_id":0,"_jetpack_memberships_contains_paywalled_content":false,"_jetpack_memberships_contains_paid_content":false,"footnotes":"","jetpack_publicize_message":"","jetpack_publicize_feature_enabled":true,"jetpack_social_post_already_shared":true,"jetpack_social_options":{"image_generator_settings":{"template":"highway","default_image_id":0,"font":"","enabled":false},"version":2}},"categories":[3,9],"tags":[],"class_list":["post-33586","post","type-post","status-publish","format-standard","has-post-thumbnail","hentry","category-novosti","category-skupovi"],"acf":{"facebook_opis":""},"jetpack_publicize_connections":[],"jetpack_featured_media_url":"https:\/\/i0.wp.com\/historiografija.hr\/wp-content\/uploads\/2019\/08\/pt.png?fit=721%2C1024&ssl=1","jetpack_sharing_enabled":true,"jetpack-related-posts":[],"_links":{"self":[{"href":"https:\/\/historiografija.hr\/index.php?rest_route=\/wp\/v2\/posts\/33586","targetHints":{"allow":["GET"]}}],"collection":[{"href":"https:\/\/historiografija.hr\/index.php?rest_route=\/wp\/v2\/posts"}],"about":[{"href":"https:\/\/historiografija.hr\/index.php?rest_route=\/wp\/v2\/types\/post"}],"author":[{"embeddable":true,"href":"https:\/\/historiografija.hr\/index.php?rest_route=\/wp\/v2\/users\/2"}],"replies":[{"embeddable":true,"href":"https:\/\/historiografija.hr\/index.php?rest_route=%2Fwp%2Fv2%2Fcomments&post=33586"}],"version-history":[{"count":2,"href":"https:\/\/historiografija.hr\/index.php?rest_route=\/wp\/v2\/posts\/33586\/revisions"}],"predecessor-version":[{"id":33588,"href":"https:\/\/historiografija.hr\/index.php?rest_route=\/wp\/v2\/posts\/33586\/revisions\/33588"}],"wp:featuredmedia":[{"embeddable":true,"href":"https:\/\/historiografija.hr\/index.php?rest_route=\/wp\/v2\/media\/16062"}],"wp:attachment":[{"href":"https:\/\/historiografija.hr\/index.php?rest_route=%2Fwp%2Fv2%2Fmedia&parent=33586"}],"wp:term":[{"taxonomy":"category","embeddable":true,"href":"https:\/\/historiografija.hr\/index.php?rest_route=%2Fwp%2Fv2%2Fcategories&post=33586"},{"taxonomy":"post_tag","embeddable":true,"href":"https:\/\/historiografija.hr\/index.php?rest_route=%2Fwp%2Fv2%2Ftags&post=33586"}],"curies":[{"name":"wp","href":"https:\/\/api.w.org\/{rel}","templated":true}]}}