{"id":33579,"date":"2022-11-25T22:31:33","date_gmt":"2022-11-25T22:31:33","guid":{"rendered":"http:\/\/historiografija.hr\/?p=33579"},"modified":"2022-11-25T22:31:33","modified_gmt":"2022-11-25T22:31:33","slug":"medunarodna-konferencija-knjizevnost-i-revolucije","status":"publish","type":"post","link":"https:\/\/historiografija.hr\/?p=33579","title":{"rendered":"Me\u0111unarodna konferencija \u201eKnji\u017eevnost i revolucije\u201c"},"content":{"rendered":"\n<p>Pozivaju se svi na me\u0111unarodnu konferenciju <strong>Knji\u017eevnost i revolucije<\/strong>, koja \u0107e se kao dio projekta Hrvatske zaklade za znanost (LIRE IP-01-2018-7020), odr\u017eati <strong>od 29. studenog do 1. prosinca<\/strong> 2022. u Vije\u0107nici Filozofskog fakulteta u Zagrebu.<\/p>\n\n\n\n<p>Na skupu \u0107e sudjelovati 40 znanstvenica i znanstvenika iz Srbije, Slovenije, Austrije, Njema\u010dke i Hrvatske. U programu isti\u010demo tri plenarna predavanja koja \u0107e odr\u017eati Predrag Brebanovi\u0107, Lada \u010cale Feldman i Marina Gr\u017eini\u0107 te promocije knjiga dviju \u010dlanica projektnog tima. Zrinka Bo\u017ei\u0107 objavila je knjigu <strong>The Community in Avant-Garde Literature and Politics<\/strong> (Palgrave Macmillan, 2022), a Andrea Milanko priredila zbornik <strong>Teorija lirike<\/strong> (FF-Press, 2022).<\/p>\n\n\n\n<p>Konferenciju mo\u017eete pratiti i preko <a href=\"https:\/\/teams.microsoft.com\/l\/meetup-join\/19%3ameeting_YWU2MTIzZTMtM2JiNC00ZjYzLWE0MjctOTI5NmI5MTViOWMz%40thread.v2\/0?context=%7b%22Tid%22%3a%22966177f7-9bc0-476a-8430-5470af760278%22%2c%22Oid%22%3a%228845230a-e61b-4c51-8ee7-15fc55beaa39%22%7d\">MS Teams poveznice<\/a>.<\/p>\n\n\n\n<ul class=\"wp-block-list\"><li><a href=\"https:\/\/web2020.ffzg.unizg.hr\/wp-content\/uploads\/2022\/11\/Program-Knjizevnost-i-revolucije.pdf\">Program<\/a><\/li><li><a href=\"https:\/\/web2020.ffzg.unizg.hr\/wp-content\/uploads\/2022\/11\/Knjizica-sazetaka-Knjizevnost-i-revolucije.pdf\">Knji\u017eica sa\u017eetaka<\/a><\/li><\/ul>\n\n\n\n<p><strong>O konferenciji<\/strong><\/p>\n\n\n\n<p>Konferencija Knji\u017eevnost i revolucije pred sobom ima radikalne promjene koje se u umjetni\u010dkom polju, prije svega kroz knji\u017eevne prakse generiraju u odnosu prema politi\u010dkim i socijalnim revolucijama. Zanima nas u kojem su odnosu knji\u017eevne revolucije i smjene paradigmi: knji\u017eevna povijest, modeli, tipovi, koncepti jezika i literarnosti, autorske prakse i poetike? Je li mogu\u0107e ponuditi redefinicije i nova \u010ditanja avangarde kao historijskog, transhistorijskog i nadnacionalnog pojma?<\/p>\n\n\n\n<p>Kako autorske poetike u odnosu prema promjenama koje se zbivaju unutar knji\u017eevnog polja dugoro\u010dno mijenjaju strategije govora, pisanja i \u0161utnje, oblikuju predod\u017ebe i politi\u010dke pojmove zajednice, reflektiraju\u0107i smjer povijesnih procesa? Na koji na\u010din se pritom ostvaruje emancipacijski potencijal knji\u017eevnosti, a na koji na\u010din funkcioniraju radikalne promjene u poetskom izrazu? U kojem odnosu prema konceptima utopije i optimalne projekcije stoje pojedina\u010dne autorske hereze te kako iz toga grade vlastite \u0161ire zahvate u polju? Koja je pritom uloga kritike, a koja knji\u017eevne povijesti i teorije?<\/p>\n\n\n\n<p>Veselimo se ovoj prilici za zajedni\u010dki rad i diskusiju o ovim kompleksnim i relevantnim temama.<\/p>\n\n\n\n<p><strong>O projektu<\/strong><\/p>\n\n\n\n<p>Projekt Hrvatske zaklade za znanost Knji\u017eevne revolucije (IP-2018-01-7020) istra\u017euje naslije\u0111a avangarde u knji\u017eevnom i dru\u0161tvenom polju, polaze\u0107i prije svega od suvremenog, kriti\u010dkog razmatranja historijske avangarde u \u0161irem srednjoeuropskom i ju\u017enoslavenskom kontekstu. Cilj projekta je razvoj temeljnih znanja i teorijsko-metodolo\u0161ke paradigme za razumijevanje i analizu koncepata knji\u017eevnih revolucija utemeljenih u estetskoj autonomiji knji\u017eevnosti. Glavni su ciljevi projekta identifikacija pretpostavki koje su omogu\u0107ile avangardnu knji\u017eevnu revoluciju i opis tekstualne mre\u017ee simboli\u010dkih i politi\u010dkih praksi koje zajedni\u010dki tvore revolucionarni, emancipacijski potencijal knji\u017eevnosti. Imaju\u0107i prije svega pred sobom raznolike manifestacije avangardne knji\u017eevne revolucije u tekstovima kanonskih autora hrvatske i srodnih knji\u017eevnosti, istra\u017eiva\u010dke aktivnosti i znanstveni doprinosi projektnog tima raspore\u0111eni su u tri zadana fokusa:<\/p>\n\n\n\n<ol class=\"wp-block-list\" type=\"1\"><li>novi opis poetike kanonskih pisaca (pjesnika, prozaika i dramati\u010dara) hrvatskog modernizma;<\/li><li>iznalazak teorijske i metodolo\u0161ke platforme za istra\u017eivanje koncepata i praksi koje generiraju emancipacijski potencijal knji\u017eevnosti te daljnja istra\u017eivanja povijesti avangarde;<\/li><li>redefinicija i ponovno pozicioniranje avangarde kao transhistorijskog koncepta u novijoj povijesti knji\u017eevnosti.<\/li><\/ol>\n\n\n\n<p>Voditeljica projekta je izv. prof. dr. sc. Marina Protrka \u0160timec, a \u010dlanovi su: izv. prof. dr. sc. Aleksandar Mijatovi\u0107, doc. dr. sc. Zrinka Bo\u017ei\u0107, doc. dr. sc. Andrea Milanko, doc. dr. sc. Ana Tomljenovi\u0107, dr. sc. Zvonimir Glava\u0161 i doktorandica Mirela Daki\u0107.<\/p>\n\n\n\n<hr class=\"wp-block-separator\"\/>\n\n\n\n<p>Izvor:<\/p>\n\n\n\n<figure class=\"wp-block-embed-wordpress wp-block-embed is-type-wp-embed is-provider-filozofski-fakultet-sveucilista-u-zagrebu\"><div class=\"wp-block-embed__wrapper\">\n<blockquote class=\"wp-embedded-content\" data-secret=\"o1kYuSZTZs\"><a href=\"https:\/\/web2020.ffzg.unizg.hr\/blog\/2022\/11\/22\/medunarodna-konferencija-knjizevnost-i-revolucije\/\">Me\u0111unarodna konferencija &#8211; Knji\u017eevnost i revolucije<\/a><\/blockquote><iframe loading=\"lazy\" class=\"wp-embedded-content\" sandbox=\"allow-scripts\" security=\"restricted\" style=\"position: absolute; clip: rect(1px, 1px, 1px, 1px);\" title=\"&#8220;Me\u0111unarodna konferencija &#8211; Knji\u017eevnost i revolucije&#8221; &#8212; Filozofski fakultet Sveu\u010dili\u0161ta u Zagrebu\" src=\"https:\/\/web2020.ffzg.unizg.hr\/blog\/2022\/11\/22\/medunarodna-konferencija-knjizevnost-i-revolucije\/embed\/#?secret=o1kYuSZTZs\" data-secret=\"o1kYuSZTZs\" width=\"600\" height=\"338\" frameborder=\"0\" marginwidth=\"0\" marginheight=\"0\" scrolling=\"no\"><\/iframe>\n<\/div><\/figure>\n\n\n\n<hr class=\"wp-block-separator\"\/>\n","protected":false},"excerpt":{"rendered":"","protected":false},"author":2,"featured_media":33580,"comment_status":"open","ping_status":"open","sticky":false,"template":"","format":"standard","meta":{"_acf_changed":false,"jetpack_post_was_ever_published":false,"_jetpack_newsletter_access":"","_jetpack_dont_email_post_to_subs":false,"_jetpack_newsletter_tier_id":0,"_jetpack_memberships_contains_paywalled_content":false,"_jetpack_memberships_contains_paid_content":false,"footnotes":"","jetpack_publicize_message":"","jetpack_publicize_feature_enabled":true,"jetpack_social_post_already_shared":true,"jetpack_social_options":{"image_generator_settings":{"template":"highway","default_image_id":0,"font":"","enabled":false},"version":2}},"categories":[3,9],"tags":[],"class_list":["post-33579","post","type-post","status-publish","format-standard","has-post-thumbnail","hentry","category-novosti","category-skupovi"],"acf":{"facebook_opis":""},"jetpack_publicize_connections":[],"jetpack_featured_media_url":"https:\/\/i0.wp.com\/historiografija.hr\/wp-content\/uploads\/2022\/11\/Knjizevnost-i-revolucije.jpg?fit=768%2C1090&ssl=1","jetpack_sharing_enabled":true,"jetpack-related-posts":[],"_links":{"self":[{"href":"https:\/\/historiografija.hr\/index.php?rest_route=\/wp\/v2\/posts\/33579","targetHints":{"allow":["GET"]}}],"collection":[{"href":"https:\/\/historiografija.hr\/index.php?rest_route=\/wp\/v2\/posts"}],"about":[{"href":"https:\/\/historiografija.hr\/index.php?rest_route=\/wp\/v2\/types\/post"}],"author":[{"embeddable":true,"href":"https:\/\/historiografija.hr\/index.php?rest_route=\/wp\/v2\/users\/2"}],"replies":[{"embeddable":true,"href":"https:\/\/historiografija.hr\/index.php?rest_route=%2Fwp%2Fv2%2Fcomments&post=33579"}],"version-history":[{"count":1,"href":"https:\/\/historiografija.hr\/index.php?rest_route=\/wp\/v2\/posts\/33579\/revisions"}],"predecessor-version":[{"id":33581,"href":"https:\/\/historiografija.hr\/index.php?rest_route=\/wp\/v2\/posts\/33579\/revisions\/33581"}],"wp:featuredmedia":[{"embeddable":true,"href":"https:\/\/historiografija.hr\/index.php?rest_route=\/wp\/v2\/media\/33580"}],"wp:attachment":[{"href":"https:\/\/historiografija.hr\/index.php?rest_route=%2Fwp%2Fv2%2Fmedia&parent=33579"}],"wp:term":[{"taxonomy":"category","embeddable":true,"href":"https:\/\/historiografija.hr\/index.php?rest_route=%2Fwp%2Fv2%2Fcategories&post=33579"},{"taxonomy":"post_tag","embeddable":true,"href":"https:\/\/historiografija.hr\/index.php?rest_route=%2Fwp%2Fv2%2Ftags&post=33579"}],"curies":[{"name":"wp","href":"https:\/\/api.w.org\/{rel}","templated":true}]}}