{"id":33573,"date":"2022-11-25T22:05:55","date_gmt":"2022-11-25T22:05:55","guid":{"rendered":"http:\/\/historiografija.hr\/?p=33573"},"modified":"2022-11-25T22:05:55","modified_gmt":"2022-11-25T22:05:55","slug":"dragoslav-simic-vek-slikan-mikrofonom","status":"publish","type":"post","link":"https:\/\/historiografija.hr\/?p=33573","title":{"rendered":"Dragoslav Simi\u0107, \u201eVek slikan mikrofonom\u201c"},"content":{"rendered":"\n<p>Nedavno je objavljena knjiga\u00a0\u201eVek slikan mikrofonom&#8221;\u00a0novinara i dokumentarista\u00a0Dragoslava Simi\u0107a, knjiga \u201eza \u010ditanje i slu\u0161anje&#8221;, koja sadr\u017ei 40 pri\u010da na\u0161e usmene povijesti pro\u0161log vijeka. Prethodni Simi\u0107ev pothvat ovog tipa, knjiga \u201eGlasom pisana istorija&#8221; objavljena 2018. godine, nadogra\u0111en je multimedijalno, kori\u0161tenjem tehnologije QR koda, zahvaljuju\u0107i kojoj \u010ditatelj lako dolazi do izvorne audio-snimke izabrane pri\u010de.<\/p>\n\n\n\n<hr class=\"wp-block-separator\"\/>\n\n\n\n<p>Link na web-stranicu:&nbsp;<\/p>\n\n\n\n<p><a href=\"http:\/\/www.audioifotoarhiv.com\/\">http:\/\/www.audioifotoarhiv.com\/<\/a><\/p>\n\n\n\n<hr class=\"wp-block-separator\"\/>\n\n\n\n<p>Op\u0161irni osvrt Latinke Perovi\u0107:<\/p>\n\n\n\n<figure class=\"wp-block-embed-wordpress wp-block-embed is-type-wp-embed is-provider-pescanik\"><div class=\"wp-block-embed__wrapper\">\n<blockquote class=\"wp-embedded-content\" data-secret=\"zEtbWtnZFm\"><a href=\"https:\/\/pescanik.net\/knjiga-za-slusanje\/\">Knjiga za slu\u0161anje<\/a><\/blockquote><iframe loading=\"lazy\" class=\"wp-embedded-content\" sandbox=\"allow-scripts\" security=\"restricted\" style=\"position: absolute; clip: rect(1px, 1px, 1px, 1px);\" title=\"&#8220;Knjiga za slu\u0161anje&#8221; &#8212; Pe\u0161\u010danik\" src=\"https:\/\/pescanik.net\/knjiga-za-slusanje\/embed\/#?secret=WRy8N8Z555#?secret=zEtbWtnZFm\" data-secret=\"zEtbWtnZFm\" width=\"600\" height=\"338\" frameborder=\"0\" marginwidth=\"0\" marginheight=\"0\" scrolling=\"no\"><\/iframe>\n<\/div><\/figure>\n\n\n\n<hr class=\"wp-block-separator\"\/>\n","protected":false},"excerpt":{"rendered":"","protected":false},"author":2,"featured_media":33574,"comment_status":"open","ping_status":"open","sticky":false,"template":"","format":"standard","meta":{"_acf_changed":false,"jetpack_post_was_ever_published":false,"_jetpack_newsletter_access":"","_jetpack_dont_email_post_to_subs":false,"_jetpack_newsletter_tier_id":0,"_jetpack_memberships_contains_paywalled_content":false,"_jetpack_memberships_contains_paid_content":false,"footnotes":"","jetpack_publicize_message":"","jetpack_publicize_feature_enabled":true,"jetpack_social_post_already_shared":true,"jetpack_social_options":{"image_generator_settings":{"template":"highway","default_image_id":0,"font":"","enabled":false},"version":2}},"categories":[8,3],"tags":[],"class_list":["post-33573","post","type-post","status-publish","format-standard","has-post-thumbnail","hentry","category-knjige","category-novosti"],"acf":{"facebook_opis":""},"jetpack_publicize_connections":[],"jetpack_featured_media_url":"https:\/\/i0.wp.com\/historiografija.hr\/wp-content\/uploads\/2022\/11\/Vek-slikan-mikrofonom.jpg?fit=1200%2C787&ssl=1","jetpack_sharing_enabled":true,"jetpack-related-posts":[],"_links":{"self":[{"href":"https:\/\/historiografija.hr\/index.php?rest_route=\/wp\/v2\/posts\/33573","targetHints":{"allow":["GET"]}}],"collection":[{"href":"https:\/\/historiografija.hr\/index.php?rest_route=\/wp\/v2\/posts"}],"about":[{"href":"https:\/\/historiografija.hr\/index.php?rest_route=\/wp\/v2\/types\/post"}],"author":[{"embeddable":true,"href":"https:\/\/historiografija.hr\/index.php?rest_route=\/wp\/v2\/users\/2"}],"replies":[{"embeddable":true,"href":"https:\/\/historiografija.hr\/index.php?rest_route=%2Fwp%2Fv2%2Fcomments&post=33573"}],"version-history":[{"count":1,"href":"https:\/\/historiografija.hr\/index.php?rest_route=\/wp\/v2\/posts\/33573\/revisions"}],"predecessor-version":[{"id":33575,"href":"https:\/\/historiografija.hr\/index.php?rest_route=\/wp\/v2\/posts\/33573\/revisions\/33575"}],"wp:featuredmedia":[{"embeddable":true,"href":"https:\/\/historiografija.hr\/index.php?rest_route=\/wp\/v2\/media\/33574"}],"wp:attachment":[{"href":"https:\/\/historiografija.hr\/index.php?rest_route=%2Fwp%2Fv2%2Fmedia&parent=33573"}],"wp:term":[{"taxonomy":"category","embeddable":true,"href":"https:\/\/historiografija.hr\/index.php?rest_route=%2Fwp%2Fv2%2Fcategories&post=33573"},{"taxonomy":"post_tag","embeddable":true,"href":"https:\/\/historiografija.hr\/index.php?rest_route=%2Fwp%2Fv2%2Ftags&post=33573"}],"curies":[{"name":"wp","href":"https:\/\/api.w.org\/{rel}","templated":true}]}}