{"id":33570,"date":"2022-11-24T23:18:02","date_gmt":"2022-11-24T23:18:02","guid":{"rendered":"http:\/\/historiografija.hr\/?p=33570"},"modified":"2022-11-24T23:18:02","modified_gmt":"2022-11-24T23:18:02","slug":"how-history-writes-the-present-a-conversation","status":"publish","type":"post","link":"https:\/\/historiografija.hr\/?p=33570","title":{"rendered":"How History Writes the Present: A Conversation"},"content":{"rendered":"\n<p><strong>Pulitzer Prize Winning Historian and Staff Writer for The Atlantic Anne Applebaum<\/strong><\/p>\n\n\n\n<p>Monday, November 28, 2022 3:00 PM to 4:15 PM EST<br><em>Zoom Webinar<\/em><\/p>\n\n\n\n<p>Anne Applebaum has built a career over the past 25 years as a wide-ranging public intellectual&#8211;a renowned popular historian of Ukraine, eastern Europe, and the Soviet Union and a highly-respected columnist and staff writer focused on politics not only in eastern Europe but also in the United States. How is her historical research reflected in her writing on current events? How does her work on the history of the Gulag, the Sovietization of eastern Europe, or the Holodomor inform her understanding of Russia&#8217;s criminal war on Ukraine? Applebaum will answer these questions and many more in a wide-ranging and open conversation and q&amp;a about how history writes the present.<\/p>\n\n\n\n<p><a href=\"https:\/\/www.anneapplebaum.com\/\" target=\"_blank\" rel=\"noreferrer noopener\"><strong>Anne Applebaum&nbsp;<\/strong><\/a>is a staff writer for&nbsp;<em>The Atlantic<\/em> and a Pulitzer-prize winning historian. She is also a Senior Fellow at the Johns Hopkins School of Advanced International Studies and the Agora Institute, where she co-directs Arena, a program on disinformation and 21st century propaganda. In addition to her voluminous writings in publications including&nbsp;<em>The Atlantic<\/em>,&nbsp;<em>The Washington Post<\/em>,&nbsp;<em>The New Yorker<\/em>,&nbsp;<em>Foreign Affairs<\/em>, and many others, she is the author of <em>Gulag: A History <\/em>winner of the 2004 Pulitzer Prize for non-fiction,&nbsp;<em>Iron Curtain: The Crushing of Eastern Europe, 1944-1956<\/em>, and <em>Red Famine: Stalin&#8217;s War on Ukraine<\/em>. Applebaum&#8217;s newest book is&nbsp;<em>Twilight of Democracy: The Seductive Lure of Authoritarianism<\/em>.&nbsp;<\/p>\n\n\n\n<p>Anne Applebaum will be interviewed by <a href=\"https:\/\/rest.gmu.edu\/people\/sbarnes3\" target=\"_blank\" rel=\"noreferrer noopener\">Steven Barnes<\/a>, Director of the <a href=\"https:\/\/rest.gmu.edu\" target=\"_blank\" rel=\"noreferrer noopener\">Program in Russian and Eurasian Studies<\/a> and Associate Professor in the <a href=\"https:\/\/historyarthistory.gmu.edu\/\" target=\"_blank\" rel=\"noreferrer noopener\">Department of History and Art History<\/a> at George Mason University. He is the series organizer and teaches and researches broadly on the history of the Russian Empire, the Soviet Union, modern Russia, Kazakhstan, and the other independent countries from this imperial space.<\/p>\n\n\n\n<p>This lecture is part of George Mason University&#8217;s Fall 2022 Lecture Series, &#8220;Russia&#8217;s War on Ukraine in Historical Perspective.&#8221; For other events and information on the series, <a href=\"https:\/\/rest.gmu.edu\/russia-war-on-ukraine\">visit the main series page<\/a>.<\/p>\n\n\n\n<p><a rel=\"noreferrer noopener\" href=\"https:\/\/gmu.zoom.us\/webinar\/register\/WN_afPUIOTuTDmlaVOybZe0Kw\" target=\"_blank\">Register for the Zoom webinar for this and other events in the series.<\/a><\/p>\n\n\n\n<hr class=\"wp-block-separator\"\/>\n\n\n\n<p><a href=\"https:\/\/rest.gmu.edu\/events\/13496\">https:\/\/rest.gmu.edu\/events\/13496<\/a><\/p>\n\n\n\n<hr class=\"wp-block-separator\"\/>\n","protected":false},"excerpt":{"rendered":"","protected":false},"author":2,"featured_media":33571,"comment_status":"open","ping_status":"open","sticky":false,"template":"","format":"standard","meta":{"_acf_changed":false,"_jetpack_newsletter_access":"","_jetpack_dont_email_post_to_subs":false,"_jetpack_newsletter_tier_id":0,"_jetpack_memberships_contains_paywalled_content":false,"_jetpack_memberships_contains_paid_content":false,"footnotes":"","jetpack_publicize_message":"","jetpack_publicize_feature_enabled":true,"jetpack_social_post_already_shared":true,"jetpack_social_options":{"image_generator_settings":{"template":"highway","default_image_id":0,"font":"","enabled":false},"version":2},"jetpack_post_was_ever_published":false},"categories":[3],"tags":[],"class_list":["post-33570","post","type-post","status-publish","format-standard","has-post-thumbnail","hentry","category-novosti"],"acf":{"facebook_opis":""},"jetpack_publicize_connections":[],"jetpack_featured_media_url":"https:\/\/i0.wp.com\/historiografija.hr\/wp-content\/uploads\/2022\/11\/Applebaum_Atlantic.jpg?fit=250%2C250&ssl=1","jetpack_sharing_enabled":true,"jetpack-related-posts":[{"id":55062,"url":"https:\/\/historiografija.hr\/?p=55062","url_meta":{"origin":33570,"position":0},"title":"CfP: The Making of Solidarity: A\u00a0Conference on Eastern and Central European Dissidents, 1945-1991","author":"Branimir Jankovi\u0107","date":"24. kolovoza 2026.","format":false,"excerpt":"This open call invites proposals for an interdisciplinary conference on Eastern and Central European dissidence, solidarity, and anti-imperial thought. The Making of Solidarity: A\u00a0Conference on Eastern and Central European Dissidents, 1945-1991 16.-17. November 2026 A close reading of Ivan Dziuba\u2019s classic\u00a01965 essay Internationalism or Russification? offers a\u00a0useful lens through which\u2026","rel":"","context":"U &quot;Novosti&quot;","block_context":{"text":"Novosti","link":"https:\/\/historiografija.hr\/?cat=3"},"img":{"alt_text":"","src":"https:\/\/i0.wp.com\/historiografija.hr\/wp-content\/uploads\/2026\/08\/The-Making-of-Solidarity.png?fit=883%2C662&ssl=1&resize=350%2C200","width":350,"height":200,"srcset":"https:\/\/i0.wp.com\/historiografija.hr\/wp-content\/uploads\/2026\/08\/The-Making-of-Solidarity.png?fit=883%2C662&ssl=1&resize=350%2C200 1x, https:\/\/i0.wp.com\/historiografija.hr\/wp-content\/uploads\/2026\/08\/The-Making-of-Solidarity.png?fit=883%2C662&ssl=1&resize=525%2C300 1.5x, https:\/\/i0.wp.com\/historiografija.hr\/wp-content\/uploads\/2026\/08\/The-Making-of-Solidarity.png?fit=883%2C662&ssl=1&resize=700%2C400 2x"},"classes":[]},{"id":55119,"url":"https:\/\/historiografija.hr\/?p=55119","url_meta":{"origin":33570,"position":1},"title":"Anthony Kaldellis, \u201ePhantom Byzantium: Europe, Empire, and Identity from Late Antiquity to World War II\u201c","author":"Filip \u0160imunjak","date":"28. kolovoza 2026.","format":false,"excerpt":"How the West appropriated aspects of the eastern Roman empire while portraying it as inferior.Unveiling the ideological foundations of Byzantine studies, Phantom Byzantium is a pioneering survey of western European perceptions of the eastern Roman empire (also known as Byzantium) spanning late antiquity to World War II. Through ten chronological\u2026","rel":"","context":"U &quot;Knjige&quot;","block_context":{"text":"Knjige","link":"https:\/\/historiografija.hr\/?cat=8"},"img":{"alt_text":"","src":"https:\/\/i0.wp.com\/historiografija.hr\/wp-content\/uploads\/2026\/08\/Phantom-Byzantium.webp?fit=795%2C1200&ssl=1&resize=350%2C200","width":350,"height":200,"srcset":"https:\/\/i0.wp.com\/historiografija.hr\/wp-content\/uploads\/2026\/08\/Phantom-Byzantium.webp?fit=795%2C1200&ssl=1&resize=350%2C200 1x, https:\/\/i0.wp.com\/historiografija.hr\/wp-content\/uploads\/2026\/08\/Phantom-Byzantium.webp?fit=795%2C1200&ssl=1&resize=525%2C300 1.5x, https:\/\/i0.wp.com\/historiografija.hr\/wp-content\/uploads\/2026\/08\/Phantom-Byzantium.webp?fit=795%2C1200&ssl=1&resize=700%2C400 2x"},"classes":[]},{"id":55072,"url":"https:\/\/historiografija.hr\/?p=55072","url_meta":{"origin":33570,"position":2},"title":"Victoria Khiterer, \u201eBitter War of Memory: The Babyn Yar Massacre, Aftermath, and Commemoration\u201c","author":"Branimir Jankovi\u0107","date":"25. kolovoza 2026.","format":false,"excerpt":"Bitter War of Memory: The Babyn Yar Massacre, Aftermath, and Commemoration\u00a0discusses the Holocaust in Kyiv and the efforts to memorialize the Babyn Yar massacre. Babyn Yar is one of the largest Holocaust sites in the Soviet Union and modern Ukraine, where the Nazis and their collaborators killed virtually all the\u2026","rel":"","context":"U &quot;Knjige&quot;","block_context":{"text":"Knjige","link":"https:\/\/historiografija.hr\/?cat=8"},"img":{"alt_text":"","src":"https:\/\/i0.wp.com\/historiografija.hr\/wp-content\/uploads\/2026\/08\/Bitter-War-of-Memory-2.jpg?fit=596%2C466&ssl=1&resize=350%2C200","width":350,"height":200,"srcset":"https:\/\/i0.wp.com\/historiografija.hr\/wp-content\/uploads\/2026\/08\/Bitter-War-of-Memory-2.jpg?fit=596%2C466&ssl=1&resize=350%2C200 1x, https:\/\/i0.wp.com\/historiografija.hr\/wp-content\/uploads\/2026\/08\/Bitter-War-of-Memory-2.jpg?fit=596%2C466&ssl=1&resize=525%2C300 1.5x"},"classes":[]},{"id":54487,"url":"https:\/\/historiografija.hr\/?p=54487","url_meta":{"origin":33570,"position":3},"title":"Workshop &#8220;Experts in Transition: Political Epistemologies of 1980s\u20132000s East Central Europe&#8221;","author":"Branimir Jankovi\u0107","date":"7. srpnja 2026.","format":false,"excerpt":"On July 9\u201310, 2026, the Institute of Contemporary History in Ljubljana will host the international workshop: Experts in Transition: Political Epistemologies of 1980s\u20132000s East Central Europe The workshop is open to the public and to interested scholars. If you are planning to participate, please write to Adela H\u00eencu \u2013 adela.hincu@inz.si\u2026","rel":"","context":"U &quot;Novosti&quot;","block_context":{"text":"Novosti","link":"https:\/\/historiografija.hr\/?cat=3"},"img":{"alt_text":"","src":"https:\/\/i0.wp.com\/historiografija.hr\/wp-content\/uploads\/2026\/07\/01-INZ-logo-21-RGB-SLO_RGB.png?fit=685%2C291&ssl=1&resize=350%2C200","width":350,"height":200,"srcset":"https:\/\/i0.wp.com\/historiografija.hr\/wp-content\/uploads\/2026\/07\/01-INZ-logo-21-RGB-SLO_RGB.png?fit=685%2C291&ssl=1&resize=350%2C200 1x, https:\/\/i0.wp.com\/historiografija.hr\/wp-content\/uploads\/2026\/07\/01-INZ-logo-21-RGB-SLO_RGB.png?fit=685%2C291&ssl=1&resize=525%2C300 1.5x"},"classes":[]},{"id":54470,"url":"https:\/\/historiografija.hr\/?p=54470","url_meta":{"origin":33570,"position":4},"title":"Women\u2019s Labour Activism in Eastern Europe and Beyond: A New Transnational History","author":"Branimir Jankovi\u0107","date":"6. srpnja 2026.","format":false,"excerpt":"Selin \u00c7a\u011fatay (Author), M\u00e1ty\u00e1s Erd\u00e9lyi (Author), Alexandra Ghi\u021b (Author), Olga Gnydiuk (Author), Veronika Helfert (Author), Ivelina Masheva (Author), Zhanna Popova (Author), Jelena Te\u0161ija (Author), Eszter Varsa (Author), Susan Zimmermann (Author) Series: Work Around the World This collaborative monograph presents a deeply researched, inclusive history of women\u2019s labour activism in Eastern\u2026","rel":"","context":"U &quot;E-knjige&quot;","block_context":{"text":"E-knjige","link":"https:\/\/historiografija.hr\/?cat=19"},"img":{"alt_text":"","src":"https:\/\/i0.wp.com\/historiografija.hr\/wp-content\/uploads\/2026\/07\/Activism-book.jpg?fit=652%2C442&ssl=1&resize=350%2C200","width":350,"height":200,"srcset":"https:\/\/i0.wp.com\/historiografija.hr\/wp-content\/uploads\/2026\/07\/Activism-book.jpg?fit=652%2C442&ssl=1&resize=350%2C200 1x, https:\/\/i0.wp.com\/historiografija.hr\/wp-content\/uploads\/2026\/07\/Activism-book.jpg?fit=652%2C442&ssl=1&resize=525%2C300 1.5x"},"classes":[]},{"id":54118,"url":"https:\/\/historiografija.hr\/?p=54118","url_meta":{"origin":33570,"position":5},"title":"Understanding Nationalism Today: A Conversation with Erika Harris","author":"Branimir Jankovi\u0107","date":"16. lipnja 2026.","format":false,"excerpt":"Foreign Policy Forum, in partnership with the project \u201cPolitika, dru\u0161tvo i komunikacija u Jugoisto\u010dnoj Europi\u201d (POD-RUKOM), invites you to a discussion on the book The Dilemma of Nationalism in Central and Eastern Europe by Professor Erika Harris (Bristol University Press, 2026).\u00a0 The event will feature Professor Erika Harris (University of\u2026","rel":"","context":"U &quot;Novosti&quot;","block_context":{"text":"Novosti","link":"https:\/\/historiografija.hr\/?cat=3"},"img":{"alt_text":"","src":"https:\/\/i0.wp.com\/historiografija.hr\/wp-content\/uploads\/2026\/06\/Harris.jpg?fit=800%2C538&ssl=1&resize=350%2C200","width":350,"height":200,"srcset":"https:\/\/i0.wp.com\/historiografija.hr\/wp-content\/uploads\/2026\/06\/Harris.jpg?fit=800%2C538&ssl=1&resize=350%2C200 1x, https:\/\/i0.wp.com\/historiografija.hr\/wp-content\/uploads\/2026\/06\/Harris.jpg?fit=800%2C538&ssl=1&resize=525%2C300 1.5x, https:\/\/i0.wp.com\/historiografija.hr\/wp-content\/uploads\/2026\/06\/Harris.jpg?fit=800%2C538&ssl=1&resize=700%2C400 2x"},"classes":[]}],"_links":{"self":[{"href":"https:\/\/historiografija.hr\/index.php?rest_route=\/wp\/v2\/posts\/33570","targetHints":{"allow":["GET"]}}],"collection":[{"href":"https:\/\/historiografija.hr\/index.php?rest_route=\/wp\/v2\/posts"}],"about":[{"href":"https:\/\/historiografija.hr\/index.php?rest_route=\/wp\/v2\/types\/post"}],"author":[{"embeddable":true,"href":"https:\/\/historiografija.hr\/index.php?rest_route=\/wp\/v2\/users\/2"}],"replies":[{"embeddable":true,"href":"https:\/\/historiografija.hr\/index.php?rest_route=%2Fwp%2Fv2%2Fcomments&post=33570"}],"version-history":[{"count":1,"href":"https:\/\/historiografija.hr\/index.php?rest_route=\/wp\/v2\/posts\/33570\/revisions"}],"predecessor-version":[{"id":33572,"href":"https:\/\/historiografija.hr\/index.php?rest_route=\/wp\/v2\/posts\/33570\/revisions\/33572"}],"wp:featuredmedia":[{"embeddable":true,"href":"https:\/\/historiografija.hr\/index.php?rest_route=\/wp\/v2\/media\/33571"}],"wp:attachment":[{"href":"https:\/\/historiografija.hr\/index.php?rest_route=%2Fwp%2Fv2%2Fmedia&parent=33570"}],"wp:term":[{"taxonomy":"category","embeddable":true,"href":"https:\/\/historiografija.hr\/index.php?rest_route=%2Fwp%2Fv2%2Fcategories&post=33570"},{"taxonomy":"post_tag","embeddable":true,"href":"https:\/\/historiografija.hr\/index.php?rest_route=%2Fwp%2Fv2%2Ftags&post=33570"}],"curies":[{"name":"wp","href":"https:\/\/api.w.org\/{rel}","templated":true}]}}