{"id":33549,"date":"2022-11-23T17:53:07","date_gmt":"2022-11-23T17:53:07","guid":{"rendered":"http:\/\/historiografija.hr\/?p=33549"},"modified":"2022-11-23T17:53:07","modified_gmt":"2022-11-23T17:53:07","slug":"izlozba-80-godina-avnoj-a","status":"publish","type":"post","link":"https:\/\/historiografija.hr\/?p=33549","title":{"rendered":"Izlo\u017eba \u201e80 godina AVNOJ-a\u201c"},"content":{"rendered":"\n<p>Muzej Unsko-sanskog kantona u Biha\u0107u organizira izlo\u017ebu posve\u0107enu 80. godi\u0161njici od Prvog zasjedanja AVNOJ-a i 70. godi\u0161njici od otvaranja Muzeja i prve postavke posve\u0107ene Prvom zasjedanju AVNOJ-a.<\/p>\n\n\n\n<p>Autori izlo\u017ebe su Dino Dupanovi\u0107, Nijazija Maslak, Sulejman Lipova\u010da i Davor Mid\u017ei\u0107.<\/p>\n\n\n\n<p>Izlo\u017eba se otvara u Muzeju Unsko-sanskog kantona u Biha\u0107u u srijedu 23.11.2022. godine s po\u010detkom u 17:30 sati.<\/p>\n\n\n\n<hr class=\"wp-block-separator\"\/>\n\n\n\n<p>Izvori:<\/p>\n\n\n\n<p><a href=\"https:\/\/historiografija.ba\/article.php?id=1535\">https:\/\/historiografija.ba\/article.php?id=1535<\/a><\/p>\n\n\n\n<p><a href=\"https:\/\/www.facebook.com\/Muzej-Unsko-sanskog-kantona-215460925309281\/\">https:\/\/www.facebook.com\/Muzej-Unsko-sanskog-kantona-215460925309281\/<\/a><\/p>\n\n\n\n<hr class=\"wp-block-separator\"\/>\n","protected":false},"excerpt":{"rendered":"","protected":false},"author":2,"featured_media":33550,"comment_status":"open","ping_status":"open","sticky":false,"template":"","format":"standard","meta":{"_acf_changed":false,"jetpack_post_was_ever_published":false,"_jetpack_newsletter_access":"","_jetpack_dont_email_post_to_subs":false,"_jetpack_newsletter_tier_id":0,"_jetpack_memberships_contains_paywalled_content":false,"_jetpack_memberships_contains_paid_content":false,"footnotes":"","jetpack_publicize_message":"","jetpack_publicize_feature_enabled":true,"jetpack_social_post_already_shared":true,"jetpack_social_options":{"image_generator_settings":{"template":"highway","default_image_id":0,"font":"","enabled":false},"version":2}},"categories":[10,3],"tags":[],"class_list":["post-33549","post","type-post","status-publish","format-standard","has-post-thumbnail","hentry","category-izlozbe","category-novosti"],"acf":{"facebook_opis":""},"jetpack_publicize_connections":[],"jetpack_featured_media_url":"https:\/\/i0.wp.com\/historiografija.hr\/wp-content\/uploads\/2022\/11\/Bihac_izlozba_avnoj.jpg?fit=450%2C643&ssl=1","jetpack_sharing_enabled":true,"jetpack-related-posts":[],"_links":{"self":[{"href":"https:\/\/historiografija.hr\/index.php?rest_route=\/wp\/v2\/posts\/33549","targetHints":{"allow":["GET"]}}],"collection":[{"href":"https:\/\/historiografija.hr\/index.php?rest_route=\/wp\/v2\/posts"}],"about":[{"href":"https:\/\/historiografija.hr\/index.php?rest_route=\/wp\/v2\/types\/post"}],"author":[{"embeddable":true,"href":"https:\/\/historiografija.hr\/index.php?rest_route=\/wp\/v2\/users\/2"}],"replies":[{"embeddable":true,"href":"https:\/\/historiografija.hr\/index.php?rest_route=%2Fwp%2Fv2%2Fcomments&post=33549"}],"version-history":[{"count":1,"href":"https:\/\/historiografija.hr\/index.php?rest_route=\/wp\/v2\/posts\/33549\/revisions"}],"predecessor-version":[{"id":33551,"href":"https:\/\/historiografija.hr\/index.php?rest_route=\/wp\/v2\/posts\/33549\/revisions\/33551"}],"wp:featuredmedia":[{"embeddable":true,"href":"https:\/\/historiografija.hr\/index.php?rest_route=\/wp\/v2\/media\/33550"}],"wp:attachment":[{"href":"https:\/\/historiografija.hr\/index.php?rest_route=%2Fwp%2Fv2%2Fmedia&parent=33549"}],"wp:term":[{"taxonomy":"category","embeddable":true,"href":"https:\/\/historiografija.hr\/index.php?rest_route=%2Fwp%2Fv2%2Fcategories&post=33549"},{"taxonomy":"post_tag","embeddable":true,"href":"https:\/\/historiografija.hr\/index.php?rest_route=%2Fwp%2Fv2%2Ftags&post=33549"}],"curies":[{"name":"wp","href":"https:\/\/api.w.org\/{rel}","templated":true}]}}