{"id":33516,"date":"2022-11-22T10:35:18","date_gmt":"2022-11-22T10:35:18","guid":{"rendered":"http:\/\/historiografija.hr\/?p=33516"},"modified":"2022-11-22T10:36:00","modified_gmt":"2022-11-22T10:36:00","slug":"predstavljanje-zbornika-sa-znanstveno-strucnog-skupa-500-godina-flaciusa-u-puli","status":"publish","type":"post","link":"https:\/\/historiografija.hr\/?p=33516","title":{"rendered":"Predstavljanje zbornika sa znanstveno-stru\u010dnog skupa \u201c500 godina Flaciusa\u201d u Puli"},"content":{"rendered":"\n<p>U srijedu, 23. studenoga 2022., s po\u010detkom u 18 sati u Sveu\u010dili\u0161noj knji\u017enici u Puli bit \u0107e predstavljen zbornik znanstveno-stru\u010dnog skupa \u201c500 godina Flaciusa\u201d, koji uklju\u010duje 12 znanstvenih i 6 stru\u010dnih studentskih radova uz pregled rariteta pulske Flaciane. Uz pozdravne rije\u010di prorektorice za studente, obrazovne programe i suradnju dr sc. Mirjane Radeti\u0107-Pai\u0107 i dekanice FET \u201cDr. Mijo Mirkovi\u0107\u201d dr. sc. Ksenije \u010cerne te voditelja Sveu\u010dili\u0161ne knji\u017enice Ivana Kraljevi\u0107a, prof., zbornik \u0107e predstaviti recenzent dr. sc. Slaven Berto\u0161a, urednice dr. sc. Nata\u0161a Uro\u0161evi\u0107 i dr. sc. Maja \u0106uti\u0107 Gorup te Dijana Mu\u0161kardin, prof. Organizatori predstavljanja su Sveu\u010dili\u0161te Jurja Dobrile u Puli, FET \u201eDr. Mijo Mirkovi\u0107\u201c i Sveu\u010dili\u0161na knji\u017enica&nbsp;u Puli.<\/p>\n\n\n\n<p>Iz recenzija:<\/p>\n\n\n\n<p>Istarski reformator, \u010dije je stvarala\u0161tvo obilje\u017eilo kulturnu povijest Europe, svakako je va\u017ena i danas aktualna tema, posebice s interdisciplinarnog istra\u017eiva\u010dkog aspekta. Zato je 500. obljetnica ro\u0111enja ovog zna\u010dajnog erudita bila jedinstvena prilika za istra\u017eivanje i valorizaciju njegove ostav\u0161tine. U Zborniku su predstavljena istra\u017eivanja Vla\u010di\u0107eva stvarala\u0161tva u \u0161irem kontekstu europskog humanizma i reformacije te mogu\u0107nosti valorizacije njegova djela kao suvremene europske ba\u0161tine. Ogromna i velikim dijelom neobra\u0111ena Vla\u010di\u0107eva ostav\u0161tina \u010duva se danas u arhivima i knji\u017enicama \u0161irom svijeta, a zbirka rariteta, tzv. Flaciana, o kojoj se brine Sveu\u010dili\u0161na knji\u017enica u Puli, ekskluzivno je predstavljena na konferenciji i u ovome zborniku. Djelo je ponajprije namijenjeno istra\u017eiva\u010dima koji prou\u010davaju istarsku novovjekovnu povijest, s posebnim osvrtom na europski reformatorski pokret, no svakako \u0107e biti zanimljivo i \u0161irem \u010ditateljstvu, svima koji se zanimaju za na\u0161u zavi\u010dajnu pro\u0161lost, a najvi\u0161e, dakako, \u017eiteljima Labin\u0161\u0107ine. (prof. dr. sc. Slaven Berto\u0161a, Sveu\u010dili\u0161te Jurja Dobrile u Puli)<\/p>\n\n\n\n<p>Tema glasovitog protestanta i humanisti\u010dkog pregaoca Matije Vla\u010di\u0107a Ilirika u ovom je Zborniku postavljena u \u0161irem dru\u0161tvenom i kulturnom kontekstu. Zbornik je primarno namijenjen znanstvenicima iz humanisti\u010dkih i dru\u0161tvenih disciplina, a mo\u017ee poslu\u017eiti i kao didakti\u010dko pomagalo u vi\u0161im razredima srednjih \u0161kola, kao i na fakultetima. Zbornik \u201c500 godina Flaciusa\u201d donosi pregr\u0161t novih spoznaja i svje\u017eih pogleda na neke ranije obra\u0111ivane teme, kao i vrijedne poticaje suvremenoj valorizaciji kulturne ba\u0161tine \u0161to je Matija Vla\u010di\u0107 Ilirik i povijesni fenomen reformacije po sebi predstavljaju. Naro\u010dito vrijednim pa\u017enje su radovi studenata, koji su svojim prinosima, izme\u0111u ostaloga, ukazali na gospodarski potencijal na\u0161e kulturne ba\u0161tine. (dr. sc. Elvis Orbani\u0107, Zavod za povijesne i dru\u0161tvene znanosti HAZU u Rijeci, Podru\u010dna jedinica u Puli)<\/p>\n\n\n\n<hr class=\"wp-block-separator\"\/>\n\n\n\n<p>Predstavljanje zbornika bit \u0107e mogu\u0107e pratiti i online, preko poveznice:<\/p>\n\n\n\n<p><a href=\"https:\/\/ovh.unipu.hr\/b\/dar-ufy-wqw\">https:\/\/ovh.unipu.hr\/b\/dar-ufy-wqw<\/a><\/p>\n\n\n\n<hr class=\"wp-block-separator\"\/>\n\n\n\n<p><a href=\"https:\/\/ipd-ssi.hr\/wp-content\/uploads\/2022\/11\/Pozivnica-500-godina-Flaciusa.pdf\">Pozivnica<\/a><\/p>\n\n\n\n<hr class=\"wp-block-separator\"\/>\n\n\n\n<p>Izvor:<\/p>\n\n\n\n<figure class=\"wp-block-embed-wordpress wp-block-embed is-type-wp-embed is-provider-istarsko-povijesno-drustvo-societa-storica-istriana\"><div class=\"wp-block-embed__wrapper\">\n<blockquote class=\"wp-embedded-content\" data-secret=\"7KeEfqLgcX\"><a href=\"https:\/\/ipd-ssi.hr\/2022\/11\/20\/predstavljanje-zbornika-sa-znanstveno-strucnog-skupa-500-godina-flaciusa-u-puli\/\">Predstavljanje zbornika sa znanstveno-stru\u010dnog skupa &#8220;500 godina Flaciusa&#8221; u Puli<\/a><\/blockquote><iframe loading=\"lazy\" class=\"wp-embedded-content\" sandbox=\"allow-scripts\" security=\"restricted\" style=\"position: absolute; clip: rect(1px, 1px, 1px, 1px);\" title=\"&#8220;Predstavljanje zbornika sa znanstveno-stru\u010dnog skupa &#8220;500 godina Flaciusa&#8221; u Puli&#8221; &#8212; Istarsko povijesno dru\u0161tvo - Societ\u00e0 Storica Istriana\" src=\"https:\/\/ipd-ssi.hr\/2022\/11\/20\/predstavljanje-zbornika-sa-znanstveno-strucnog-skupa-500-godina-flaciusa-u-puli\/embed\/#?secret=5OWfoAyBdM#?secret=7KeEfqLgcX\" data-secret=\"7KeEfqLgcX\" width=\"600\" height=\"338\" frameborder=\"0\" marginwidth=\"0\" marginheight=\"0\" scrolling=\"no\"><\/iframe>\n<\/div><\/figure>\n\n\n\n<hr class=\"wp-block-separator\"\/>\n","protected":false},"excerpt":{"rendered":"","protected":false},"author":2,"featured_media":23765,"comment_status":"open","ping_status":"open","sticky":false,"template":"","format":"standard","meta":{"_acf_changed":false,"_jetpack_newsletter_access":"","_jetpack_dont_email_post_to_subs":false,"_jetpack_newsletter_tier_id":0,"_jetpack_memberships_contains_paywalled_content":false,"_jetpack_memberships_contains_paid_content":false,"footnotes":"","jetpack_publicize_message":"","jetpack_publicize_feature_enabled":true,"jetpack_social_post_already_shared":true,"jetpack_social_options":{"image_generator_settings":{"template":"highway","default_image_id":0,"font":"","enabled":false},"version":2},"jetpack_post_was_ever_published":false},"categories":[3],"tags":[],"class_list":["post-33516","post","type-post","status-publish","format-standard","has-post-thumbnail","hentry","category-novosti"],"acf":{"facebook_opis":""},"jetpack_publicize_connections":[],"jetpack_featured_media_url":"https:\/\/i0.wp.com\/historiografija.hr\/wp-content\/uploads\/2020\/11\/Flacius.jpg?fit=800%2C450&ssl=1","jetpack_sharing_enabled":true,"jetpack-related-posts":[{"id":52937,"url":"https:\/\/historiografija.hr\/?p=52937","url_meta":{"origin":33516,"position":0},"title":"Zbornik &#8220;SREDNJOVJEKOVNI AL\u0160AN I SVETI\u0160TE GOSPE \u0160UMANOVA\u010cKE&#8221;","author":"Branimir Jankovi\u0107","date":"6. svibnja 2026.","format":false,"excerpt":"SREDNJOVJEKOVNI AL\u0160AN I SVETI\u0160TE GOSPE \u0160UMANOVA\u010cKE. Zbornik radova znanstveno-stru\u010dnog skupa odr\u017eanog u \u0160umanovcima 1. lipnja 2023. Anica Bili\u0107 (ur.) Broj stranica: 204Godina izdanja: 2026. Sadr\u017eaj: https:\/\/hipsb.hr\/proizvod\/srednjovjekovni-alsan-i-svetiste-gospe-sumanovacke-zbornik-radova-znanstveno-strucnog-skupa-odrzanog-u-sumanovcima-1-lipnja-2023\/ Knjiga \u0107e biti predstavljena na Festivalu povijesti Kliofest 2026. u Zagrebu","rel":"","context":"U &quot;Knjige&quot;","block_context":{"text":"Knjige","link":"https:\/\/historiografija.hr\/?cat=8"},"img":{"alt_text":"","src":"https:\/\/i0.wp.com\/historiografija.hr\/wp-content\/uploads\/2026\/05\/Zbornik-Alsan.png?fit=631%2C960&ssl=1&resize=350%2C200","width":350,"height":200,"srcset":"https:\/\/i0.wp.com\/historiografija.hr\/wp-content\/uploads\/2026\/05\/Zbornik-Alsan.png?fit=631%2C960&ssl=1&resize=350%2C200 1x, https:\/\/i0.wp.com\/historiografija.hr\/wp-content\/uploads\/2026\/05\/Zbornik-Alsan.png?fit=631%2C960&ssl=1&resize=525%2C300 1.5x"},"classes":[]},{"id":55152,"url":"https:\/\/historiografija.hr\/?p=55152","url_meta":{"origin":33516,"position":1},"title":"Znanstveno-stru\u010dni skup\u00a0\u201eKorijeni slobode \u2013 prostor Sisa\u010dko-moslava\u010dke \u017eupanije u Domovinskom ratu (1990. \u2013 1995.)\u201c","author":"Filip \u0160imunjak","date":"2. rujna 2026.","format":false,"excerpt":"Sa zadovoljstvom Vas pozivamo na znanstveno-stru\u010dni skup\u00a0\u201eKorijeni slobode \u2013 prostor Sisa\u010dko-moslava\u010dke \u017eupanije u Domovinskom ratu (1990. \u2013 1995.)\u201c, koji \u0107e se odr\u017eati u \u010detvrtak i petak, 17. i 18. rujna 2026. godine, s po\u010detkom u 10.00 sati u Galeriji Kulturno-povijesnog centra Sisa\u010dko-moslava\u010dke \u017eupanije, na adresi Rimska ulica 19 u Sisku.\u2026","rel":"","context":"U &quot;Novosti&quot;","block_context":{"text":"Novosti","link":"https:\/\/historiografija.hr\/?cat=3"},"img":{"alt_text":"","src":"https:\/\/i0.wp.com\/historiografija.hr\/wp-content\/uploads\/2026\/09\/Pozivnica-Korijeni-slobode-skup.webp?fit=1200%2C727&ssl=1&resize=350%2C200","width":350,"height":200,"srcset":"https:\/\/i0.wp.com\/historiografija.hr\/wp-content\/uploads\/2026\/09\/Pozivnica-Korijeni-slobode-skup.webp?fit=1200%2C727&ssl=1&resize=350%2C200 1x, https:\/\/i0.wp.com\/historiografija.hr\/wp-content\/uploads\/2026\/09\/Pozivnica-Korijeni-slobode-skup.webp?fit=1200%2C727&ssl=1&resize=525%2C300 1.5x, https:\/\/i0.wp.com\/historiografija.hr\/wp-content\/uploads\/2026\/09\/Pozivnica-Korijeni-slobode-skup.webp?fit=1200%2C727&ssl=1&resize=700%2C400 2x, https:\/\/i0.wp.com\/historiografija.hr\/wp-content\/uploads\/2026\/09\/Pozivnica-Korijeni-slobode-skup.webp?fit=1200%2C727&ssl=1&resize=1050%2C600 3x"},"classes":[]},{"id":53698,"url":"https:\/\/historiografija.hr\/?p=53698","url_meta":{"origin":33516,"position":2},"title":"Me\u0111unarodni znanstveno-stru\u010dni skup &#8220;Imotska krajina u Domovinskom ratu &#8211; 35 godina poslije&#8221;","author":"Branimir Jankovi\u0107","date":"25. svibnja 2026.","format":false,"excerpt":"Me\u0111unarodni znanstveno-stru\u010dni skup Imotska krajina u Domovinskom ratu \u2013 35 godina poslije okuplja sudionike iz akademske, stru\u010dne i dru\u0161tvene zajednice s ciljem razmjene spoznaja o ulozi Imotske krajine u Domovinskom ratu te o\u010duvanja povijesne i dru\u0161tvene memorije.\u00a0 Suorganizatori i partneri skupa su: Hrvatsko vojno u\u010dili\u0161te \u201eDr. Franjo Tu\u0111man\u201d, Sveu\u010dili\u0161te obrane\u2026","rel":"","context":"U &quot;Novosti&quot;","block_context":{"text":"Novosti","link":"https:\/\/historiografija.hr\/?cat=3"},"img":{"alt_text":"","src":"https:\/\/i0.wp.com\/historiografija.hr\/wp-content\/uploads\/2026\/05\/plakat-za-WEB-2.jpg?fit=1200%2C543&ssl=1&resize=350%2C200","width":350,"height":200,"srcset":"https:\/\/i0.wp.com\/historiografija.hr\/wp-content\/uploads\/2026\/05\/plakat-za-WEB-2.jpg?fit=1200%2C543&ssl=1&resize=350%2C200 1x, https:\/\/i0.wp.com\/historiografija.hr\/wp-content\/uploads\/2026\/05\/plakat-za-WEB-2.jpg?fit=1200%2C543&ssl=1&resize=525%2C300 1.5x, https:\/\/i0.wp.com\/historiografija.hr\/wp-content\/uploads\/2026\/05\/plakat-za-WEB-2.jpg?fit=1200%2C543&ssl=1&resize=700%2C400 2x, https:\/\/i0.wp.com\/historiografija.hr\/wp-content\/uploads\/2026\/05\/plakat-za-WEB-2.jpg?fit=1200%2C543&ssl=1&resize=1050%2C600 3x"},"classes":[]},{"id":54364,"url":"https:\/\/historiografija.hr\/?p=54364","url_meta":{"origin":33516,"position":3},"title":"Zbornik radova \u201ePosljedice nestanka Bosanskoga Kraljevstva\u201c","author":"Filip \u0160imunjak","date":"29. lipnja 2026.","format":false,"excerpt":"U nakladi Sveu\u010dili\u0161ta u Mostaru i HKD Napredak Glavna podru\u017enica Mostar, uz partnersko sudjelovanje HKD Napredak Dubrovnik i HKD Napredak Split, ovih dana iz tiska je izi\u0161ao zbornik radova \u201ePosljedice nestanka Bosanskoga Kraljevstva\u201c. Ovo izdanje predstavlja jedno od najzna\u010dajnijih novijih djela posve\u0107enih tom va\u017enom prijelomnom razdoblju povijesti Bosne i Hercegovine\u2026","rel":"","context":"U &quot;Knjige&quot;","block_context":{"text":"Knjige","link":"https:\/\/historiografija.hr\/?cat=8"},"img":{"alt_text":"","src":"https:\/\/i0.wp.com\/historiografija.hr\/wp-content\/uploads\/2026\/06\/Naslovnica-i-korica-Zbornik.jpg?fit=1200%2C782&ssl=1&resize=350%2C200","width":350,"height":200,"srcset":"https:\/\/i0.wp.com\/historiografija.hr\/wp-content\/uploads\/2026\/06\/Naslovnica-i-korica-Zbornik.jpg?fit=1200%2C782&ssl=1&resize=350%2C200 1x, https:\/\/i0.wp.com\/historiografija.hr\/wp-content\/uploads\/2026\/06\/Naslovnica-i-korica-Zbornik.jpg?fit=1200%2C782&ssl=1&resize=525%2C300 1.5x, https:\/\/i0.wp.com\/historiografija.hr\/wp-content\/uploads\/2026\/06\/Naslovnica-i-korica-Zbornik.jpg?fit=1200%2C782&ssl=1&resize=700%2C400 2x, https:\/\/i0.wp.com\/historiografija.hr\/wp-content\/uploads\/2026\/06\/Naslovnica-i-korica-Zbornik.jpg?fit=1200%2C782&ssl=1&resize=1050%2C600 3x"},"classes":[]},{"id":52887,"url":"https:\/\/historiografija.hr\/?p=52887","url_meta":{"origin":33516,"position":4},"title":"Znanstveni skup \u201eKalnik ju\u010der, danas, sutra\u201c","author":"Filip \u0160imunjak","date":"6. svibnja 2026.","format":false,"excerpt":"U Planinarskom domu Kalnik (Planinarac) u petak 8. svibnja 2026. odr\u017eat \u0107e se znanstveno-stru\u010dni skup \u201eKalnik ju\u010der, danas, sutra\u201c, koji okuplja znanstvenike, stru\u010dnjake i razvojne dionike s ciljem predstavljanja najnovijih istra\u017eivanja o Kalniku te otvaranja pitanja njegove obnove, valorizacije i budu\u0107e uloge u regionalnom razvoju. Program skupa strukturiran je kroz\u2026","rel":"","context":"U &quot;Novosti&quot;","block_context":{"text":"Novosti","link":"https:\/\/historiografija.hr\/?cat=3"},"img":{"alt_text":"","src":"https:\/\/i0.wp.com\/historiografija.hr\/wp-content\/uploads\/2026\/05\/Kalnik-skup-2026.jpg?fit=1200%2C675&ssl=1&resize=350%2C200","width":350,"height":200,"srcset":"https:\/\/i0.wp.com\/historiografija.hr\/wp-content\/uploads\/2026\/05\/Kalnik-skup-2026.jpg?fit=1200%2C675&ssl=1&resize=350%2C200 1x, https:\/\/i0.wp.com\/historiografija.hr\/wp-content\/uploads\/2026\/05\/Kalnik-skup-2026.jpg?fit=1200%2C675&ssl=1&resize=525%2C300 1.5x, https:\/\/i0.wp.com\/historiografija.hr\/wp-content\/uploads\/2026\/05\/Kalnik-skup-2026.jpg?fit=1200%2C675&ssl=1&resize=700%2C400 2x, https:\/\/i0.wp.com\/historiografija.hr\/wp-content\/uploads\/2026\/05\/Kalnik-skup-2026.jpg?fit=1200%2C675&ssl=1&resize=1050%2C600 3x"},"classes":[]},{"id":53463,"url":"https:\/\/historiografija.hr\/?p=53463","url_meta":{"origin":33516,"position":5},"title":"Predstavljen je prvi svezak zbornika \u201cNovi prilozi za povijest hrvatske socijaldemokracije\u201d","author":"Branimir Jankovi\u0107","date":"19. svibnja 2026.","format":false,"excerpt":"U srijedu 6. svibnja 2026. u Knji\u017enici i \u010ditaonici Bogdana Ogrizovi\u0107a u Zagrebu u sklopu ovogodi\u0161njeg Kliofesta odr\u017eano je predstavljanje prvoga sveska zbornika Novi prilozi za povijest hrvatske socijaldemokracije urednika dr. sc. Matka Globa\u010dnika. Zbornik su predstavili recenzenti s Filozofskog fakulteta Sveu\u010dili\u0161ta u Zagrebu, dr. sc. Martin Previ\u0161i\u0107, red. prof.,\u2026","rel":"","context":"U &quot;Novosti&quot;","block_context":{"text":"Novosti","link":"https:\/\/historiografija.hr\/?cat=3"},"img":{"alt_text":"","src":"https:\/\/i0.wp.com\/historiografija.hr\/wp-content\/uploads\/2026\/05\/Kliofest-6_5_2026.jpg?fit=1030%2C633&ssl=1&resize=350%2C200","width":350,"height":200,"srcset":"https:\/\/i0.wp.com\/historiografija.hr\/wp-content\/uploads\/2026\/05\/Kliofest-6_5_2026.jpg?fit=1030%2C633&ssl=1&resize=350%2C200 1x, https:\/\/i0.wp.com\/historiografija.hr\/wp-content\/uploads\/2026\/05\/Kliofest-6_5_2026.jpg?fit=1030%2C633&ssl=1&resize=525%2C300 1.5x, https:\/\/i0.wp.com\/historiografija.hr\/wp-content\/uploads\/2026\/05\/Kliofest-6_5_2026.jpg?fit=1030%2C633&ssl=1&resize=700%2C400 2x"},"classes":[]}],"_links":{"self":[{"href":"https:\/\/historiografija.hr\/index.php?rest_route=\/wp\/v2\/posts\/33516","targetHints":{"allow":["GET"]}}],"collection":[{"href":"https:\/\/historiografija.hr\/index.php?rest_route=\/wp\/v2\/posts"}],"about":[{"href":"https:\/\/historiografija.hr\/index.php?rest_route=\/wp\/v2\/types\/post"}],"author":[{"embeddable":true,"href":"https:\/\/historiografija.hr\/index.php?rest_route=\/wp\/v2\/users\/2"}],"replies":[{"embeddable":true,"href":"https:\/\/historiografija.hr\/index.php?rest_route=%2Fwp%2Fv2%2Fcomments&post=33516"}],"version-history":[{"count":2,"href":"https:\/\/historiografija.hr\/index.php?rest_route=\/wp\/v2\/posts\/33516\/revisions"}],"predecessor-version":[{"id":33518,"href":"https:\/\/historiografija.hr\/index.php?rest_route=\/wp\/v2\/posts\/33516\/revisions\/33518"}],"wp:featuredmedia":[{"embeddable":true,"href":"https:\/\/historiografija.hr\/index.php?rest_route=\/wp\/v2\/media\/23765"}],"wp:attachment":[{"href":"https:\/\/historiografija.hr\/index.php?rest_route=%2Fwp%2Fv2%2Fmedia&parent=33516"}],"wp:term":[{"taxonomy":"category","embeddable":true,"href":"https:\/\/historiografija.hr\/index.php?rest_route=%2Fwp%2Fv2%2Fcategories&post=33516"},{"taxonomy":"post_tag","embeddable":true,"href":"https:\/\/historiografija.hr\/index.php?rest_route=%2Fwp%2Fv2%2Ftags&post=33516"}],"curies":[{"name":"wp","href":"https:\/\/api.w.org\/{rel}","templated":true}]}}