{"id":33510,"date":"2022-11-21T14:29:45","date_gmt":"2022-11-21T14:29:45","guid":{"rendered":"http:\/\/historiografija.hr\/?p=33510"},"modified":"2022-11-21T14:29:45","modified_gmt":"2022-11-21T14:29:45","slug":"16-dani-marije-juric-zagorke","status":"publish","type":"post","link":"https:\/\/historiografija.hr\/?p=33510","title":{"rendered":"16. Dani Marije Juri\u0107 Zagorke"},"content":{"rendered":"\n<p><strong>Centar za \u017eenske studije poziva vas na 16. Dane Marije Juri\u0107 Zagorke!<\/strong><\/p>\n\n\n\n<p>Program zapo\u010dinjemo <strong>u utorak, 22. studenog 2022. u 18 h ispred kipa Marije Juri\u0107 Zagorke u Tkal\u010di\u0107evoj ulici<\/strong> kostimiranom izvedbom \u2018<em><strong>\u2018Cvijet za rije\u010d\u201d- Ponesi cvijet za na\u0161u Zagorku.<\/strong><\/em> Za onu koja je toliko lijepih rije\u010di napisala i ispunila na\u0161u ma\u0161tu, popunila znanje povijesti, usadila nam vjeru da mo\u017eemo biti hrabre\/hrabri, za na\u0161u Zagorku! Zagorka je ispunila na\u0161u ma\u0161tu, a mi vas pozivamo da ispunite buket cvije\u0107a namijenjen njoj. Ponesite jedan cvjeti\u0107 ili lijepu misao i pomozite nam kreirati zajedni\u010dki znak pa\u017enje za ovu damu. Osim Zagorkina kipa i njene vje\u010dne prisutnosti, kroz program \u0107e vas voditi kostimirani \u017eenski lik, nalik onima koji su \u0161etali stranicama njenih romana. Uz kratku prezentaciju na mjestu okupljanja, pro\u0161etat \u0107emo gradom i prisjetiti se zajedni\u010dki nekih scena, koje je tako \u017eivopisno opisala u svojim romanima. <strong>Predvi\u0111eno trajanje programa je sat vremena, te za ovo doga\u0111anje nije potrebna najava.<\/strong><\/p>\n\n\n\n<p><strong>U srijedu 23. studenoga. u 18 h u Centru za \u017eenske studije\/Memorijalnom stanu Marije Juri\u0107 Zagorke, Dolac 8, odr\u017eat \u0107e se dodijela Nagrade za studentski rad na temu \u017eenske i rodne problematike.<\/strong> Ovu nagradu Centar dodjeljuje ve\u0107 vi\u0161e od jednog desetlje\u0107a smatraju\u0107i obrazovanje vezano uz \u017eenske i rodne teme va\u017enim dijelom novih, progresivnih kriti\u010dkih znanja u obrazovanju na svim razinama, a posebice u visoko\u0161kolskom obrazovanju.<\/p>\n\n\n\n<p><strong>U \u010detvrtak, 24. studenoga od 11 do 19 sati Memorijalni stan Marije Juri\u0107 Zagorke bit \u0107e otvoren za javnost<\/strong>. Posjetitelji \u0107e mo\u0107i vidjeti stan u kojem je Zagorka \u017eivjela 19 godina, stalni postav, te \u010duti poznate i manje poznate informacije i pri\u010de iz \u017eivota popularne spisateljice i prve hrvatske novinarke. Memorijalni stan bit \u0107e otvoren za javnost <strong>i u nedjelju, 27.11. od 11 do 19 sati.<\/strong><\/p>\n\n\n\n<p><strong>U suradnji s Odsjekom za komparativnu knji\u017eevnost Filozofskog fakulteta u Zagrebu i Odjelom za komunikologiju, medije i novinarstvo Sveu\u010dili\u0161ta Sjever, u petak i subotu, 25. i 26. studenoga odr\u017eat \u0107e se znanstveno-knji\u017eevni skup Dana Marije Juri\u0107 Zagorke \u201eMarija Juri\u0107 Zagorka \u2013 \u017eivot, djelo, naslje\u0111e\u201c na temu \u201eO zdravlju i bolesti: od medikalizacije do patologizacije\u201c.<\/strong> S obzirom na to da su najrecentniji dru\u0161tveni procesi u najve\u0107oj mjeri uvjetovani aktualnom globalnom pandemijom, ne iznena\u0111uje \u010dinjenica da je ona prepoznata kao golem istra\u017eiva\u010dki izazov, ne samo na podru\u010dju prirodnih znanosti, biomedicine i zdravstva, nego i na poljima tehni\u010dkih i biotehni\u010dkih kao i dru\u0161tvenih i humanisti\u010dkih znanosti. Kao bolest \u010dije mogu\u0107e posljedice na pojedina\u010dna zdravstvena stanja jo\u0161 nisu dokraja apsolvirane, COVID-19 istovremeno diktira i kad\u0161to na neslu\u0107ene na\u010dine transformira donedavno uobi\u010dajene i samorazumljive modele subjektivnih do\u017eivljavanja i pona\u0161anja, ali i dru\u0161tvene obrasce, konvencije i konfiguracije na razli\u010ditim planovima, od (inter)nacionalnih do socijalnih i kulturnih. Pandemija kojoj svjedo\u010dimo o\u010dekivano ostavlja zamjetan i zna\u010dajan trag i u umjetnostima, gdje, kao i u op\u0107enitijoj javnoj komunikaciji te u spomenutim, specijaliziranim znanstvenim domenama, otvara brojna pitanja i pokre\u0107e brojne rasprave. Registriraju\u0107i te trendove i pridru\u017euju\u0107i se raspravama \u0161to ih oni otvaraju, u fokusu ovogodi\u0161njeg skupa su kategorije zdravlja i bolesti i njihove me\u0111uodnose, kao i posljedice \u0161to ih klasificiranje zdravlja kao \u201enormalnoga stanja\u201c te bolesti kao \u201eotklona od normalnosti\u201c ostavljaju na pojedina\u010dne, subjektivne, ali i na kolektivne, dru\u0161tvene identitete.<\/p>\n\n\n\n<p><strong>U petak, 25. studenoga<\/strong> odr\u017eat \u0107e se edukativno kostimirana \u0161etnju <strong>\u201eIz Zagorkinog pera\u201c<\/strong>. Ve\u0107 vi\u0161e od stolje\u0107a Zagorkina \u201dGri\u010dka vje\u0161tica\u201d budi na\u0161u ma\u0161tu, tjera nas da sanjamo o vratolomnim pustolovinama i ljubavima ve\u0107ima od \u017eivota. Na stranicama Zagorkinih djela duh starog Zagreba o\u017eivljava na poseban na\u010din. U ovoj \u0161etnji o\u017eivljavaju se trenuci u kojima je Zagorka stvarala svoje najpoznatije djelo i povijesne osobe koje su je inspirirale. S<strong>voj dolazak mo\u017eete najaviti na mail <a href=\"mailto:martinafindrik@yahoo.com\">martinafindrik@yahoo.com<\/a> ili SMS na broj telefona 099 697 0072. Tada \u0107ete saznati mjesto i vrijeme sastanka te druge potrebne informacije. Broj mjesta je ograni\u010den. Kontakt osoba je Martina Findrik.<\/strong><\/p>\n\n\n\n<p><strong>U nedjelju, 27. studenoga<\/strong> odr\u017eat \u0107e se i tradicionalna \u0161etnja <strong>\u201cZagorkinim tragom kroz Zagreb\u201d<\/strong> s po\u010detkom<strong> u 11 h,<\/strong> u izvedbi <strong>Slavice Jakobovi\u0107-Fribec.<\/strong> Mjesto sastanka je <strong>spomenik banu Jela\u010di\u0107u, Trg bana Jela\u010di\u0107a. Za \u0161etnju nije potrebna prijava.<\/strong><\/p>\n\n\n\n<p><strong>Dobrodo\u0161li\/e!<\/strong><\/p>\n\n\n\n<p>Program se odr\u017eava uz potporu Grada Zagreba i Ministarstva kulture i medija.<\/p>\n\n\n\n<p><a href=\"http:\/\/zagorka.net\/wp-content\/uploads\/2022\/11\/Plakat-Dana-MJZ-2022.pdf\" target=\"_blank\" rel=\"noreferrer noopener\">Plakat Dana MJZ 2022<\/a><\/p>\n\n\n\n<p><a href=\"http:\/\/zagorka.net\/wp-content\/uploads\/2022\/11\/Programska-knji\u017eica-2022.pdf\" target=\"_blank\" rel=\"noreferrer noopener\">Programska knji\u017eica skupa 2022<\/a><\/p>\n\n\n\n<hr class=\"wp-block-separator\"\/>\n\n\n\n<p>Izvor:<\/p>\n\n\n\n<figure class=\"wp-block-embed-wordpress wp-block-embed is-type-wp-embed is-provider-memorijalni-stan-marije-juric-zagorke\"><div class=\"wp-block-embed__wrapper\">\n<blockquote class=\"wp-embedded-content\" data-secret=\"tPpwsfmnGv\"><a href=\"http:\/\/zagorka.net\/pocinju-16-dani-marije-juric-zagorke\/\">Po\u010dinju 16. Dani Marije Juri\u0107 Zagorke!<\/a><\/blockquote><iframe loading=\"lazy\" class=\"wp-embedded-content\" sandbox=\"allow-scripts\" security=\"restricted\" style=\"position: absolute; clip: rect(1px, 1px, 1px, 1px);\" title=\"&#8220;Po\u010dinju 16. Dani Marije Juri\u0107 Zagorke!&#8221; &#8212; Memorijalni stan Marije Juri\u0107 Zagorke\" src=\"http:\/\/zagorka.net\/pocinju-16-dani-marije-juric-zagorke\/embed\/#?secret=tPpwsfmnGv\" data-secret=\"tPpwsfmnGv\" width=\"600\" height=\"338\" frameborder=\"0\" marginwidth=\"0\" marginheight=\"0\" scrolling=\"no\"><\/iframe>\n<\/div><\/figure>\n\n\n\n<hr class=\"wp-block-separator\"\/>\n","protected":false},"excerpt":{"rendered":"","protected":false},"author":2,"featured_media":33511,"comment_status":"open","ping_status":"open","sticky":false,"template":"","format":"standard","meta":{"_acf_changed":false,"jetpack_post_was_ever_published":false,"_jetpack_newsletter_access":"","_jetpack_dont_email_post_to_subs":false,"_jetpack_newsletter_tier_id":0,"_jetpack_memberships_contains_paywalled_content":false,"_jetpack_memberships_contains_paid_content":false,"footnotes":"","jetpack_publicize_message":"","jetpack_publicize_feature_enabled":true,"jetpack_social_post_already_shared":true,"jetpack_social_options":{"image_generator_settings":{"template":"highway","default_image_id":0,"font":"","enabled":false},"version":2}},"categories":[3,9],"tags":[],"class_list":["post-33510","post","type-post","status-publish","format-standard","has-post-thumbnail","hentry","category-novosti","category-skupovi"],"acf":{"facebook_opis":""},"jetpack_publicize_connections":[],"jetpack_featured_media_url":"https:\/\/i0.wp.com\/historiografija.hr\/wp-content\/uploads\/2022\/11\/Dani_web.jpg?fit=768%2C576&ssl=1","jetpack_sharing_enabled":true,"jetpack-related-posts":[],"_links":{"self":[{"href":"https:\/\/historiografija.hr\/index.php?rest_route=\/wp\/v2\/posts\/33510","targetHints":{"allow":["GET"]}}],"collection":[{"href":"https:\/\/historiografija.hr\/index.php?rest_route=\/wp\/v2\/posts"}],"about":[{"href":"https:\/\/historiografija.hr\/index.php?rest_route=\/wp\/v2\/types\/post"}],"author":[{"embeddable":true,"href":"https:\/\/historiografija.hr\/index.php?rest_route=\/wp\/v2\/users\/2"}],"replies":[{"embeddable":true,"href":"https:\/\/historiografija.hr\/index.php?rest_route=%2Fwp%2Fv2%2Fcomments&post=33510"}],"version-history":[{"count":1,"href":"https:\/\/historiografija.hr\/index.php?rest_route=\/wp\/v2\/posts\/33510\/revisions"}],"predecessor-version":[{"id":33512,"href":"https:\/\/historiografija.hr\/index.php?rest_route=\/wp\/v2\/posts\/33510\/revisions\/33512"}],"wp:featuredmedia":[{"embeddable":true,"href":"https:\/\/historiografija.hr\/index.php?rest_route=\/wp\/v2\/media\/33511"}],"wp:attachment":[{"href":"https:\/\/historiografija.hr\/index.php?rest_route=%2Fwp%2Fv2%2Fmedia&parent=33510"}],"wp:term":[{"taxonomy":"category","embeddable":true,"href":"https:\/\/historiografija.hr\/index.php?rest_route=%2Fwp%2Fv2%2Fcategories&post=33510"},{"taxonomy":"post_tag","embeddable":true,"href":"https:\/\/historiografija.hr\/index.php?rest_route=%2Fwp%2Fv2%2Ftags&post=33510"}],"curies":[{"name":"wp","href":"https:\/\/api.w.org\/{rel}","templated":true}]}}