{"id":33489,"date":"2022-11-21T13:35:25","date_gmt":"2022-11-21T13:35:25","guid":{"rendered":"http:\/\/historiografija.hr\/?p=33489"},"modified":"2022-11-21T13:35:25","modified_gmt":"2022-11-21T13:35:25","slug":"tribina-suceljavanja-u-matici-hrvatskoj-prijepori-oko-izgradnje-hidrocentrale-u-kosinju","status":"publish","type":"post","link":"https:\/\/historiografija.hr\/?p=33489","title":{"rendered":"Tribina su\u010deljavanja u Matici hrvatskoj: Prijepori oko izgradnje hidrocentrale u Kosinju"},"content":{"rendered":"\n<p>Utorak, 22. studenoga 2022. u 18:00 sati, Dvorana Jure Petri\u010devi\u0107a, Ulica Matice hrvatske 2, Strossmayerov trg 4, Zagreb<\/p>\n\n\n\n<hr class=\"wp-block-separator\"\/>\n\n\n\n<p>Elektri\u010dna energija proizvedena u hidroelektranama jedna je od naj\u010di\u0161\u0107ih energija u dana\u0161njim energetskim sustavima sa \u0161irokom primjenom od industrije i prometa do informatike, javnih ustanova i ku\u0107anstava. Potrebe za energijom, osobito iz obnovljivih izvora, prioritet su u dana\u0161njim uvjetima ugro\u017eenosti planeta Zemlje od ispu\u0161nih plinova i drugih oblika \u0161tetnih&nbsp; utjecaja ili mogu\u0107ih ugroza kao kod nuklearnih elektrana.<\/p>\n\n\n\n<p>Dvojbe kod izgradnje novih hidroelektrana mogu se pojaviti u slu\u010dajevima kada izgradnja hidroelektrane zadire u prirodni i kulturni krajolik, mijenja ga ili posve preoblikuje. Takve su se dvojbe pojavile upravo kod velikoga projekta HEP-a o izgradnji akumulacijskoga jezera u Kosinjskoj dolini. Kosinjska elektrana mogla bi biti va\u017ean doprinos hrvatskoj energetskoj budu\u0107nosti, no postavlja se pitanje vrijedi li za takvu kapitalnu investiciju ugroziti, pa i uni\u0161titi kulturnu i prirodnu ba\u0161tinu kosinjskoga kraja, njezin kulturni kapital. Vrijedi li potopiti dva sela i dvadesetak zaseoka, tri crkve, pet groblja i poznati simbol hrvatskoga prvotiska vezan uz Kosinj \u201eNa\u0161a \u0161ampa gori gre\u201c?<\/p>\n\n\n\n<p>Klasi\u010dna retorika ka\u017ee da postoje \u201eskliska pitanja\u201c na koja odgovori nisu ni laki ni jednozna\u010dni. Na na\u0161oj tribini odmjerit \u0107e svoje argumente za i protiv izgradnje Kosinjske hidrolektrane ugledni zagovornici i protivnici projekta.<\/p>\n\n\n\n<p>Ciklus tribina Su\u010deljavanja u Matici hrvatskoj ostvaruje se uz potporu <a href=\"https:\/\/www.posta.hr\/\">Hrvatske po\u0161te.<\/a><\/p>\n\n\n\n<hr class=\"wp-block-separator\"\/>\n\n\n\n<p>Izvor:<\/p>\n\n\n\n<p><a href=\"https:\/\/www.matica.hr\/zbivanja\/prijepori-oko-izgradnje-hidrocentrale-u-kosinju-3531\/\">https:\/\/www.matica.hr\/zbivanja\/prijepori-oko-izgradnje-hidrocentrale-u-kosinju-3531\/<\/a><\/p>\n\n\n\n<hr class=\"wp-block-separator\"\/>\n","protected":false},"excerpt":{"rendered":"","protected":false},"author":2,"featured_media":33490,"comment_status":"open","ping_status":"open","sticky":false,"template":"","format":"standard","meta":{"_acf_changed":false,"_jetpack_newsletter_access":"","_jetpack_dont_email_post_to_subs":false,"_jetpack_newsletter_tier_id":0,"_jetpack_memberships_contains_paywalled_content":false,"_jetpack_memberships_contains_paid_content":false,"footnotes":"","jetpack_publicize_message":"","jetpack_publicize_feature_enabled":true,"jetpack_social_post_already_shared":true,"jetpack_social_options":{"image_generator_settings":{"template":"highway","default_image_id":0,"font":"","enabled":false},"version":2},"jetpack_post_was_ever_published":false},"categories":[3],"tags":[],"class_list":["post-33489","post","type-post","status-publish","format-standard","has-post-thumbnail","hentry","category-novosti"],"acf":{"facebook_opis":""},"jetpack_publicize_connections":[],"jetpack_featured_media_url":"https:\/\/i0.wp.com\/historiografija.hr\/wp-content\/uploads\/2022\/11\/tribina_suceljavanja_kosinj.png?fit=680%2C411&ssl=1","jetpack_sharing_enabled":true,"jetpack-related-posts":[{"id":55069,"url":"https:\/\/historiografija.hr\/?p=55069","url_meta":{"origin":33489,"position":0},"title":"Uwe Wittstock, \u201eVelja\u010da 1933. Zima knji\u017eevnosti\u201c","author":"Branimir Jankovi\u0107","date":"25. kolovoza 2026.","format":false,"excerpt":"Autor u knjizi Velja\u010da 1933. Zima knji\u017eevnosti prikazuje kako je tijekom prvog mjeseca Hitlerove vladavine nacisti\u010dki teror uni\u0161tio kulturni i intelektualni \u017eivot Weimarske Republike te prisilio brojne pisce i umjetnike na progon ili unutarnju emigraciju. Knjigu je prevela\u00a0Gordana-Dana Grozdani\u0107.\u00a0 O knjizi:\u00a0 \"Da uni\u0161te demokraciju, antidemokratima je potrebno otprilike toliko vremena\u2026","rel":"","context":"U &quot;Knjige&quot;","block_context":{"text":"Knjige","link":"https:\/\/historiografija.hr\/?cat=8"},"img":{"alt_text":"","src":"https:\/\/i0.wp.com\/historiografija.hr\/wp-content\/uploads\/2026\/08\/Veljaca-1933.jpg?fit=764%2C1200&ssl=1&resize=350%2C200","width":350,"height":200,"srcset":"https:\/\/i0.wp.com\/historiografija.hr\/wp-content\/uploads\/2026\/08\/Veljaca-1933.jpg?fit=764%2C1200&ssl=1&resize=350%2C200 1x, https:\/\/i0.wp.com\/historiografija.hr\/wp-content\/uploads\/2026\/08\/Veljaca-1933.jpg?fit=764%2C1200&ssl=1&resize=525%2C300 1.5x, https:\/\/i0.wp.com\/historiografija.hr\/wp-content\/uploads\/2026\/08\/Veljaca-1933.jpg?fit=764%2C1200&ssl=1&resize=700%2C400 2x"},"classes":[]},{"id":54926,"url":"https:\/\/historiografija.hr\/?p=54926","url_meta":{"origin":33489,"position":1},"title":"Petra Matovi\u0107: Nolanova &#8220;Odiseja&#8221; u kontekstu recepcije Homera","author":"Branimir Jankovi\u0107","date":"11. kolovoza 2026.","format":false,"excerpt":"Nolanova Odiseja u kontekstu recepcije Homera Filmska adaptacija Odiseje redatelja Christophera Nolana izazvala je tako velik interes publike da ve\u0107 tjednima pratimo vi\u0161e ili manje \u017eu\u010dljive rasprave o svim aspektima ovog filma, od odabira glumaca do vjernosti Homeru. U raspravu su uklju\u010deni i stru\u010dnjaci i stru\u010dljaci, s tim da se\u2026","rel":"","context":"U &quot;Filmovi i serije&quot;","block_context":{"text":"Filmovi i serije","link":"https:\/\/historiografija.hr\/?cat=13"},"img":{"alt_text":"","src":"","width":0,"height":0},"classes":[]},{"id":54951,"url":"https:\/\/historiografija.hr\/?p=54951","url_meta":{"origin":33489,"position":2},"title":"Nelio Biedermann, &#8220;L\u00e1z\u00e1r&#8221;","author":"Branimir Jankovi\u0107","date":"13. kolovoza 2026.","format":false,"excerpt":"L\u00e1z\u00e1r Nelija Biedermanna knji\u017eevna je senzacija prevedena na desetke jezika i ve\u0107 uspore\u0111ivana s Mannovim Buddenbrookovima i M\u00e1rquezovim romanima. Kroz sudbinu ma\u0111arske plemi\u0107ke obitelji tijekom raspada Austro-Ugarske, ratova i politi\u010dkih prevrata, autor ispisuje rasko\u0161nu, mra\u010dnu i nezaboravnu obiteljsku sagu o ljubavi, tajnama i naslje\u0111u. Od prvog objavljivanja u Njema\u010dkoj u\u2026","rel":"","context":"U &quot;Novosti&quot;","block_context":{"text":"Novosti","link":"https:\/\/historiografija.hr\/?cat=3"},"img":{"alt_text":"","src":"https:\/\/i0.wp.com\/historiografija.hr\/wp-content\/uploads\/2026\/08\/lazar.jpg?fit=768%2C577&ssl=1&resize=350%2C200","width":350,"height":200,"srcset":"https:\/\/i0.wp.com\/historiografija.hr\/wp-content\/uploads\/2026\/08\/lazar.jpg?fit=768%2C577&ssl=1&resize=350%2C200 1x, https:\/\/i0.wp.com\/historiografija.hr\/wp-content\/uploads\/2026\/08\/lazar.jpg?fit=768%2C577&ssl=1&resize=525%2C300 1.5x, https:\/\/i0.wp.com\/historiografija.hr\/wp-content\/uploads\/2026\/08\/lazar.jpg?fit=768%2C577&ssl=1&resize=700%2C400 2x"},"classes":[]},{"id":54434,"url":"https:\/\/historiografija.hr\/?p=54434","url_meta":{"origin":33489,"position":3},"title":"Razgovor povodom obilje\u017eavanja 35 godina Antiratne kampanje","author":"Branimir Jankovi\u0107","date":"3. srpnja 2026.","format":false,"excerpt":"Povodom obilje\u017eavanja 35 godina Antiratne kampanje pozivamo vas na javni razgovor pod nazivom: Koliko nam iskustva Antiratne kampanje mogu pomo\u0107i u dana\u0161njim mirovnim naporima? Razgovor \u0107e biti prilika za prisje\u0107anje na djelovanje Antiratne kampanje, ali i za promi\u0161ljanje o tome kako iskustva mirovnog aktivizma, solidarnosti i gra\u0111anskog anga\u017emana iz devedesetih\u2026","rel":"","context":"U &quot;Novosti&quot;","block_context":{"text":"Novosti","link":"https:\/\/historiografija.hr\/?cat=3"},"img":{"alt_text":"","src":"https:\/\/i0.wp.com\/historiografija.hr\/wp-content\/uploads\/2026\/07\/ARK-35.webp?fit=1170%2C662&ssl=1&resize=350%2C200","width":350,"height":200,"srcset":"https:\/\/i0.wp.com\/historiografija.hr\/wp-content\/uploads\/2026\/07\/ARK-35.webp?fit=1170%2C662&ssl=1&resize=350%2C200 1x, https:\/\/i0.wp.com\/historiografija.hr\/wp-content\/uploads\/2026\/07\/ARK-35.webp?fit=1170%2C662&ssl=1&resize=525%2C300 1.5x, https:\/\/i0.wp.com\/historiografija.hr\/wp-content\/uploads\/2026\/07\/ARK-35.webp?fit=1170%2C662&ssl=1&resize=700%2C400 2x, https:\/\/i0.wp.com\/historiografija.hr\/wp-content\/uploads\/2026\/07\/ARK-35.webp?fit=1170%2C662&ssl=1&resize=1050%2C600 3x"},"classes":[]},{"id":53103,"url":"https:\/\/historiografija.hr\/?p=53103","url_meta":{"origin":33489,"position":4},"title":"Hrvoje Petri\u0107, \u201eNikola VII. Zrinski \u010cakove\u010dki (1620. \u2013 1664.) &#8211; snovi prekinuti u lovu na vepra\u201c","author":"Filip \u0160imunjak","date":"15. svibnja 2026.","format":false,"excerpt":"Ban Nikola VII. Zrinski (\u010cakovec, 3. svibnja 1620. \u2013 \u0161uma Otok pokraj Kur\u0161anca\/Kur\u0161ane\u010dki lug, 18. studenoga 1664.) bez dvojbe je jedna od najistaknutijih figura hrvatske i ugarske povijesti 17. stolje\u0107a, za \u017eivota smatran \u201eherojem kojem je providnost povjerila u ruke sudbinu Europe\u201c, a odmah nakon smrti nazvan je \u201eocem domovine\u201c\u2026","rel":"","context":"U &quot;Knjige&quot;","block_context":{"text":"Knjige","link":"https:\/\/historiografija.hr\/?cat=8"},"img":{"alt_text":"","src":"https:\/\/i0.wp.com\/historiografija.hr\/wp-content\/uploads\/2026\/05\/Nikola-VII.-Zrinski-Petric.jpg?fit=1200%2C800&ssl=1&resize=350%2C200","width":350,"height":200,"srcset":"https:\/\/i0.wp.com\/historiografija.hr\/wp-content\/uploads\/2026\/05\/Nikola-VII.-Zrinski-Petric.jpg?fit=1200%2C800&ssl=1&resize=350%2C200 1x, https:\/\/i0.wp.com\/historiografija.hr\/wp-content\/uploads\/2026\/05\/Nikola-VII.-Zrinski-Petric.jpg?fit=1200%2C800&ssl=1&resize=525%2C300 1.5x, https:\/\/i0.wp.com\/historiografija.hr\/wp-content\/uploads\/2026\/05\/Nikola-VII.-Zrinski-Petric.jpg?fit=1200%2C800&ssl=1&resize=700%2C400 2x, https:\/\/i0.wp.com\/historiografija.hr\/wp-content\/uploads\/2026\/05\/Nikola-VII.-Zrinski-Petric.jpg?fit=1200%2C800&ssl=1&resize=1050%2C600 3x"},"classes":[]},{"id":53742,"url":"https:\/\/historiografija.hr\/?p=53742","url_meta":{"origin":33489,"position":5},"title":"Javna predavanja &#8220;Kulturalna povijest kolektivnog stanovanja i komercijalni urbanizam&#8221;","author":"Branimir Jankovi\u0107","date":"26. svibnja 2026.","format":false,"excerpt":"U okviru ERC projekta Housing.Yu, Lea Horvat i Ivana Mihaela \u017dimbrek odr\u017eat \u0107e javna predavanja o kulturalnoj povijesti kolektivnog stanovanja i komercijalnom urbanizmu u petak, 29. svibnja 2026., u 13:00 sati na Arhitektonskom fakultetu u Zagrebu (Ka\u010di\u0107eva 26, 2. kat, soba 221). Lea HorvatKako nam kulturalna povijest poma\u017ee razumjeti kolektivno\u2026","rel":"","context":"U &quot;Novosti&quot;","block_context":{"text":"Novosti","link":"https:\/\/historiografija.hr\/?cat=3"},"img":{"alt_text":"","src":"https:\/\/i0.wp.com\/historiografija.hr\/wp-content\/uploads\/2026\/05\/erc-hyu-predavnje-ivana-zimbrek-1779202528.jpg?fit=900%2C563&ssl=1&resize=350%2C200","width":350,"height":200,"srcset":"https:\/\/i0.wp.com\/historiografija.hr\/wp-content\/uploads\/2026\/05\/erc-hyu-predavnje-ivana-zimbrek-1779202528.jpg?fit=900%2C563&ssl=1&resize=350%2C200 1x, https:\/\/i0.wp.com\/historiografija.hr\/wp-content\/uploads\/2026\/05\/erc-hyu-predavnje-ivana-zimbrek-1779202528.jpg?fit=900%2C563&ssl=1&resize=525%2C300 1.5x, https:\/\/i0.wp.com\/historiografija.hr\/wp-content\/uploads\/2026\/05\/erc-hyu-predavnje-ivana-zimbrek-1779202528.jpg?fit=900%2C563&ssl=1&resize=700%2C400 2x"},"classes":[]}],"_links":{"self":[{"href":"https:\/\/historiografija.hr\/index.php?rest_route=\/wp\/v2\/posts\/33489","targetHints":{"allow":["GET"]}}],"collection":[{"href":"https:\/\/historiografija.hr\/index.php?rest_route=\/wp\/v2\/posts"}],"about":[{"href":"https:\/\/historiografija.hr\/index.php?rest_route=\/wp\/v2\/types\/post"}],"author":[{"embeddable":true,"href":"https:\/\/historiografija.hr\/index.php?rest_route=\/wp\/v2\/users\/2"}],"replies":[{"embeddable":true,"href":"https:\/\/historiografija.hr\/index.php?rest_route=%2Fwp%2Fv2%2Fcomments&post=33489"}],"version-history":[{"count":1,"href":"https:\/\/historiografija.hr\/index.php?rest_route=\/wp\/v2\/posts\/33489\/revisions"}],"predecessor-version":[{"id":33491,"href":"https:\/\/historiografija.hr\/index.php?rest_route=\/wp\/v2\/posts\/33489\/revisions\/33491"}],"wp:featuredmedia":[{"embeddable":true,"href":"https:\/\/historiografija.hr\/index.php?rest_route=\/wp\/v2\/media\/33490"}],"wp:attachment":[{"href":"https:\/\/historiografija.hr\/index.php?rest_route=%2Fwp%2Fv2%2Fmedia&parent=33489"}],"wp:term":[{"taxonomy":"category","embeddable":true,"href":"https:\/\/historiografija.hr\/index.php?rest_route=%2Fwp%2Fv2%2Fcategories&post=33489"},{"taxonomy":"post_tag","embeddable":true,"href":"https:\/\/historiografija.hr\/index.php?rest_route=%2Fwp%2Fv2%2Ftags&post=33489"}],"curies":[{"name":"wp","href":"https:\/\/api.w.org\/{rel}","templated":true}]}}