{"id":33467,"date":"2022-11-17T15:21:21","date_gmt":"2022-11-17T15:21:21","guid":{"rendered":"http:\/\/historiografija.hr\/?p=33467"},"modified":"2022-11-17T15:21:21","modified_gmt":"2022-11-17T15:21:21","slug":"naida-michal-brandl-oduzimanje-zidovske-imovine-u-hrvatskoj-zagreb-kao-studija-slucaja-appropriation-of-jewish-property-in-croatia-zagreb-as-a-case-study","status":"publish","type":"post","link":"https:\/\/historiografija.hr\/?p=33467","title":{"rendered":"Naida-Michal Brandl, \u201eOduzimanje \u017eidovske imovine u Hrvatskoj: Zagreb kao studija slu\u010daja \/ Appropriation of Jewish property in Croatia: Zagreb as a case study\u201c"},"content":{"rendered":"\n<p>Ova knjiga nasu\u0161na je potreba jer je autorica na jasan i razumljiv na\u010din, a bez ikakve ideolo\u0161ke ostra\u0161\u0107enosti, istra\u017eila i predstavila velik i do danas u historiografiji neistra\u017een problem oduzimanja \u017eidovske imovine u razdoblju od po\u010detka Drugoga svjetskog rata do pora\u0107a. \u010citatelji u Hrvatskoj i u drugim zemljama jugoisto\u010dne Europe, ali i globalno, ovom knjigom dobit \u0107e prigodu da se ovim iznimnim uvidom obavijeste o jednoj od dugoro\u010dnih nepravdi, posljedici ne samo Holokausta u Hrvatskoj, ve\u0107 i revolucionarnog preuzimanja vlasti komunista u Jugoslaviji nakon Drugoga svjetskog rata.<\/p>\n\n\n\n<p>S obzirom na trajne pritiske koje me\u0111unarodna javnost vr\u0161i na Republiku Hrvatsku i potrebe da se vrati otu\u0111ena \u017eidovska (ali i ne samo \u017eidovska) imovina, ova \u0107e knjiga korisno poslu\u017eiti donositeljima odluka, ali i zainteresiranoj javnosti, predstavnicima medija, nevladinih udruga i pravnicima kako bi u svojemu budu\u0107em djelovanju bili sustavnije i to\u010dnije obavije\u0161teni o problemu restitucije privatnog vlasni\u0161tva vlasnicima u Hrvatskoj.<\/p>\n\n\n\n<p>Andrea Feldman<\/p>\n\n\n\n<hr class=\"wp-block-separator\"\/>\n\n\n\n<p>Izvor:<\/p>\n\n\n\n<p><a href=\"https:\/\/www.leykam-international.hr\/publikacija.php?id=248\">https:\/\/www.leykam-international.hr\/publikacija.php?id=248<\/a><\/p>\n\n\n\n<hr class=\"wp-block-separator\"\/>\n","protected":false},"excerpt":{"rendered":"","protected":false},"author":2,"featured_media":33468,"comment_status":"open","ping_status":"open","sticky":false,"template":"","format":"standard","meta":{"_acf_changed":false,"jetpack_post_was_ever_published":false,"_jetpack_newsletter_access":"","_jetpack_dont_email_post_to_subs":false,"_jetpack_newsletter_tier_id":0,"_jetpack_memberships_contains_paywalled_content":false,"_jetpack_memberships_contains_paid_content":false,"footnotes":"","jetpack_publicize_message":"","jetpack_publicize_feature_enabled":true,"jetpack_social_post_already_shared":true,"jetpack_social_options":{"image_generator_settings":{"template":"highway","default_image_id":0,"font":"","enabled":false},"version":2}},"categories":[8,3],"tags":[],"class_list":["post-33467","post","type-post","status-publish","format-standard","has-post-thumbnail","hentry","category-knjige","category-novosti"],"acf":{"facebook_opis":""},"jetpack_publicize_connections":[],"jetpack_featured_media_url":"https:\/\/i0.wp.com\/historiografija.hr\/wp-content\/uploads\/2022\/11\/Brandl.jpg?fit=246%2C348&ssl=1","jetpack_sharing_enabled":true,"jetpack-related-posts":[],"_links":{"self":[{"href":"https:\/\/historiografija.hr\/index.php?rest_route=\/wp\/v2\/posts\/33467","targetHints":{"allow":["GET"]}}],"collection":[{"href":"https:\/\/historiografija.hr\/index.php?rest_route=\/wp\/v2\/posts"}],"about":[{"href":"https:\/\/historiografija.hr\/index.php?rest_route=\/wp\/v2\/types\/post"}],"author":[{"embeddable":true,"href":"https:\/\/historiografija.hr\/index.php?rest_route=\/wp\/v2\/users\/2"}],"replies":[{"embeddable":true,"href":"https:\/\/historiografija.hr\/index.php?rest_route=%2Fwp%2Fv2%2Fcomments&post=33467"}],"version-history":[{"count":1,"href":"https:\/\/historiografija.hr\/index.php?rest_route=\/wp\/v2\/posts\/33467\/revisions"}],"predecessor-version":[{"id":33469,"href":"https:\/\/historiografija.hr\/index.php?rest_route=\/wp\/v2\/posts\/33467\/revisions\/33469"}],"wp:featuredmedia":[{"embeddable":true,"href":"https:\/\/historiografija.hr\/index.php?rest_route=\/wp\/v2\/media\/33468"}],"wp:attachment":[{"href":"https:\/\/historiografija.hr\/index.php?rest_route=%2Fwp%2Fv2%2Fmedia&parent=33467"}],"wp:term":[{"taxonomy":"category","embeddable":true,"href":"https:\/\/historiografija.hr\/index.php?rest_route=%2Fwp%2Fv2%2Fcategories&post=33467"},{"taxonomy":"post_tag","embeddable":true,"href":"https:\/\/historiografija.hr\/index.php?rest_route=%2Fwp%2Fv2%2Ftags&post=33467"}],"curies":[{"name":"wp","href":"https:\/\/api.w.org\/{rel}","templated":true}]}}