{"id":33448,"date":"2022-11-15T17:19:35","date_gmt":"2022-11-15T17:19:35","guid":{"rendered":"http:\/\/historiografija.hr\/?p=33448"},"modified":"2022-11-17T00:53:43","modified_gmt":"2022-11-17T00:53:43","slug":"promocije-izdanja-udruzenja-za-modernu-historiju-u-mostaru-i-sarajevu","status":"publish","type":"post","link":"https:\/\/historiografija.hr\/?p=33448","title":{"rendered":"Promocije izdanja Udru\u017eenja za modernu historiju u Mostaru i Sarajevu"},"content":{"rendered":"\n<p>Nakon Mostara 14. studenog, promocija izdanja Udru\u017eenja za modernu historiju bit \u0107e odr\u017eana u Sarajevu 16. studenog 2022. Izme\u0111u ostalih, bit \u0107e predstavljene sljede\u0107e knjige:<\/p>\n\n\n\n<p>Reprezentacije nasilja u jugoisto\u010dnoj Evropi 20. stolje\u0107a. Zbornik radova<\/p>\n\n\n\n<p>Husnija Kamberovi\u0107, Histori\u010dar u javnosti<\/p>\n\n\n\n<p>Edin Omer\u010di\u0107, BiH u politi\u010dkoj projekciji intelektualnih krugova 1991-1996<\/p>\n\n\n\n<p>Xavier Bougarel, Hand\u017ear divizija. Waffen-SS u Bosni 1943-1945<\/p>\n\n\n\n<hr class=\"wp-block-separator\"\/>\n\n\n\n<p>Op\u0161irnije:<\/p>\n\n\n\n<p><a href=\"https:\/\/historiografija.ba\/article.php?id=1520\">https:\/\/historiografija.ba\/article.php?id=1520<\/a><\/p>\n\n\n\n<p><a href=\"https:\/\/historiografija.ba\/article.php?id=1524\">https:\/\/historiografija.ba\/article.php?id=1524<\/a><\/p>\n\n\n\n<p><a href=\"https:\/\/historiografija.ba\/article.php?id=1519\">https:\/\/historiografija.ba\/article.php?id=1519<\/a><\/p>\n\n\n\n<p><a href=\"https:\/\/historiografija.ba\/article.php?id=1515\">https:\/\/historiografija.ba\/article.php?id=1515<\/a><\/p>\n\n\n\n<hr class=\"wp-block-separator\"\/>\n\n\n\n<p><\/p>\n","protected":false},"excerpt":{"rendered":"","protected":false},"author":2,"featured_media":33449,"comment_status":"open","ping_status":"open","sticky":false,"template":"","format":"standard","meta":{"_acf_changed":false,"_jetpack_newsletter_access":"","_jetpack_dont_email_post_to_subs":false,"_jetpack_newsletter_tier_id":0,"_jetpack_memberships_contains_paywalled_content":false,"_jetpack_memberships_contains_paid_content":false,"footnotes":"","jetpack_publicize_message":"","jetpack_publicize_feature_enabled":true,"jetpack_social_post_already_shared":true,"jetpack_social_options":{"image_generator_settings":{"template":"highway","default_image_id":0,"font":"","enabled":false},"version":2},"jetpack_post_was_ever_published":false},"categories":[3],"tags":[],"class_list":["post-33448","post","type-post","status-publish","format-standard","has-post-thumbnail","hentry","category-novosti"],"acf":{"facebook_opis":""},"jetpack_publicize_connections":[],"jetpack_featured_media_url":"https:\/\/i0.wp.com\/historiografija.hr\/wp-content\/uploads\/2022\/11\/NUB_promocija_UMHIS-najava.png?fit=555%2C393&ssl=1","jetpack_sharing_enabled":true,"jetpack-related-posts":[{"id":54643,"url":"https:\/\/historiografija.hr\/?p=54643","url_meta":{"origin":33448,"position":0},"title":"Objavljen 12. broj \u010dasopisa Radovi Filozofskog fakulteta u Sarajevu (Historija, Historija umjetnosti, Arheologija)","author":"Branimir Jankovi\u0107","date":"17. srpnja 2026.","format":false,"excerpt":"Novi broj \u010dasopisa Radovi Filozofskog fakulteta u Sarajevu tematski je posve\u0107en 75. obljetnici osnivanja Odsjeka za historiju, najstarije visoko\u0161kolske institucije ove vrste u Bosni i Hercegovini. Za razliku od uobi\u010dajenih izdanja fokusiranih na u\u017ei kronolo\u0161ki okvir, ovaj broj okuplja radove alumnija Odsjeka s ciljem prikaza suvremenih istra\u017eiva\u010dkih dosega i institucionalnog\u2026","rel":"","context":"U &quot;\u010casopisi&quot;","block_context":{"text":"\u010casopisi","link":"https:\/\/historiografija.hr\/?cat=21"},"img":{"alt_text":"","src":"https:\/\/i0.wp.com\/historiografija.hr\/wp-content\/uploads\/2026\/07\/radovi-ff-2025.jpg?fit=550%2C422&ssl=1&resize=350%2C200","width":350,"height":200,"srcset":"https:\/\/i0.wp.com\/historiografija.hr\/wp-content\/uploads\/2026\/07\/radovi-ff-2025.jpg?fit=550%2C422&ssl=1&resize=350%2C200 1x, https:\/\/i0.wp.com\/historiografija.hr\/wp-content\/uploads\/2026\/07\/radovi-ff-2025.jpg?fit=550%2C422&ssl=1&resize=525%2C300 1.5x"},"classes":[]},{"id":53930,"url":"https:\/\/historiografija.hr\/?p=53930","url_meta":{"origin":33448,"position":1},"title":"Promocija knjige &#8220;Artists at War: Narratives, Visual Arts and the Siege of Sarajevo&#8221; u Sarajevu","author":"Branimir Jankovi\u0107","date":"8. lipnja 2026.","format":false,"excerpt":"Akademija likovnih umjetnosti Univerziteta u Sarajevu organizira promociju knjige Artists at War: Narratives, Visual Arts and the Siege of Sarajevo (Palgrave Macmillan, 2025) \u010dija je autorica Ewa Anna Kumelowski. Knjiga objedinjuje doktorsko istra\u017eivanje posve\u0107eno vizuelnim umjetnostima u periodu opsade Sarajeva (1992-1995). O knjizi \u0107e govoriti Xavier Bougarel, Ewa Anna Kumelowski,\u2026","rel":"","context":"U &quot;Novosti&quot;","block_context":{"text":"Novosti","link":"https:\/\/historiografija.hr\/?cat=3"},"img":{"alt_text":"","src":"https:\/\/i0.wp.com\/historiografija.hr\/wp-content\/uploads\/2026\/06\/Artists.jpg?fit=864%2C507&ssl=1&resize=350%2C200","width":350,"height":200,"srcset":"https:\/\/i0.wp.com\/historiografija.hr\/wp-content\/uploads\/2026\/06\/Artists.jpg?fit=864%2C507&ssl=1&resize=350%2C200 1x, https:\/\/i0.wp.com\/historiografija.hr\/wp-content\/uploads\/2026\/06\/Artists.jpg?fit=864%2C507&ssl=1&resize=525%2C300 1.5x, https:\/\/i0.wp.com\/historiografija.hr\/wp-content\/uploads\/2026\/06\/Artists.jpg?fit=864%2C507&ssl=1&resize=700%2C400 2x"},"classes":[]},{"id":54646,"url":"https:\/\/historiografija.hr\/?p=54646","url_meta":{"origin":33448,"position":2},"title":"Novi broj \u010dasopisa \u201ePRILOZI\u201c (br. 54, 2025)","author":"Branimir Jankovi\u0107","date":"17. srpnja 2026.","format":false,"excerpt":"Institut za historiju Univerziteta u Sarajevu objavio je 54. broj \u010dasopisa \u201ePrilozi\u201c, koji je u cijelosti dostupan na stranici Instituta za historiju Univerziteta u Sarajevu. Op\u0161irnije: https:\/\/prilozi.iis.unsa.ba\/prilozi-br-54-2025\/ Dodatne obavijesti: https:\/\/historiografija.ba\/casopisi\/bosna-i-hercegovina\/objavljen-je-br-54-casopisa-prilozi-instituta-za-historiju","rel":"","context":"U &quot;\u010casopisi&quot;","block_context":{"text":"\u010casopisi","link":"https:\/\/historiografija.hr\/?cat=21"},"img":{"alt_text":"","src":"https:\/\/i0.wp.com\/historiografija.hr\/wp-content\/uploads\/2026\/07\/prilozi-instituta-za-historiju-54.jpg?fit=450%2C665&ssl=1&resize=350%2C200","width":350,"height":200},"classes":[]},{"id":54572,"url":"https:\/\/historiografija.hr\/?p=54572","url_meta":{"origin":33448,"position":3},"title":"Povodom fizi\u010dkog napada na knji\u017eevnika Vladimira Arsenijevi\u0107a, suradnika Kliofesta","author":"Branimir Jankovi\u0107","date":"13. srpnja 2026.","format":false,"excerpt":"U Beogradu je fizi\u010dki napadnut knji\u017eevnik Vladimir Arsenijevi\u0107, prilikom pripremanja komemoracije \u017ertvama genocida u Srebrenici, \u010dije je odr\u017eavanje time sprije\u010deno. Arsenijevi\u0107 je predsjednik Udru\u017eenja Krokodil, koje je proteklih godina organiziralo niz doga\u0111anja u kojima su sudjelovali povjesni\u010dari i povjesni\u010darke, te to nastavlja \u010diniti i dalje. Prije nekoliko godina intenzivno smo\u2026","rel":"","context":"U &quot;Novosti&quot;","block_context":{"text":"Novosti","link":"https:\/\/historiografija.hr\/?cat=3"},"img":{"alt_text":"","src":"https:\/\/i0.wp.com\/historiografija.hr\/wp-content\/uploads\/2026\/07\/ARSENIJEVIC-foto.jpg?fit=480%2C335&ssl=1&resize=350%2C200","width":350,"height":200},"classes":[]},{"id":54649,"url":"https:\/\/historiografija.hr\/?p=54649","url_meta":{"origin":33448,"position":4},"title":"Objavljen je 24. broj \u010dasopisa &#8220;Historijska traganja&#8221; (2025)","author":"Branimir Jankovi\u0107","date":"17. srpnja 2026.","format":false,"excerpt":"Institut za \u00a0historiju Univerziteta u Sarajevu objavio je 24. broj \u010dasopisa Historijska traganja. U ovom broju je objavljeno ukupno deset \u010dlanaka (od toga sedam u tematskom bloku Znanje pod nadzorom: ideologije, dru\u0161tvo i mo\u0107). Tu je i rubrika Gra\u0111a u kojoj su objavljena pisma \u0161to ih je Vejsil \u0106ur\u010di\u0107 pisao\u2026","rel":"","context":"U &quot;\u010casopisi&quot;","block_context":{"text":"\u010casopisi","link":"https:\/\/historiografija.hr\/?cat=21"},"img":{"alt_text":"","src":"https:\/\/i0.wp.com\/historiografija.hr\/wp-content\/uploads\/2026\/07\/historijska-traganja-24-2025.jpg?fit=450%2C650&ssl=1&resize=350%2C200","width":350,"height":200},"classes":[]},{"id":53463,"url":"https:\/\/historiografija.hr\/?p=53463","url_meta":{"origin":33448,"position":5},"title":"Predstavljen je prvi svezak zbornika \u201cNovi prilozi za povijest hrvatske socijaldemokracije\u201d","author":"Branimir Jankovi\u0107","date":"19. svibnja 2026.","format":false,"excerpt":"U srijedu 6. svibnja 2026. u Knji\u017enici i \u010ditaonici Bogdana Ogrizovi\u0107a u Zagrebu u sklopu ovogodi\u0161njeg Kliofesta odr\u017eano je predstavljanje prvoga sveska zbornika Novi prilozi za povijest hrvatske socijaldemokracije urednika dr. sc. Matka Globa\u010dnika. Zbornik su predstavili recenzenti s Filozofskog fakulteta Sveu\u010dili\u0161ta u Zagrebu, dr. sc. Martin Previ\u0161i\u0107, red. prof.,\u2026","rel":"","context":"U &quot;Novosti&quot;","block_context":{"text":"Novosti","link":"https:\/\/historiografija.hr\/?cat=3"},"img":{"alt_text":"","src":"https:\/\/i0.wp.com\/historiografija.hr\/wp-content\/uploads\/2026\/05\/Kliofest-6_5_2026.jpg?fit=1030%2C633&ssl=1&resize=350%2C200","width":350,"height":200,"srcset":"https:\/\/i0.wp.com\/historiografija.hr\/wp-content\/uploads\/2026\/05\/Kliofest-6_5_2026.jpg?fit=1030%2C633&ssl=1&resize=350%2C200 1x, https:\/\/i0.wp.com\/historiografija.hr\/wp-content\/uploads\/2026\/05\/Kliofest-6_5_2026.jpg?fit=1030%2C633&ssl=1&resize=525%2C300 1.5x, https:\/\/i0.wp.com\/historiografija.hr\/wp-content\/uploads\/2026\/05\/Kliofest-6_5_2026.jpg?fit=1030%2C633&ssl=1&resize=700%2C400 2x"},"classes":[]}],"_links":{"self":[{"href":"https:\/\/historiografija.hr\/index.php?rest_route=\/wp\/v2\/posts\/33448","targetHints":{"allow":["GET"]}}],"collection":[{"href":"https:\/\/historiografija.hr\/index.php?rest_route=\/wp\/v2\/posts"}],"about":[{"href":"https:\/\/historiografija.hr\/index.php?rest_route=\/wp\/v2\/types\/post"}],"author":[{"embeddable":true,"href":"https:\/\/historiografija.hr\/index.php?rest_route=\/wp\/v2\/users\/2"}],"replies":[{"embeddable":true,"href":"https:\/\/historiografija.hr\/index.php?rest_route=%2Fwp%2Fv2%2Fcomments&post=33448"}],"version-history":[{"count":2,"href":"https:\/\/historiografija.hr\/index.php?rest_route=\/wp\/v2\/posts\/33448\/revisions"}],"predecessor-version":[{"id":33466,"href":"https:\/\/historiografija.hr\/index.php?rest_route=\/wp\/v2\/posts\/33448\/revisions\/33466"}],"wp:featuredmedia":[{"embeddable":true,"href":"https:\/\/historiografija.hr\/index.php?rest_route=\/wp\/v2\/media\/33449"}],"wp:attachment":[{"href":"https:\/\/historiografija.hr\/index.php?rest_route=%2Fwp%2Fv2%2Fmedia&parent=33448"}],"wp:term":[{"taxonomy":"category","embeddable":true,"href":"https:\/\/historiografija.hr\/index.php?rest_route=%2Fwp%2Fv2%2Fcategories&post=33448"},{"taxonomy":"post_tag","embeddable":true,"href":"https:\/\/historiografija.hr\/index.php?rest_route=%2Fwp%2Fv2%2Ftags&post=33448"}],"curies":[{"name":"wp","href":"https:\/\/api.w.org\/{rel}","templated":true}]}}