{"id":33444,"date":"2022-11-15T17:10:15","date_gmt":"2022-11-15T17:10:15","guid":{"rendered":"http:\/\/historiografija.hr\/?p=33444"},"modified":"2022-11-15T17:10:55","modified_gmt":"2022-11-15T17:10:55","slug":"ivan-jankovic-po-njima-se-nista-nece-zvati-sporedne-i-sasvim-sporedne-licnosti-iz-srpske-istorije-19-veka","status":"publish","type":"post","link":"https:\/\/historiografija.hr\/?p=33444","title":{"rendered":"Ivan Jankovi\u0107, \u201ePo njima se ni\u0161ta ne\u0107e zvati. sporedne i sasvim sporedne li\u010dnosti iz srpske istorije 19. veka\u201c"},"content":{"rendered":"\n<p>\u201cJunaci ove knjige su, kao \u0161to stoji u podnaslovu, sporedne ili sasvim sporedne li\u010dnosti u kontekstu svog vremena. O sporednim li\u010dnostima \u2013 epizodistima \u2013 ima traga u na\u0161oj istoriografiji, pa i biografskih odrednica u re\u010dnicima i enciklopedijama. O sasvim sporednim li\u010dnostima \u2013 statistima istorije \u2013 nije pisano i o njima i za njih se nije znalo ni\u0161ta.<\/p>\n\n\n\n<p>Epizodistima i statistima je zajedni\u010dko to \u0161to nisu zapam\u0107eni kao akteri istorije srpskog dru\u0161tva, iako su mu, svaki na svoj na\u010din i u skladu sa svojim mogu\u0107nostima, doprineli, makar i u beskrajno maloj meri. I zato se \u2013 kao \u0161to pi\u0161e u naslovu ove knjige, pozajmljenom od jugoslovenske rok grupe Bijelo dugme \u2013 po njima nikad ni\u0161ta ne\u0107e zvati, osim, evo, pojedinih ovde sabranih tekstova.<\/p>\n\n\n\n<p>Koliko god \u2019junaci i junakinje\u2019 ove knjige bili razli\u010diti po poreklu, zanimanju, dru\u0161tvenom statusu i na\u010dinu \u017eivota, ipak se kroz njihove biografije naziru neke svima zajedni\u010dke, jer op\u0161te dru\u0161tvene, okolnosti koje upotpunjavaju sliku svakodnevnog \u017eivota u Srbiji i, naro\u010dito, u Beogradu sredinom pretpro\u0161log veka. Neke od tih op\u0161tijih tema su dobro poznate i istra\u017eene u na\u0161oj istoriografiji, dok su druge dobile mnogo manje pa\u017enje nego \u0161to je zaslu\u017euju.\u201d<\/p>\n\n\n\n<p>Ivan Jankovi\u0107<\/p>\n\n\n\n<hr class=\"wp-block-separator\"\/>\n\n\n\n<p><strong>O autoru:<\/strong><\/p>\n\n\n\n<p>Ivan Jankovi\u0107 (1946) sociolog i pravnik, osniva\u010d je Udru\u017eenja za borbu protiv smrtne kazne (1981) i nevladine organizacije Srbija protiv smrtne kazne (2012) te \u010dlan Evropskog komiteta za spre\u010davanje mu\u010denja (2007-2013). Objavio je monografije \u201cNa belom hlebu\u201d (2012) i \u201cSmrt u prisustvu vlasti\u201d (1985). Koautor je priru\u010dnika za policiju \u201cZabrana zlostavljanja\u201d (2010), te knjiga \u201cKosovski \u010dvor: dre\u0161iti ili se\u0107i?\u201d (1990) i \u201cDru\u0161tvene devijacije: kritika socijalne patologije\u201d (1981). Fabrika knjiga je objavila njegovu istorijsku studiju \u201cKata Nesiba i komentari\u201d (2017, 2018) i zbirku tekstova o istoriji represije u Srbiji \u201cMacke i packe\u201d (2018).<\/p>\n\n\n\n<hr class=\"wp-block-separator\"\/>\n\n\n\n<p>Izvor:<\/p>\n\n\n\n<p><a href=\"https:\/\/www.fabrikaknjiga.co.rs\/po-njima-se-nista-nece-zvati-sporedne-i-sasvim-sporedne-licnosti-iz-srpske-istorije-19-veka\/\">https:\/\/www.fabrikaknjiga.co.rs\/po-njima-se-nista-nece-zvati-sporedne-i-sasvim-sporedne-licnosti-iz-srpske-istorije-19-veka\/<\/a><\/p>\n\n\n\n<hr class=\"wp-block-separator\"\/>\n","protected":false},"excerpt":{"rendered":"","protected":false},"author":2,"featured_media":33445,"comment_status":"open","ping_status":"open","sticky":false,"template":"","format":"standard","meta":{"_acf_changed":false,"jetpack_post_was_ever_published":false,"_jetpack_newsletter_access":"","_jetpack_dont_email_post_to_subs":false,"_jetpack_newsletter_tier_id":0,"_jetpack_memberships_contains_paywalled_content":false,"_jetpack_memberships_contains_paid_content":false,"footnotes":"","jetpack_publicize_message":"","jetpack_publicize_feature_enabled":true,"jetpack_social_post_already_shared":true,"jetpack_social_options":{"image_generator_settings":{"template":"highway","default_image_id":0,"font":"","enabled":false},"version":2}},"categories":[8,3],"tags":[],"class_list":["post-33444","post","type-post","status-publish","format-standard","has-post-thumbnail","hentry","category-knjige","category-novosti"],"acf":{"facebook_opis":""},"jetpack_publicize_connections":[],"jetpack_featured_media_url":"https:\/\/i0.wp.com\/historiografija.hr\/wp-content\/uploads\/2022\/11\/Po-njima-se-nista-nece-zvati.png?fit=717%2C1024&ssl=1","jetpack_sharing_enabled":true,"jetpack-related-posts":[],"_links":{"self":[{"href":"https:\/\/historiografija.hr\/index.php?rest_route=\/wp\/v2\/posts\/33444","targetHints":{"allow":["GET"]}}],"collection":[{"href":"https:\/\/historiografija.hr\/index.php?rest_route=\/wp\/v2\/posts"}],"about":[{"href":"https:\/\/historiografija.hr\/index.php?rest_route=\/wp\/v2\/types\/post"}],"author":[{"embeddable":true,"href":"https:\/\/historiografija.hr\/index.php?rest_route=\/wp\/v2\/users\/2"}],"replies":[{"embeddable":true,"href":"https:\/\/historiografija.hr\/index.php?rest_route=%2Fwp%2Fv2%2Fcomments&post=33444"}],"version-history":[{"count":2,"href":"https:\/\/historiografija.hr\/index.php?rest_route=\/wp\/v2\/posts\/33444\/revisions"}],"predecessor-version":[{"id":33447,"href":"https:\/\/historiografija.hr\/index.php?rest_route=\/wp\/v2\/posts\/33444\/revisions\/33447"}],"wp:featuredmedia":[{"embeddable":true,"href":"https:\/\/historiografija.hr\/index.php?rest_route=\/wp\/v2\/media\/33445"}],"wp:attachment":[{"href":"https:\/\/historiografija.hr\/index.php?rest_route=%2Fwp%2Fv2%2Fmedia&parent=33444"}],"wp:term":[{"taxonomy":"category","embeddable":true,"href":"https:\/\/historiografija.hr\/index.php?rest_route=%2Fwp%2Fv2%2Fcategories&post=33444"},{"taxonomy":"post_tag","embeddable":true,"href":"https:\/\/historiografija.hr\/index.php?rest_route=%2Fwp%2Fv2%2Ftags&post=33444"}],"curies":[{"name":"wp","href":"https:\/\/api.w.org\/{rel}","templated":true}]}}