{"id":33437,"date":"2022-11-15T17:01:16","date_gmt":"2022-11-15T17:01:16","guid":{"rendered":"http:\/\/historiografija.hr\/?p=33437"},"modified":"2022-11-15T17:04:21","modified_gmt":"2022-11-15T17:04:21","slug":"dejan-pernjak-povijest-pavlinskoga-samostana-u-krizevcima","status":"publish","type":"post","link":"https:\/\/historiografija.hr\/?p=33437","title":{"rendered":"Dejan Pernjak, &#8220;Povijest Pavlinskoga samostana u Kri\u017eevcima&#8221;"},"content":{"rendered":"\n<p>Iz tiska je iza\u0161la monografija &#8220;Povijest Pavlinskoga samostana u Kri\u017eevcima&#8221; dr. sc. Dejana Pernjaka u izdanju Hrvatske akademije znanosti i umjetnosti, Zavoda za znanstvenoistra\u017eiva\u010dki rad Koprivni\u010dko-kri\u017eeva\u010dke \u017eupanije u Kri\u017eevcima.<\/p>\n\n\n\n<p>Recenzenti knjige su akademik Stjepan \u0106osi\u0107 s Fakulteta hrvatskih studija Sveu\u010dili\u0161ta u Zagrebu i prof. dr. sc. Luka Ili\u0107, znanstveni suradnik na Leibnizovu institutu za europsku povijest u Mainzu.<\/p>\n\n\n\n<hr class=\"wp-block-separator\"\/>\n\n\n\n<div class=\"wp-block-file\"><a href=\"https:\/\/historiografija.hr\/wp-content\/uploads\/2022\/11\/Sazetak-Povijest-pavlinskoga-samostana.docx\">Sazetak-Povijest-pavlinskoga-samostana<\/a><a href=\"https:\/\/historiografija.hr\/wp-content\/uploads\/2022\/11\/Sazetak-Povijest-pavlinskoga-samostana.docx\" class=\"wp-block-file__button\" download>Preuzmi<\/a><\/div>\n\n\n\n<div class=\"wp-block-file\"><a href=\"https:\/\/historiografija.hr\/wp-content\/uploads\/2022\/11\/Zivotopis-autora.docx\">Zivotopis-autora<\/a><a href=\"https:\/\/historiografija.hr\/wp-content\/uploads\/2022\/11\/Zivotopis-autora.docx\" class=\"wp-block-file__button\" download>Preuzmi<\/a><\/div>\n\n\n\n<hr class=\"wp-block-separator\"\/>\n","protected":false},"excerpt":{"rendered":"","protected":false},"author":2,"featured_media":33440,"comment_status":"open","ping_status":"open","sticky":false,"template":"","format":"standard","meta":{"_acf_changed":false,"jetpack_post_was_ever_published":false,"_jetpack_newsletter_access":"","_jetpack_dont_email_post_to_subs":false,"_jetpack_newsletter_tier_id":0,"_jetpack_memberships_contains_paywalled_content":false,"_jetpack_memberships_contains_paid_content":false,"footnotes":"","jetpack_publicize_message":"","jetpack_publicize_feature_enabled":true,"jetpack_social_post_already_shared":true,"jetpack_social_options":{"image_generator_settings":{"template":"highway","default_image_id":0,"font":"","enabled":false},"version":2}},"categories":[8,3],"tags":[],"class_list":["post-33437","post","type-post","status-publish","format-standard","has-post-thumbnail","hentry","category-knjige","category-novosti"],"acf":{"facebook_opis":""},"jetpack_publicize_connections":[],"jetpack_featured_media_url":"https:\/\/i0.wp.com\/historiografija.hr\/wp-content\/uploads\/2022\/11\/Pavlini-korice.jpg?fit=844%2C1045&ssl=1","jetpack_sharing_enabled":true,"jetpack-related-posts":[],"_links":{"self":[{"href":"https:\/\/historiografija.hr\/index.php?rest_route=\/wp\/v2\/posts\/33437","targetHints":{"allow":["GET"]}}],"collection":[{"href":"https:\/\/historiografija.hr\/index.php?rest_route=\/wp\/v2\/posts"}],"about":[{"href":"https:\/\/historiografija.hr\/index.php?rest_route=\/wp\/v2\/types\/post"}],"author":[{"embeddable":true,"href":"https:\/\/historiografija.hr\/index.php?rest_route=\/wp\/v2\/users\/2"}],"replies":[{"embeddable":true,"href":"https:\/\/historiografija.hr\/index.php?rest_route=%2Fwp%2Fv2%2Fcomments&post=33437"}],"version-history":[{"count":3,"href":"https:\/\/historiografija.hr\/index.php?rest_route=\/wp\/v2\/posts\/33437\/revisions"}],"predecessor-version":[{"id":33443,"href":"https:\/\/historiografija.hr\/index.php?rest_route=\/wp\/v2\/posts\/33437\/revisions\/33443"}],"wp:featuredmedia":[{"embeddable":true,"href":"https:\/\/historiografija.hr\/index.php?rest_route=\/wp\/v2\/media\/33440"}],"wp:attachment":[{"href":"https:\/\/historiografija.hr\/index.php?rest_route=%2Fwp%2Fv2%2Fmedia&parent=33437"}],"wp:term":[{"taxonomy":"category","embeddable":true,"href":"https:\/\/historiografija.hr\/index.php?rest_route=%2Fwp%2Fv2%2Fcategories&post=33437"},{"taxonomy":"post_tag","embeddable":true,"href":"https:\/\/historiografija.hr\/index.php?rest_route=%2Fwp%2Fv2%2Ftags&post=33437"}],"curies":[{"name":"wp","href":"https:\/\/api.w.org\/{rel}","templated":true}]}}