{"id":33429,"date":"2022-11-14T23:50:37","date_gmt":"2022-11-14T23:50:37","guid":{"rendered":"http:\/\/historiografija.hr\/?p=33429"},"modified":"2022-11-14T23:50:37","modified_gmt":"2022-11-14T23:50:37","slug":"agrippa-daubigne-tragicari","status":"publish","type":"post","link":"https:\/\/historiografija.hr\/?p=33429","title":{"rendered":"Agrippa d&#8217;Aubign\u00e9, \u201eTragi\u010dari\u201c"},"content":{"rendered":"\n<p>Preveo \u017deljko Klai\u0107<\/p>\n\n\n\n<hr class=\"wp-block-separator\"\/>\n\n\n\n<p>Th\u00e9odore Agrippa d\u2019Aubign\u00e9 (1552\u20131630) francuski je knji\u017eevnik, povjesni\u010dar i vojskovo\u0111a, autor religiozno-politi\u010dkoga epa <em>Tragi\u010dari<\/em> (1616), koji se smatra remek-djelom francuskoga baroka. Opse\u017eno djelo, pisano tijekom vi\u0161e od tri desetlje\u0107a, sastoji se od oko devet tisu\u0107a stihova, a pripovijeda o sukobima izme\u0111u katolika i protestanata za vrijeme vjerskih ratova u Francuskoj. Ep ima sedam dijelova i proslov, a u opisu doga\u0111aja mije\u0161aju se uzvi\u0161eni i satiri\u010dni registri. Mnogi dijelovi D&#8217;Aubign\u00e9ova pjesmotvora imaju iznimnu poeti\u010dku snagu, a \u010desto preuzimaju rje\u010dnik i patos biblijskih stihova. Nakon objave, ep je pao u zaborav da bi tek romanti\u010dari otkrili njegovu snagu, ljepotu lirskih dionica te bogatstvo imaginativnih uzleta. \u201eU <em>Tragi\u010darima<\/em> je d\u2019Aubign\u00e9 od pera napravio no\u017e. Njegovo pero re\u017ee kao no\u017e njegova ne\u0161to ranijeg suvremenika anatoma i kirurga Ambroisea Par\u00e9a, pronicljivog promatra\u010da i iscjelitelja izmrcvarenog ljudskog tijela. Poput Par\u00e9a na anatomskom stolu, D\u2019Aubign\u00e9 rije\u010dima otvara, razabire utrobu i imenuje pokidane \u017eile i razderane mi\u0161i\u0107e, uzburkane sokove i \u017eu\u010di \u0161to ih je tada\u0161nja medicina zvala <em>humores<\/em>; opisuje raspadaju\u0107e tijelo Francuske &#8216;\u0161to sklad po\u010dela nesuglasjem truje&#8217;, pi\u0161e stravi\u010dnu anatomiju vjerskog rata.\u201c (<em>Nenad Ivi\u0107<\/em>)<\/p>\n\n\n\n<hr class=\"wp-block-separator\"\/>\n\n\n\n<p>Biblioteka Posebna izdanja, glavni urednik Luka \u0160eput, izvr\u0161na urednica Romana Horvat, pogovor Nenad Ivi\u0107, likovni urednik \u017deljko Podore\u0161ki, grafi\u010dki urednik Neven Osojnik, tisak Grafomark. d.o.o. (Zagreb).<\/p>\n\n\n\n<hr class=\"wp-block-separator\"\/>\n\n\n\n<p><strong>Agrippa d&#8217;Aubign\u00e9<\/strong><\/p>\n\n\n\n<p>Francuski pjesnik, povjesni\u010dar i satiri\u010dar (8. II. 1552 \u2013 9. V. 1630). Uvjereni kalvinist, u doba vjerskih ratova borio se na strani Henrika IV. Autor zbirke soneta, stanci i oda <em>Prolje\u0107e<\/em> (<em>Printemps<\/em>, 1570), <em>Op\u0107e povijesti<\/em> (<em>Histoire universelle<\/em>, 1616\u201320), satiri\u010dkoga romana <em>Pustolovine baruna Faenestea<\/em> (<em>Aventures du baron de Faeneste<\/em>, 1617\u20131630). Jedan od prvih predstavnika knji\u017eevnog baroka u Francuskoj. Ogor\u010den ubojstvom Henrika IV, objavljuje svoje glavno djelo, spjev <em>Tragi\u010dari<\/em> (<em>Les Tragiques<\/em>, 1616), nastao na satiri\u010dkoj i lirskoj tradiciji protestantskoga pjesni\u0161tva i pamfleta, u kojemu anga\u017eirano i izra\u017eajno napada dvoli\u010dnost katoli\u010dkih vladar\u00e2, opisuje muke seljaka i mu\u010deni\u0161tvo protestanata u Francuskoj u XVI. stolje\u0107u.<\/p>\n\n\n\n<hr class=\"wp-block-separator\"\/>\n\n\n\n<p>broj stranica: 377<\/p>\n\n\n\n<p>godina izdanja: 2022.<\/p>\n\n\n\n<p>izdava\u010d: Matica hrvatska<\/p>\n\n\n\n<p>mjesto: Zagreb<\/p>\n\n\n\n<hr class=\"wp-block-separator\"\/>\n\n\n\n<p>Izvor:<\/p>\n\n\n\n<p><a href=\"https:\/\/www.matica.hr\/knjige\/tragicari-1403\/\">https:\/\/www.matica.hr\/knjige\/tragicari-1403\/<\/a><\/p>\n\n\n\n<hr class=\"wp-block-separator\"\/>\n","protected":false},"excerpt":{"rendered":"","protected":false},"author":2,"featured_media":33430,"comment_status":"open","ping_status":"open","sticky":false,"template":"","format":"standard","meta":{"_acf_changed":false,"jetpack_post_was_ever_published":false,"_jetpack_newsletter_access":"","_jetpack_dont_email_post_to_subs":false,"_jetpack_newsletter_tier_id":0,"_jetpack_memberships_contains_paywalled_content":false,"_jetpack_memberships_contains_paid_content":false,"footnotes":"","jetpack_publicize_message":"","jetpack_publicize_feature_enabled":true,"jetpack_social_post_already_shared":true,"jetpack_social_options":{"image_generator_settings":{"template":"highway","default_image_id":0,"font":"","enabled":false},"version":2}},"categories":[3,12],"tags":[],"class_list":["post-33429","post","type-post","status-publish","format-standard","has-post-thumbnail","hentry","category-novosti","category-knjizevnost"],"acf":{"facebook_opis":""},"jetpack_publicize_connections":[],"jetpack_featured_media_url":"https:\/\/i0.wp.com\/historiografija.hr\/wp-content\/uploads\/2022\/11\/tragicari.jpeg?fit=300%2C427&ssl=1","jetpack_sharing_enabled":true,"jetpack-related-posts":[],"_links":{"self":[{"href":"https:\/\/historiografija.hr\/index.php?rest_route=\/wp\/v2\/posts\/33429","targetHints":{"allow":["GET"]}}],"collection":[{"href":"https:\/\/historiografija.hr\/index.php?rest_route=\/wp\/v2\/posts"}],"about":[{"href":"https:\/\/historiografija.hr\/index.php?rest_route=\/wp\/v2\/types\/post"}],"author":[{"embeddable":true,"href":"https:\/\/historiografija.hr\/index.php?rest_route=\/wp\/v2\/users\/2"}],"replies":[{"embeddable":true,"href":"https:\/\/historiografija.hr\/index.php?rest_route=%2Fwp%2Fv2%2Fcomments&post=33429"}],"version-history":[{"count":1,"href":"https:\/\/historiografija.hr\/index.php?rest_route=\/wp\/v2\/posts\/33429\/revisions"}],"predecessor-version":[{"id":33431,"href":"https:\/\/historiografija.hr\/index.php?rest_route=\/wp\/v2\/posts\/33429\/revisions\/33431"}],"wp:featuredmedia":[{"embeddable":true,"href":"https:\/\/historiografija.hr\/index.php?rest_route=\/wp\/v2\/media\/33430"}],"wp:attachment":[{"href":"https:\/\/historiografija.hr\/index.php?rest_route=%2Fwp%2Fv2%2Fmedia&parent=33429"}],"wp:term":[{"taxonomy":"category","embeddable":true,"href":"https:\/\/historiografija.hr\/index.php?rest_route=%2Fwp%2Fv2%2Fcategories&post=33429"},{"taxonomy":"post_tag","embeddable":true,"href":"https:\/\/historiografija.hr\/index.php?rest_route=%2Fwp%2Fv2%2Ftags&post=33429"}],"curies":[{"name":"wp","href":"https:\/\/api.w.org\/{rel}","templated":true}]}}