{"id":33420,"date":"2022-11-12T18:36:37","date_gmt":"2022-11-12T18:36:37","guid":{"rendered":"http:\/\/historiografija.hr\/?p=33420"},"modified":"2022-11-12T18:36:37","modified_gmt":"2022-11-12T18:36:37","slug":"milan-glibota-marija-jovic-gradska-knjiznica-don-mihovil-pavlinovic-1868-2022","status":"publish","type":"post","link":"https:\/\/historiografija.hr\/?p=33420","title":{"rendered":"Milan Glibota, Marija Jovi\u0107, \u201eGradska knji\u017enica \u00bbDon Mihovil Pavlinovi\u0107\u00ab (1868. \u2013 2022.)\u201c"},"content":{"rendered":"\n<p><strong>\u00bbUvijek sam zami\u0161ljao raj kao neku vrstu knji\u017enice.\u00ab \u2013 Jorge Luis Borges.<\/strong><\/p>\n\n\n\n<p>&#8212;<\/p>\n\n\n\n<p><br><br>\u00bbO va\u017enosti knji\u017enica, od samostanskih i narodnih do gradskih, \u0161kolskih i nacionalnih, i u nas i u svijetu, pisali su mnogi, no malokoja se knji\u017enica u Hrvatskoj mo\u017ee pohvaliti ovakvom monografijom kakvu su o povijesti i nastanku Gradske knji\u017enice \u00bbDon Mihovil Pavlinovi\u0107\u00ab u Imotskome ispisali publicist Milan Glibota i dr. sc. Marija Jovi\u0107\u00ab, zapisuje dr. sc. Ante \u017du\u017eul u predgovoru ove monografije naslovljenom <em>Knji\u017enica je hram<\/em>.<br><br>O povijesti imotske knji\u017enice, prvim literarnim zapisima u Imotskoj krajini, prvim samostanskim knji\u017enicama, imotskim franjevcima, o prvoj knji\u017enici u Imotskom i fra \u0160imunu Gudelju te o razvoju \u010ditaonice u Imotskom u vrijeme narodnog preporoda i Pravilniku dru\u017etva Narodne \u010ditaonice Imotske objavljenom 2. rujna 1868. u \u00bbNarodnom listu\u00ab te o Don Mihovilu Pavlinovi\u0107u koji je 8. velja\u010de 1870. znamenitim govorom <em>Besjeda na slavi Imotske \u010ditaonice<\/em> otvorio Hrvatsku \u010ditaonicu u Imotskom znala\u010dki u prva dva poglavlja ove rasko\u0161no opremljene monografije pi\u0161e publicist Milan Glibota.<br><br>Od te 1870. pa do 14. studenoga 2005., kada je otvorena Moderna samostalna ustanova Gradska knji\u017enica i \u010ditaonica \u00bbDon Mihovil Pavlinovi\u0107\u00ab, i to zalaganjem dana\u0161nje ravnateljice dr. sc. Marije Jovi\u0107, pro\u0161lo je 135 godina. To je vrijeme opisano u poglavljima <em>Od franjeva\u010dke samostanske knji\u017enice do Imotske \u010ditaonice<\/em>, <em>Rad knji\u017enice 1980-ih<\/em> i <em>150. obljetnica utemeljenja knji\u017enice, IRIM projekti i STEM revolucija<\/em> u kojoj dr. Jovi\u0107 znala\u010dki opisuje trnovit put osamostaljenja knji\u017enice. Naime, sve do 14. studenoga 2005. imotska je knji\u017enica bila tek odjel u sastavu neke druge kulturne ustanove na podru\u010dju grada. Zahvaljuju\u0107i njezinu trudu, maru i nesebi\u010dnom zalaganju knji\u017enica se osamostalila te je osnovana moderna ustanova Gradska knji\u017enica \u00bbDon Mihovil Pavlinovi\u0107\u00ab smje\u0161tena u posve obnovljenim prostorima najljep\u0161e gradske ku\u0107e koju stariji gra\u0111ani nazivaju i Domljanovom ku\u0107om. Gradsku knji\u017enicu i \u010ditaonicu \u00bbDon Mihovil Pavlinovi\u0107\u00ab otvorio je 18. svibnja 2007. tada\u0161nji ministar kulture Republike Hrvatske mr. Bo\u017eo Bi\u0161kupi\u0107.<\/p>\n\n\n\n<hr class=\"wp-block-separator\"\/>\n\n\n\n<p>Izdava\u010d: \u0160kolska knjiga<\/p>\n\n\n\n<p>Broj stranica: 148<\/p>\n\n\n\n<p>Godina izdanja: 2022<\/p>\n\n\n\n<hr class=\"wp-block-separator\"\/>\n\n\n\n<p>Prelistaj izdanje:<\/p>\n\n\n\n<p><a href=\"https:\/\/shop.skolskaknjiga.hr\/gradska-knjiznica-don-mihovil-pavlinovic-1868-2022.html\">https:\/\/shop.skolskaknjiga.hr\/gradska-knjiznica-don-mihovil-pavlinovic-1868-2022.html<\/a><\/p>\n\n\n\n<hr class=\"wp-block-separator\"\/>\n","protected":false},"excerpt":{"rendered":"","protected":false},"author":2,"featured_media":33421,"comment_status":"open","ping_status":"open","sticky":false,"template":"","format":"standard","meta":{"_acf_changed":false,"jetpack_post_was_ever_published":false,"_jetpack_newsletter_access":"","_jetpack_dont_email_post_to_subs":false,"_jetpack_newsletter_tier_id":0,"_jetpack_memberships_contains_paywalled_content":false,"_jetpack_memberships_contains_paid_content":false,"footnotes":"","jetpack_publicize_message":"","jetpack_publicize_feature_enabled":true,"jetpack_social_post_already_shared":true,"jetpack_social_options":{"image_generator_settings":{"template":"highway","default_image_id":0,"font":"","enabled":false},"version":2}},"categories":[8,3],"tags":[],"class_list":["post-33420","post","type-post","status-publish","format-standard","has-post-thumbnail","hentry","category-knjige","category-novosti"],"acf":{"facebook_opis":""},"jetpack_publicize_connections":[],"jetpack_featured_media_url":"https:\/\/i0.wp.com\/historiografija.hr\/wp-content\/uploads\/2022\/11\/Knjiznica.jpg?fit=838%2C1000&ssl=1","jetpack_sharing_enabled":true,"jetpack-related-posts":[],"_links":{"self":[{"href":"https:\/\/historiografija.hr\/index.php?rest_route=\/wp\/v2\/posts\/33420","targetHints":{"allow":["GET"]}}],"collection":[{"href":"https:\/\/historiografija.hr\/index.php?rest_route=\/wp\/v2\/posts"}],"about":[{"href":"https:\/\/historiografija.hr\/index.php?rest_route=\/wp\/v2\/types\/post"}],"author":[{"embeddable":true,"href":"https:\/\/historiografija.hr\/index.php?rest_route=\/wp\/v2\/users\/2"}],"replies":[{"embeddable":true,"href":"https:\/\/historiografija.hr\/index.php?rest_route=%2Fwp%2Fv2%2Fcomments&post=33420"}],"version-history":[{"count":1,"href":"https:\/\/historiografija.hr\/index.php?rest_route=\/wp\/v2\/posts\/33420\/revisions"}],"predecessor-version":[{"id":33422,"href":"https:\/\/historiografija.hr\/index.php?rest_route=\/wp\/v2\/posts\/33420\/revisions\/33422"}],"wp:featuredmedia":[{"embeddable":true,"href":"https:\/\/historiografija.hr\/index.php?rest_route=\/wp\/v2\/media\/33421"}],"wp:attachment":[{"href":"https:\/\/historiografija.hr\/index.php?rest_route=%2Fwp%2Fv2%2Fmedia&parent=33420"}],"wp:term":[{"taxonomy":"category","embeddable":true,"href":"https:\/\/historiografija.hr\/index.php?rest_route=%2Fwp%2Fv2%2Fcategories&post=33420"},{"taxonomy":"post_tag","embeddable":true,"href":"https:\/\/historiografija.hr\/index.php?rest_route=%2Fwp%2Fv2%2Ftags&post=33420"}],"curies":[{"name":"wp","href":"https:\/\/api.w.org\/{rel}","templated":true}]}}