{"id":33414,"date":"2022-11-12T18:24:51","date_gmt":"2022-11-12T18:24:51","guid":{"rendered":"http:\/\/historiografija.hr\/?p=33414"},"modified":"2022-11-12T18:28:49","modified_gmt":"2022-11-12T18:28:49","slug":"tony-judt-poslije-rata-povijest-europe-od-1945-godine","status":"publish","type":"post","link":"https:\/\/historiografija.hr\/?p=33414","title":{"rendered":"Tony Judt, &#8220;Poslije rata: povijest Europe od 1945. godine&#8221;"},"content":{"rendered":"\n<p>Nakon \u0161to je godinama najavljivano, kona\u010dno je prije nekoliko mjeseci u prijevodu Petra Vuja\u010di\u0107a i izdanju VBZ-a objavljeno hrvatsko izdanje kapitalnog djela povjesni\u010dara Tonyja Judta (1948-2010) <strong><em>Poslije rata: povijest Europe od 1945. godine<\/em><\/strong>, koje je opravdano popra\u0107eno nizom medijskih zapisa. Objavljeno u dva sveska, mo\u017eda je ba\u0161 ono \u2013 usprkos znatnoj skupo\u0107i \u2013 potencijalni izbor za veliku interlibarsku investiciju me\u0111u na\u0161im \u010ditateljima. Informacijama o recepciji Tonyja Judta u hrvatskoj historiografiji (o kojoj u pogovoru knjige pi\u0161e Tvrtko Jakovina) pridodajemo podatke o opse\u017enom osvrtu koji je o engleskom izvorniku Judtova djela <a href=\"https:\/\/hrcak.srce.hr\/clanak\/75646\">napisala<\/a> Mirjana Gross 2007. i jedinom nekrologu T. Judtu u nas koji je <a href=\"https:\/\/hrcak.srce.hr\/176756\">napisao<\/a> Branimir Jankovi\u0107 2011. godine.<\/p>\n\n\n\n<hr class=\"wp-block-separator\"\/>\n\n\n\n<p><strong><em>Poslije rata<\/em><\/strong> najva\u017enije je djelo o Europi u razdoblju od kraja Drugog svjetskog rata 1945. do 2005. iz pera jednog od najcjenjenijih povjesni\u010dara s prijelaza 20. u 21. stolje\u0107e Tonyja Judta. Ovo je prva moderna povijest o \u0161ezdeset dugih godina koje su presudno oblikovale na\u0161 kontinent, u njegovu zapadnom dijelu, kao i u zemljama koje su velik dio tog razdoblja provele iza \u017deljezne zavjese. Nastalo na temelju istra\u017eivanja na \u0161est jezika, Judtovo djelo provodi \u010ditatelje kroz trideset \u010detiri zemlje u turbulentnom razdoblju politi\u010dkih i kulturnih promjena zapo\u010detih Hitlerovim porazom, detaljno obja\u0161njavaju\u0107i pozadinu povijesnih tijekova koji su doveli do podjele Njema\u010dke i Europe, Hladnoga rata koji se prelamao na europskim le\u0111ima, pada Berlinskog zida i rata u biv\u0161oj Jugoslaviji, sve do konsolidacije Europske unije po\u010detkom novog stolje\u0107a. Ambiciozno napisano, a lako \u010ditljivo, Judtovo remek-djelo <strong><em>Poslije rata<\/em><\/strong> pru\u017ea rijedak u\u017eitak \u010ditatelju i omogu\u0107ava nam da bolje razumijemo dana\u0161nja zbivanja u svjetlu europskog povijesno-politi\u010dkog naslje\u0111a.<\/p>\n\n\n\n<hr class=\"wp-block-separator\"\/>\n\n\n\n<p>\u201cBriljantno. Knjiga koja se \u010dita trilerskim tempom, a opsegom je enciklopedija.\u201d<\/p>\n\n\n\n<p>The New York Review of Books<\/p>\n\n\n\n<hr class=\"wp-block-separator\"\/>\n\n\n\n<p>\u201cIznimno djelo\u2026 Napisano tako da odra\u017eava puninu \u017eivota, a na\u010din na koji prati male zemlje kao i one velike doslovno je nadljudski; povrh svega, od korica do korica puno je neo\u010dekivanih podataka i novih opa\u017eanja, ili pak onih ve\u0107 vi\u0111enih ali sagledanih u novom svjetlu.\u201d<\/p>\n\n\n\n<p>The New Yorker<\/p>\n\n\n\n<hr class=\"wp-block-separator\"\/>\n\n\n\n<p>\u201cMaestralno. Ovo je nedvojbeno silno opse\u017ena, mjerodavna i vrlo \u010ditka poslijeratna povijest.\u201d<\/p>\n\n\n\n<p>The Boston Globe<\/p>\n\n\n\n<hr class=\"wp-block-separator\"\/>\n\n\n\n<p>\u201cJudtov silan, mudar i briljantno detaljan prikaz oporavka Europe od haranja Drugog svjetskog rata naovamo predstavlja panoramu cijelog kontinenta, a usto se s gotovo svake stranice \u010duje detonacija.\u201d<\/p>\n\n\n\n<p>The New York Times Book Review<\/p>\n\n\n\n<hr class=\"wp-block-separator\"\/>\n\n\n\n<p><strong>Pro\u010ditaj odlomak:<\/strong><\/p>\n\n\n\n<figure class=\"wp-block-embed-wordpress wp-block-embed is-type-wp-embed is-provider-vbz-online-bookstore\"><div class=\"wp-block-embed__wrapper\">\n<blockquote class=\"wp-embedded-content\" data-secret=\"jlGrJ4gzir\"><a href=\"https:\/\/www.vbz.hr\/book\/poslije-rata-1-povijest-europe-od-1945\/\">Poslije rata 1 &#8211;  Povijest Europe od 1945.<\/a><\/blockquote><iframe loading=\"lazy\" class=\"wp-embedded-content\" sandbox=\"allow-scripts\" security=\"restricted\" style=\"position: absolute; clip: rect(1px, 1px, 1px, 1px);\" title=\"&#8220;Poslije rata 1 &#8211;  Povijest Europe od 1945.&#8221; &#8212; VBZ online bookstore\" src=\"https:\/\/www.vbz.hr\/book\/poslije-rata-1-povijest-europe-od-1945\/embed\/#?secret=Zp7zucHA9a#?secret=jlGrJ4gzir\" data-secret=\"jlGrJ4gzir\" width=\"600\" height=\"338\" frameborder=\"0\" marginwidth=\"0\" marginheight=\"0\" scrolling=\"no\"><\/iframe>\n<\/div><\/figure>\n\n\n\n<figure class=\"wp-block-embed-wordpress wp-block-embed is-type-wp-embed is-provider-vbz-online-bookstore\"><div class=\"wp-block-embed__wrapper\">\n<blockquote class=\"wp-embedded-content\" data-secret=\"CIGvAjzN2M\"><a href=\"https:\/\/www.vbz.hr\/book\/poslije-rata-2-povijest-europe-od-1945\/\">Poslije rata 2 &#8211; Povijest Europe od 1945.<\/a><\/blockquote><iframe loading=\"lazy\" class=\"wp-embedded-content\" sandbox=\"allow-scripts\" security=\"restricted\" style=\"position: absolute; clip: rect(1px, 1px, 1px, 1px);\" title=\"&#8220;Poslije rata 2 &#8211; Povijest Europe od 1945.&#8221; &#8212; VBZ online bookstore\" src=\"https:\/\/www.vbz.hr\/book\/poslije-rata-2-povijest-europe-od-1945\/embed\/#?secret=yvKl9xdW0s#?secret=CIGvAjzN2M\" data-secret=\"CIGvAjzN2M\" width=\"600\" height=\"338\" frameborder=\"0\" marginwidth=\"0\" marginheight=\"0\" scrolling=\"no\"><\/iframe>\n<\/div><\/figure>\n\n\n\n<hr class=\"wp-block-separator\"\/>\n\n\n\n<p><strong>Iz medija:<\/strong><\/p>\n\n\n\n<p><a href=\"https:\/\/www.jutarnji.hr\/kultura\/knjizevnost\/poslije-rata-bolje-temeljitije-pametnije-originalnije-i-potpunije-povijesti-europe-nakon-1945-nije-bilo-15232341\">https:\/\/www.jutarnji.hr\/kultura\/knjizevnost\/poslije-rata-bolje-temeljitije-pametnije-originalnije-i-potpunije-povijesti-europe-nakon-1945-nije-bilo-15232341<\/a><\/p>\n\n\n\n<figure class=\"wp-block-embed-wordpress wp-block-embed is-type-wp-embed is-provider-novi-list\"><div class=\"wp-block-embed__wrapper\">\n<blockquote class=\"wp-embedded-content\" data-secret=\"O4DjAxKpjS\"><a href=\"https:\/\/www.novilist.hr\/ostalo\/kultura\/knjizevnost\/procitali-smo-knjigu-tonyja-judta-poslije-rata-povijest-europe-od-1945-godine\/\">Pro\u010ditali smo knjigu Tonyja Judta &#8220;Poslije rata: Povijest Europe od 1945. godine&#8221;<\/a><\/blockquote><iframe loading=\"lazy\" class=\"wp-embedded-content\" sandbox=\"allow-scripts\" security=\"restricted\" style=\"position: absolute; clip: rect(1px, 1px, 1px, 1px);\" title=\"&#8220;Pro\u010ditali smo knjigu Tonyja Judta &#8220;Poslije rata: Povijest Europe od 1945. godine&#8221;&#8221; &#8212; Novi list\" src=\"https:\/\/www.novilist.hr\/ostalo\/kultura\/knjizevnost\/procitali-smo-knjigu-tonyja-judta-poslije-rata-povijest-europe-od-1945-godine\/embed\/#?secret=qLOC0syPSc#?secret=O4DjAxKpjS\" data-secret=\"O4DjAxKpjS\" width=\"600\" height=\"338\" frameborder=\"0\" marginwidth=\"0\" marginheight=\"0\" scrolling=\"no\"><\/iframe>\n<\/div><\/figure>\n\n\n\n<p><a href=\"https:\/\/slobodnadalmacija.hr\/kultura\/knjizevnost\/djelo-povjesnicara-tonyja-judta-poslije-rata-1-i-2-bas-bi-svatko-zbog-svog-zdravlja-trebao-imati-na-kantunalu-a-dosta-je-prostora-posvetio-i-nama-1223734\">https:\/\/slobodnadalmacija.hr\/kultura\/knjizevnost\/djelo-povjesnicara-tonyja-judta-poslije-rata-1-i-2-bas-bi-svatko-zbog-svog-zdravlja-trebao-imati-na-kantunalu-a-dosta-je-prostora-posvetio-i-nama-1223734<\/a><\/p>\n\n\n\n<p><a href=\"https:\/\/express.24sata.hr\/top-news\/poslije-rata-buducnost-se-zna-proslost-je-nepredvidiva-25980\">https:\/\/express.24sata.hr\/top-news\/poslije-rata-buducnost-se-zna-proslost-je-nepredvidiva-25980<\/a><\/p>\n\n\n\n<p><a href=\"https:\/\/www.vecernji.hr\/showbiz\/da-biste-razumjeli-europu-u-kojoj-zivite-sebe-i-druge-u-njoj-njezine-demone-i-ideale-trebali-biste-procitati-knjigu-tonyja-judta-1623191\">https:\/\/www.vecernji.hr\/showbiz\/da-biste-razumjeli-europu-u-kojoj-zivite-sebe-i-druge-u-njoj-njezine-demone-i-ideale-trebali-biste-procitati-knjigu-tonyja-judta-1623191<\/a><\/p>\n\n\n\n<p><a href=\"https:\/\/www.tportal.hr\/kultura\/clanak\/epohalno-djelo-poslije-rata-tonyja-judta-donosi-povijest-europe-od-1945-do-2005-20220621\">https:\/\/www.tportal.hr\/kultura\/clanak\/epohalno-djelo-poslije-rata-tonyja-judta-donosi-povijest-europe-od-1945-do-2005-20220621<\/a><\/p>\n\n\n\n<figure class=\"wp-block-embed-wordpress wp-block-embed is-type-wp-embed is-provider-nacional-hr\"><div class=\"wp-block-embed__wrapper\">\n<blockquote class=\"wp-embedded-content\" data-secret=\"2RhYpayKln\"><a href=\"https:\/\/www.nacional.hr\/feljton-sad-je-jos-1991-podrzavao-jugoslaviju-koja-se-raspadala\/\">FELJTON: SAD je jo\u0161 1991. podr\u017eavao Jugoslaviju koja se raspadala<\/a><\/blockquote><iframe loading=\"lazy\" class=\"wp-embedded-content\" sandbox=\"allow-scripts\" security=\"restricted\" style=\"position: absolute; clip: rect(1px, 1px, 1px, 1px);\" title=\"&#8220;FELJTON: SAD je jo\u0161 1991. podr\u017eavao Jugoslaviju koja se raspadala&#8221; &#8212; NACIONAL.HR\" src=\"https:\/\/www.nacional.hr\/feljton-sad-je-jos-1991-podrzavao-jugoslaviju-koja-se-raspadala\/embed\/#?secret=2RhYpayKln\" data-secret=\"2RhYpayKln\" width=\"600\" height=\"338\" frameborder=\"0\" marginwidth=\"0\" marginheight=\"0\" scrolling=\"no\"><\/iframe>\n<\/div><\/figure>\n\n\n\n<p><a href=\"https:\/\/www.portalnovosti.com\/svi-nasi-zlocini\">https:\/\/www.portalnovosti.com\/svi-nasi-zlocini<\/a><\/p>\n\n\n\n<p><a href=\"https:\/\/historiografija.ba\/article.php?id=1457\">https:\/\/historiografija.ba\/article.php?id=1457<\/a><\/p>\n\n\n\n<p><a href=\"https:\/\/historiografija.ba\/article.php?id=1457\">https:\/\/historiografija.ba\/article.php?id=1457<\/a><\/p>\n\n\n\n<p><a href=\"https:\/\/historiografija.ba\/article.php?id=1260\">https:\/\/historiografija.ba\/article.php?id=1260<\/a><\/p>\n\n\n\n<hr class=\"wp-block-separator\"\/>\n","protected":false},"excerpt":{"rendered":"","protected":false},"author":2,"featured_media":33415,"comment_status":"open","ping_status":"open","sticky":false,"template":"","format":"standard","meta":{"_acf_changed":false,"jetpack_post_was_ever_published":false,"_jetpack_newsletter_access":"","_jetpack_dont_email_post_to_subs":false,"_jetpack_newsletter_tier_id":0,"_jetpack_memberships_contains_paywalled_content":false,"_jetpack_memberships_contains_paid_content":false,"footnotes":"","jetpack_publicize_message":"","jetpack_publicize_feature_enabled":true,"jetpack_social_post_already_shared":true,"jetpack_social_options":{"image_generator_settings":{"template":"highway","default_image_id":0,"font":"","enabled":false},"version":2}},"categories":[8,3],"tags":[],"class_list":["post-33414","post","type-post","status-publish","format-standard","has-post-thumbnail","hentry","category-knjige","category-novosti"],"acf":{"facebook_opis":""},"jetpack_publicize_connections":[],"jetpack_featured_media_url":"https:\/\/i0.wp.com\/historiografija.hr\/wp-content\/uploads\/2022\/11\/Judt.jpg?fit=1280%2C720&ssl=1","jetpack_sharing_enabled":true,"jetpack-related-posts":[{"id":52628,"url":"https:\/\/historiografija.hr\/?p=52628","url_meta":{"origin":33414,"position":0},"title":"Predavanje dopisnog \u010dlana HAZU Alaina Finkielkrauta Izrael, Europa, antisemitizam","author":"Branimir Jankovi\u0107","date":"23. travnja 2026.","format":false,"excerpt":"Francuski filozof Alain Finkielkraut, redoviti \u010dlan Francuske akademije i dopisni \u010dlan HAZU, odr\u017eat \u0107e predavanje\u00a0Izrael, Europa, antisemitizam u utorak 28. travnja 2026. u 13 sati u Knji\u017enici HAZU,\u00a0Strossmayerov trg 14 u Zagrebu. Uvodne rije\u010di odr\u017eat \u0107e\u00a0akademkinja \u017deljka \u010corak i\u00a0akademik Dra\u017een Katunari\u0107. Predavanje \u0107e se odr\u017eati na francuskom jeziku uz konsekutivno\u2026","rel":"","context":"U &quot;Novosti&quot;","block_context":{"text":"Novosti","link":"https:\/\/historiografija.hr\/?cat=3"},"img":{"alt_text":"","src":"https:\/\/i0.wp.com\/historiografija.hr\/wp-content\/uploads\/2026\/04\/Alain_Finkielkraut.jpg?fit=350%2C407&ssl=1&resize=350%2C200","width":350,"height":200},"classes":[]},{"id":52528,"url":"https:\/\/historiografija.hr\/?p=52528","url_meta":{"origin":33414,"position":1},"title":"[Promocija knjige] Banja Luka u ratu: Etnopolitika i svakodnevica (1990\u20131995) (ActiveLab, YugoLab)","author":"Branimir Jankovi\u0107","date":"17. travnja 2026.","format":false,"excerpt":"Institut za filozofiju i dru\u0161tvenu teoriju i O\u0161tra Nula organizuju promociju knjige Banja Luka u ratu: Etnopolitika i svakodnevica (1990\u20131995) autorke Armine Galija\u0161, koja \u0107e se odr\u017eati 20. aprila 2026. u 12.00 sati u prostorijama Instituta (Kraljice Natalije 45, Beograd). Re\u010d je o prvom nau\u010dno utemeljenom i sistematskom radu koji\u2026","rel":"","context":"U &quot;Novosti&quot;","block_context":{"text":"Novosti","link":"https:\/\/historiografija.hr\/?cat=3"},"img":{"alt_text":"","src":"https:\/\/i0.wp.com\/historiografija.hr\/wp-content\/uploads\/2026\/04\/20-april-RS.jpg?fit=1200%2C675&ssl=1&resize=350%2C200","width":350,"height":200,"srcset":"https:\/\/i0.wp.com\/historiografija.hr\/wp-content\/uploads\/2026\/04\/20-april-RS.jpg?fit=1200%2C675&ssl=1&resize=350%2C200 1x, https:\/\/i0.wp.com\/historiografija.hr\/wp-content\/uploads\/2026\/04\/20-april-RS.jpg?fit=1200%2C675&ssl=1&resize=525%2C300 1.5x, https:\/\/i0.wp.com\/historiografija.hr\/wp-content\/uploads\/2026\/04\/20-april-RS.jpg?fit=1200%2C675&ssl=1&resize=700%2C400 2x, https:\/\/i0.wp.com\/historiografija.hr\/wp-content\/uploads\/2026\/04\/20-april-RS.jpg?fit=1200%2C675&ssl=1&resize=1050%2C600 3x"},"classes":[]},{"id":52669,"url":"https:\/\/historiografija.hr\/?p=52669","url_meta":{"origin":33414,"position":2},"title":"Predavanje Igora Dude &#8220;Odmor kao \u017eivotna potreba: o slobodnom vremenu u socijalisti\u010dkoj Jugoslaviji&#8221;","author":"Branimir Jankovi\u0107","date":"27. travnja 2026.","format":false,"excerpt":"U sklopu proljetnog ciklusa programa\u00a0Kriti\u010dka dramaturgija: pauza, u\u00a0subotu, 25. travnja 2026. u 19 sati\u00a0u prostoru Udru\u017eenja hrvatskih arhitekata povjesni\u010dar Igor Duda\u00a0odr\u017eao je predavanje naslovljeno\u00a0Odmor kao \u017eivotna potreba: o slobodnom vremenu u socijalisti\u010dkoj Jugoslaviji. Industrijalizacija i urbanizacija dru\u0161tava u povijesti su zna\u010dile i prelazak s predindustrijskog na industrijsko shva\u0107anje vremena. Ono\u2026","rel":"","context":"U &quot;Novosti&quot;","block_context":{"text":"Novosti","link":"https:\/\/historiografija.hr\/?cat=3"},"img":{"alt_text":"","src":"https:\/\/i0.wp.com\/historiografija.hr\/wp-content\/uploads\/2026\/04\/Duda.png?fit=1200%2C628&ssl=1&resize=350%2C200","width":350,"height":200,"srcset":"https:\/\/i0.wp.com\/historiografija.hr\/wp-content\/uploads\/2026\/04\/Duda.png?fit=1200%2C628&ssl=1&resize=350%2C200 1x, https:\/\/i0.wp.com\/historiografija.hr\/wp-content\/uploads\/2026\/04\/Duda.png?fit=1200%2C628&ssl=1&resize=525%2C300 1.5x, https:\/\/i0.wp.com\/historiografija.hr\/wp-content\/uploads\/2026\/04\/Duda.png?fit=1200%2C628&ssl=1&resize=700%2C400 2x, https:\/\/i0.wp.com\/historiografija.hr\/wp-content\/uploads\/2026\/04\/Duda.png?fit=1200%2C628&ssl=1&resize=1050%2C600 3x"},"classes":[]},{"id":52631,"url":"https:\/\/historiografija.hr\/?p=52631","url_meta":{"origin":33414,"position":3},"title":"Predavanje Ivana Tepe\u0161a: Djelovanje hrvatske politi\u010dke emigracije","author":"Branimir Jankovi\u0107","date":"23. travnja 2026.","format":false,"excerpt":"Odjel za me\u0111unarodnu suradnju i iseljeni\u0161tvo Matice hrvatske Predavanje Ivana Tepe\u0161a: Djelovanje hrvatske politi\u010dke emigracije Utorak, 28. travnja 2026. u 18:00 sati, Dvorana Ljudevita Jonkea (Mala dvorana MH), Strossmayerov trg 4, Zagreb dr. sc. Ivan Tepe\u0161, Institut za istra\u017eivanje migracija Hrvatska politi\u010dka emigracija obilje\u017eila je polustoljetnu hrvatsku povijest u drugoj\u2026","rel":"","context":"U &quot;Novosti&quot;","block_context":{"text":"Novosti","link":"https:\/\/historiografija.hr\/?cat=3"},"img":{"alt_text":"","src":"","width":0,"height":0},"classes":[]},{"id":52633,"url":"https:\/\/historiografija.hr\/?p=52633","url_meta":{"origin":33414,"position":4},"title":"POVIJEST TRE\u0160NJEVA\u010cKE GLAZBE: prikupljanje virtualnog fundusa Muzeja susjedstva Tre\u0161njevka","author":"Branimir Jankovi\u0107","date":"23. travnja 2026.","format":false,"excerpt":"utorak 28. 4. 2026. 14 - 18 h Nova BAZA, Nova cesta 66, Zagreb Prvi su dani ljeta 1957. godine. Bo\u017eica Kalafati\u0107 poha\u0111a drugi razred Osnovne \u0161kole Bratstvo i jedinstvo, danas kralja Tomislava, a ide i na muzi\u010dke satove u Mo\u0161\u0107eni\u010dkoj ulici. Na fotografiji s harmonikom u rukama stoji u\u2026","rel":"","context":"U &quot;Novosti&quot;","block_context":{"text":"Novosti","link":"https:\/\/historiografija.hr\/?cat=3"},"img":{"alt_text":"","src":"https:\/\/i0.wp.com\/historiografija.hr\/wp-content\/uploads\/2026\/04\/MST_prikupljanje.jpg?fit=380%2C475&ssl=1&resize=350%2C200","width":350,"height":200},"classes":[]},{"id":52536,"url":"https:\/\/historiografija.hr\/?p=52536","url_meta":{"origin":33414,"position":5},"title":"Kader Abdolah, \u201ePrije nego \u0161to bude kasno\u201c","author":"Branimir Jankovi\u0107","date":"20. travnja 2026.","format":false,"excerpt":"Kader Abdolah \u017eeli se vratiti ku\u0107i. Ali povratak je nemogu\u0107: u Iranu bi bio uhap\u0161en. Pod la\u017enim imenom i s krivotvorenim paso\u0161em ipak uspijeva u\u0107i u domovinu i sti\u017ee do roditeljske ku\u0107e, visoko u planinama. Majka ga ne prepoznaje, otac je mrtav, a sve \u0161to je tra\u017eio izmi\u010de mu pred\u2026","rel":"","context":"U &quot;Novosti&quot;","block_context":{"text":"Novosti","link":"https:\/\/historiografija.hr\/?cat=3"},"img":{"alt_text":"","src":"https:\/\/i0.wp.com\/historiografija.hr\/wp-content\/uploads\/2026\/04\/Prije-nego-sto-bude-kasno.webp?fit=566%2C872&ssl=1&resize=350%2C200","width":350,"height":200,"srcset":"https:\/\/i0.wp.com\/historiografija.hr\/wp-content\/uploads\/2026\/04\/Prije-nego-sto-bude-kasno.webp?fit=566%2C872&ssl=1&resize=350%2C200 1x, https:\/\/i0.wp.com\/historiografija.hr\/wp-content\/uploads\/2026\/04\/Prije-nego-sto-bude-kasno.webp?fit=566%2C872&ssl=1&resize=525%2C300 1.5x"},"classes":[]}],"_links":{"self":[{"href":"https:\/\/historiografija.hr\/index.php?rest_route=\/wp\/v2\/posts\/33414","targetHints":{"allow":["GET"]}}],"collection":[{"href":"https:\/\/historiografija.hr\/index.php?rest_route=\/wp\/v2\/posts"}],"about":[{"href":"https:\/\/historiografija.hr\/index.php?rest_route=\/wp\/v2\/types\/post"}],"author":[{"embeddable":true,"href":"https:\/\/historiografija.hr\/index.php?rest_route=\/wp\/v2\/users\/2"}],"replies":[{"embeddable":true,"href":"https:\/\/historiografija.hr\/index.php?rest_route=%2Fwp%2Fv2%2Fcomments&post=33414"}],"version-history":[{"count":4,"href":"https:\/\/historiografija.hr\/index.php?rest_route=\/wp\/v2\/posts\/33414\/revisions"}],"predecessor-version":[{"id":33419,"href":"https:\/\/historiografija.hr\/index.php?rest_route=\/wp\/v2\/posts\/33414\/revisions\/33419"}],"wp:featuredmedia":[{"embeddable":true,"href":"https:\/\/historiografija.hr\/index.php?rest_route=\/wp\/v2\/media\/33415"}],"wp:attachment":[{"href":"https:\/\/historiografija.hr\/index.php?rest_route=%2Fwp%2Fv2%2Fmedia&parent=33414"}],"wp:term":[{"taxonomy":"category","embeddable":true,"href":"https:\/\/historiografija.hr\/index.php?rest_route=%2Fwp%2Fv2%2Fcategories&post=33414"},{"taxonomy":"post_tag","embeddable":true,"href":"https:\/\/historiografija.hr\/index.php?rest_route=%2Fwp%2Fv2%2Ftags&post=33414"}],"curies":[{"name":"wp","href":"https:\/\/api.w.org\/{rel}","templated":true}]}}