{"id":33405,"date":"2022-11-12T15:31:30","date_gmt":"2022-11-12T15:31:30","guid":{"rendered":"http:\/\/historiografija.hr\/?p=33405"},"modified":"2022-11-12T15:31:30","modified_gmt":"2022-11-12T15:31:30","slug":"25-vukovar-91-vukovar-danas-sjecanja-iskustva-i-realitet-zivljenja-14-15-11-2022","status":"publish","type":"post","link":"https:\/\/historiografija.hr\/?p=33405","title":{"rendered":"25. Vukovar \u201991: VUKOVAR DANAS \u2013 SJE\u0106ANJA, ISKUSTVA I REALITET \u017dIVLJENJA, 14.-15. 11. 2022."},"content":{"rendered":"\n<p><strong>Institut dru\u0161tvenih znanosti Ivo Pilar poziva na 25. znanstveno-stru\u010dni skup \u201eVukovar \u201991. \u2013 trideset i jedna godina poslije\u201c koji \u0107e se pod visokim pokroviteljstvom Ministarstva hrvatskih branitelja te medijskim pokroviteljstvom HRVATSKOG RADIJA VUKOVAR odr\u017eati u virtualnom okru\u017eenju pomo\u0107u internetske ZOOM platforme uz tehni\u010dku podr\u0161ku Hrvatske matice iseljenika 14.\u201315. studenoga 2022. VUKOVAR DANAS \u2013 SJE\u0106ANJA, ISKUSTVA I REALITET \u017dIVLJENJA<\/strong><\/p>\n\n\n\n<p><a href=\"https:\/\/www.pilar.hr\/wp-content\/uploads\/2022\/11\/Pozivnica_Vu91.pdf\">Pozivnica<\/a> | <a href=\"https:\/\/www.pilar.hr\/wp-content\/uploads\/2022\/11\/Knjizica_Vu91.pdf\">Programska knji\u017eica<\/a><\/p>\n\n\n\n<p>Molimo zainteresirane za online pra\u0107enje skupa (ZOOM internetska platforma) da iskaz sudjelovanja po\u0161alju elektroni\u010dkim putem na e-mail adresu: <a href=\"mailto:ivana.bendra@pilar.hr\">ivana.bendra@pilar.hr<\/a>, najkasnije do petka, 11. studenoga 2022. godine, kako bi im se mogao na vrijeme poslati link za priklju\u010denje.<\/p>\n\n\n\n<hr class=\"wp-block-separator\"\/>\n\n\n\n<p>Izvor:<\/p>\n\n\n\n<figure class=\"wp-block-embed-wordpress wp-block-embed is-type-wp-embed is-provider-institut-drustvenih-znanosti-ivo-pilar\"><div class=\"wp-block-embed__wrapper\">\n<blockquote class=\"wp-embedded-content\" data-secret=\"w8RC64r5PO\"><a href=\"https:\/\/www.pilar.hr\/2022\/11\/25-vukovar-91-vukovar-danas-sjecanja-iskustva-i-realitet-zivljenja-14-15-11-2022\/\">25. Vukovar &#8217;91: VUKOVAR DANAS \u2013 SJE\u0106ANJA, ISKUSTVA I REALITET \u017dIVLJENJA, 14.-15. 11. 2022.<\/a><\/blockquote><iframe loading=\"lazy\" class=\"wp-embedded-content\" sandbox=\"allow-scripts\" security=\"restricted\" style=\"position: absolute; clip: rect(1px, 1px, 1px, 1px);\" title=\"&#8220;25. Vukovar &#8217;91: VUKOVAR DANAS \u2013 SJE\u0106ANJA, ISKUSTVA I REALITET \u017dIVLJENJA, 14.-15. 11. 2022.&#8221; &#8212; Institut dru\u0161tvenih znanosti Ivo Pilar\" src=\"https:\/\/www.pilar.hr\/2022\/11\/25-vukovar-91-vukovar-danas-sjecanja-iskustva-i-realitet-zivljenja-14-15-11-2022\/embed\/#?secret=vi894KX6nU#?secret=w8RC64r5PO\" data-secret=\"w8RC64r5PO\" width=\"600\" height=\"338\" frameborder=\"0\" marginwidth=\"0\" marginheight=\"0\" scrolling=\"no\"><\/iframe>\n<\/div><\/figure>\n\n\n\n<hr class=\"wp-block-separator\"\/>\n","protected":false},"excerpt":{"rendered":"","protected":false},"author":2,"featured_media":33406,"comment_status":"open","ping_status":"open","sticky":false,"template":"","format":"standard","meta":{"_acf_changed":false,"jetpack_post_was_ever_published":false,"_jetpack_newsletter_access":"","_jetpack_dont_email_post_to_subs":false,"_jetpack_newsletter_tier_id":0,"_jetpack_memberships_contains_paywalled_content":false,"_jetpack_memberships_contains_paid_content":false,"footnotes":"","jetpack_publicize_message":"","jetpack_publicize_feature_enabled":true,"jetpack_social_post_already_shared":true,"jetpack_social_options":{"image_generator_settings":{"template":"highway","default_image_id":0,"font":"","enabled":false},"version":2}},"categories":[3,9],"tags":[],"class_list":["post-33405","post","type-post","status-publish","format-standard","has-post-thumbnail","hentry","category-novosti","category-skupovi"],"acf":{"facebook_opis":""},"jetpack_publicize_connections":[],"jetpack_featured_media_url":"https:\/\/i0.wp.com\/historiografija.hr\/wp-content\/uploads\/2022\/11\/Pilar.jpg?fit=620%2C381&ssl=1","jetpack_sharing_enabled":true,"jetpack-related-posts":[],"_links":{"self":[{"href":"https:\/\/historiografija.hr\/index.php?rest_route=\/wp\/v2\/posts\/33405","targetHints":{"allow":["GET"]}}],"collection":[{"href":"https:\/\/historiografija.hr\/index.php?rest_route=\/wp\/v2\/posts"}],"about":[{"href":"https:\/\/historiografija.hr\/index.php?rest_route=\/wp\/v2\/types\/post"}],"author":[{"embeddable":true,"href":"https:\/\/historiografija.hr\/index.php?rest_route=\/wp\/v2\/users\/2"}],"replies":[{"embeddable":true,"href":"https:\/\/historiografija.hr\/index.php?rest_route=%2Fwp%2Fv2%2Fcomments&post=33405"}],"version-history":[{"count":1,"href":"https:\/\/historiografija.hr\/index.php?rest_route=\/wp\/v2\/posts\/33405\/revisions"}],"predecessor-version":[{"id":33407,"href":"https:\/\/historiografija.hr\/index.php?rest_route=\/wp\/v2\/posts\/33405\/revisions\/33407"}],"wp:featuredmedia":[{"embeddable":true,"href":"https:\/\/historiografija.hr\/index.php?rest_route=\/wp\/v2\/media\/33406"}],"wp:attachment":[{"href":"https:\/\/historiografija.hr\/index.php?rest_route=%2Fwp%2Fv2%2Fmedia&parent=33405"}],"wp:term":[{"taxonomy":"category","embeddable":true,"href":"https:\/\/historiografija.hr\/index.php?rest_route=%2Fwp%2Fv2%2Fcategories&post=33405"},{"taxonomy":"post_tag","embeddable":true,"href":"https:\/\/historiografija.hr\/index.php?rest_route=%2Fwp%2Fv2%2Ftags&post=33405"}],"curies":[{"name":"wp","href":"https:\/\/api.w.org\/{rel}","templated":true}]}}