{"id":33390,"date":"2022-11-12T14:14:44","date_gmt":"2022-11-12T14:14:44","guid":{"rendered":"http:\/\/historiografija.hr\/?p=33390"},"modified":"2022-11-12T14:14:44","modified_gmt":"2022-11-12T14:14:44","slug":"predstavljanje-novonabavljene-epistolarne-zbirke-ivana-lucica-trogiranina-i-croatriuma","status":"publish","type":"post","link":"https:\/\/historiografija.hr\/?p=33390","title":{"rendered":"Predstavljanje novonabavljene Epistolarne zbirke Ivana Lu\u010di\u0107a Trogiranina i CroAtriuma"},"content":{"rendered":"\n<p>U ponedjeljak 14. studenoga 2022. godine u 13 sati u CroAtriumu \u2013 novoure\u0111enome prostoru Nacionalne i sveu\u010dili\u0161ne knji\u017enice u Zagrebu, bit \u0107e predstavljena vrijedna zbirka pisama <a href=\"https:\/\/digitalna.nsk.hr\/pb\/?object=linked&amp;c2o=113027\">Ivana Lu\u010di\u0107a Trogiranina (1604. \u2013 1679.)<\/a>, oca hrvatske povijesne znanosti, hrvatskoga povjesni\u010dara, pravnika i kartografa, koja je sada prvi put okupljena i dostupna u <a href=\"https:\/\/www.nsk.hr\/zbirka-rukopisa-i-starih-knjiga\">Zbirci rukopisa i starih knjiga Nacionalne i sveu\u010dili\u0161ne knji\u017enice u Zagrebu<\/a>.<\/p>\n\n\n\n<p>U povodu predstavljanja novonabavljene zbirke pisama predstavit \u0107emo i novu programsku djelatnost CroAtriuma usmjerenu na predstavljanje i interpretaciju djela nacionalne zbirke <em>Croatica<\/em> u suvremenim multimedijalnim, interaktivnim i digitalnim oblicima.<\/p>\n\n\n\n<p>Pozivamo sve zainteresirane da se pridru\u017ee predstavljanju <em>Epistolarne zbirke Ivana Lu\u010di\u0107a<\/em> <em>Trogiranina<\/em> i CroAtriuma, uz obveznu najavu dolaska na e-adresu <a href=\"mailto:marketing@nsk.hr\">marketing@nsk.hr<\/a> do \u010detvrtka 10. studenoga 2022. godine.<\/p>\n\n\n\n<hr class=\"wp-block-separator\"\/>\n\n\n\n<p>Izvor:<\/p>\n\n\n\n<figure class=\"wp-block-embed-wordpress wp-block-embed is-type-wp-embed is-provider-wordpress\"><div class=\"wp-block-embed__wrapper\">\n<blockquote class=\"wp-embedded-content\" data-secret=\"B3YV2j1pzf\"><a href=\"https:\/\/www.nsk.hr\/predstavljanje-novonabavljene-epistolarne-zbirke-ivana-lucica-trogiranina-i-croatriuma\/\">Predstavljanje novonabavljene Epistolarne zbirke Ivana Lu\u010di\u0107a Trogiranina i CroAtriuma<\/a><\/blockquote><iframe loading=\"lazy\" class=\"wp-embedded-content\" sandbox=\"allow-scripts\" security=\"restricted\" style=\"position: absolute; clip: rect(1px, 1px, 1px, 1px);\" title=\"&#8220;Predstavljanje novonabavljene Epistolarne zbirke Ivana Lu\u010di\u0107a Trogiranina i CroAtriuma&#8221; &#8212; \" src=\"https:\/\/www.nsk.hr\/predstavljanje-novonabavljene-epistolarne-zbirke-ivana-lucica-trogiranina-i-croatriuma\/embed\/#?secret=xmvj1AnIvM#?secret=B3YV2j1pzf\" data-secret=\"B3YV2j1pzf\" width=\"600\" height=\"338\" frameborder=\"0\" marginwidth=\"0\" marginheight=\"0\" scrolling=\"no\"><\/iframe>\n<\/div><\/figure>\n\n\n\n<hr class=\"wp-block-separator\"\/>\n","protected":false},"excerpt":{"rendered":"","protected":false},"author":2,"featured_media":33391,"comment_status":"open","ping_status":"open","sticky":false,"template":"","format":"standard","meta":{"_acf_changed":false,"_jetpack_newsletter_access":"","_jetpack_dont_email_post_to_subs":false,"_jetpack_newsletter_tier_id":0,"_jetpack_memberships_contains_paywalled_content":false,"_jetpack_memberships_contains_paid_content":false,"footnotes":"","jetpack_publicize_message":"","jetpack_publicize_feature_enabled":true,"jetpack_social_post_already_shared":true,"jetpack_social_options":{"image_generator_settings":{"template":"highway","default_image_id":0,"font":"","enabled":false},"version":2},"jetpack_post_was_ever_published":false},"categories":[3],"tags":[],"class_list":["post-33390","post","type-post","status-publish","format-standard","has-post-thumbnail","hentry","category-novosti"],"acf":{"facebook_opis":""},"jetpack_publicize_connections":[],"jetpack_featured_media_url":"https:\/\/i0.wp.com\/historiografija.hr\/wp-content\/uploads\/2022\/11\/Izlozba-Ivana-Lucica-Trogiranina.jpg?fit=1182%2C2363&ssl=1","jetpack_sharing_enabled":true,"jetpack-related-posts":[{"id":53739,"url":"https:\/\/historiografija.hr\/?p=53739","url_meta":{"origin":33390,"position":0},"title":"Javna tribina \u201eNaslje\u0111e Hermana Boll\u00e9a u Zagrebu\u201c","author":"Branimir Jankovi\u0107","date":"26. svibnja 2026.","format":false,"excerpt":"Javna tribina \u201eNaslje\u0111e Hermana Boll\u00e9a u Zagrebu\u201c odr\u017eat \u0107e se u \u010detvrtak, 28. svibnja 2026., u 18:00 sati u Multimedijalnoj dvorani Gradske knji\u017enice Knji\u017enice grada Zagreba (Star\u010devi\u0107ev trg 4). Tribina se odr\u017eava u suradnji s projektom \u201eArhitektura i kultura stanovanja u Zagrebu 1880.\u20131940.\u201c, koji se provodi na Institutu za povijest\u2026","rel":"","context":"U &quot;Novosti&quot;","block_context":{"text":"Novosti","link":"https:\/\/historiografija.hr\/?cat=3"},"img":{"alt_text":"","src":"https:\/\/i0.wp.com\/historiografija.hr\/wp-content\/uploads\/2026\/05\/arhzag-ipu-kgz-letak-20260528.jpg?fit=900%2C563&ssl=1&resize=350%2C200","width":350,"height":200,"srcset":"https:\/\/i0.wp.com\/historiografija.hr\/wp-content\/uploads\/2026\/05\/arhzag-ipu-kgz-letak-20260528.jpg?fit=900%2C563&ssl=1&resize=350%2C200 1x, https:\/\/i0.wp.com\/historiografija.hr\/wp-content\/uploads\/2026\/05\/arhzag-ipu-kgz-letak-20260528.jpg?fit=900%2C563&ssl=1&resize=525%2C300 1.5x, https:\/\/i0.wp.com\/historiografija.hr\/wp-content\/uploads\/2026\/05\/arhzag-ipu-kgz-letak-20260528.jpg?fit=900%2C563&ssl=1&resize=700%2C400 2x"},"classes":[]},{"id":52573,"url":"https:\/\/historiografija.hr\/?p=52573","url_meta":{"origin":33390,"position":1},"title":"Znanstvena konferencija &#8220;Filozofija odgoja: povijest, praksa, perspektive&#8221;","author":"Branimir Jankovi\u0107","date":"21. travnja 2026.","format":false,"excerpt":"Znanstvena konferencija \"Filozofija odgoja: povijest, praksa, perspektive\" odr\u017eat \u0107e se 23. i 24. travnja 2026. u Konferencijskoj dvorani Knji\u017enice Filozofskog fakulteta u Zagrebu (2. kat).\u00a0Konferencija je organizirana u okviru projekta\u00a0SUMKOS (voditeljica prof. dr. sc. Ivana Zagorac, financiran\u00a0sredstvima NextGenerationEU), uz potporu Odsjeka za filozofiju.\u00a0 Uz izlaga\u010dki dio, konferencija obuhva\u0107a i izlo\u017ebu\u2026","rel":"","context":"U &quot;Novosti&quot;","block_context":{"text":"Novosti","link":"https:\/\/historiografija.hr\/?cat=3"},"img":{"alt_text":"","src":"","width":0,"height":0},"classes":[]},{"id":54134,"url":"https:\/\/historiografija.hr\/?p=54134","url_meta":{"origin":33390,"position":2},"title":"Yearbook of the Society for 18th Century Studies on South Eastern Europe (2026): Rad o Franji Jela\u010di\u0107u","author":"Branimir Jankovi\u0107","date":"17. lipnja 2026.","format":false,"excerpt":"U\u00a0najnovijem broju godi\u0161njaka SOG18 (Society for 18th Century Studies on South Eastern Europe)\u00a0Yearbook of the Society for 18th Century Studies on South Eastern Europe\u00a0(Vol. 9, 2026), koji izdaje Odsjek za povijest Sveu\u010dili\u0161ta u Grazu, objavljen je - uz ostale vrijedne priloge - i rad Filipa Katani\u0107a iz Zagreba o vojni\u010dkom\u2026","rel":"","context":"U &quot;\u010casopisi&quot;","block_context":{"text":"\u010casopisi","link":"https:\/\/historiografija.hr\/?cat=21"},"img":{"alt_text":"","src":"https:\/\/i0.wp.com\/historiografija.hr\/wp-content\/uploads\/2026\/06\/Volume-9.jpg?fit=504%2C712&ssl=1&resize=350%2C200","width":350,"height":200},"classes":[]},{"id":52842,"url":"https:\/\/historiografija.hr\/?p=52842","url_meta":{"origin":33390,"position":3},"title":"Kviz &#8220;Kliotest&#8221; odr\u017eava se i ove godine","author":"Filip \u0160imunjak","date":"5. svibnja 2026.","format":false,"excerpt":"Pozivamo vas na povijesni pub kviz Kliotest \/ \u017dIVGRAD koji \u0107e se i ove godine odr\u017eati u sklopu Festivala povijesti Kliofest. Kviz \u0107e se odr\u017eati u Caffe baru \"Spunk\" u Zagrebu (Hrvatske bratske zajednice 4, kod Nacionalne i sveu\u010dili\u0161ne knji\u017enice), u srijedu 6. svibnja, s po\u010detkom u 19 sati. Ovogodi\u0161nje\u2026","rel":"","context":"U &quot;Novosti&quot;","block_context":{"text":"Novosti","link":"https:\/\/historiografija.hr\/?cat=3"},"img":{"alt_text":"","src":"https:\/\/i0.wp.com\/historiografija.hr\/wp-content\/uploads\/2026\/05\/Pub-kviz.jpg?fit=1200%2C617&ssl=1&resize=350%2C200","width":350,"height":200,"srcset":"https:\/\/i0.wp.com\/historiografija.hr\/wp-content\/uploads\/2026\/05\/Pub-kviz.jpg?fit=1200%2C617&ssl=1&resize=350%2C200 1x, https:\/\/i0.wp.com\/historiografija.hr\/wp-content\/uploads\/2026\/05\/Pub-kviz.jpg?fit=1200%2C617&ssl=1&resize=525%2C300 1.5x, https:\/\/i0.wp.com\/historiografija.hr\/wp-content\/uploads\/2026\/05\/Pub-kviz.jpg?fit=1200%2C617&ssl=1&resize=700%2C400 2x, https:\/\/i0.wp.com\/historiografija.hr\/wp-content\/uploads\/2026\/05\/Pub-kviz.jpg?fit=1200%2C617&ssl=1&resize=1050%2C600 3x"},"classes":[]},{"id":54456,"url":"https:\/\/historiografija.hr\/?p=54456","url_meta":{"origin":33390,"position":4},"title":"Promocija knjige &#8220;Dotr\u0161\u010dina&#8221;","author":"Branimir Jankovi\u0107","date":"3. srpnja 2026.","format":false,"excerpt":"Promocija knjige Dotr\u0161\u010dina odr\u017eat \u0107e se utorak, 7. 7. 2026. u 19 sati u dvorani KIC-a u Zagrebu (Preradovi\u0107eva 5). Spomen-park Dotr\u0161\u010dina najva\u017eniji je zagreba\u010dki memorijalni prostor, mjesto najve\u0107eg masovnog zlo\u010dina u povijesti glavnoga grada, najva\u017enija lokacija Holokausta u Zagrebu i jedno od namasovnijih strati\u0161ta II. svjetskog rata u Hrvatskoj.\u2026","rel":"","context":"U &quot;Novosti&quot;","block_context":{"text":"Novosti","link":"https:\/\/historiografija.hr\/?cat=3"},"img":{"alt_text":"","src":"https:\/\/i0.wp.com\/historiografija.hr\/wp-content\/uploads\/2026\/07\/sanjin-kastelan.webp?fit=1170%2C662&ssl=1&resize=350%2C200","width":350,"height":200,"srcset":"https:\/\/i0.wp.com\/historiografija.hr\/wp-content\/uploads\/2026\/07\/sanjin-kastelan.webp?fit=1170%2C662&ssl=1&resize=350%2C200 1x, https:\/\/i0.wp.com\/historiografija.hr\/wp-content\/uploads\/2026\/07\/sanjin-kastelan.webp?fit=1170%2C662&ssl=1&resize=525%2C300 1.5x, https:\/\/i0.wp.com\/historiografija.hr\/wp-content\/uploads\/2026\/07\/sanjin-kastelan.webp?fit=1170%2C662&ssl=1&resize=700%2C400 2x, https:\/\/i0.wp.com\/historiografija.hr\/wp-content\/uploads\/2026\/07\/sanjin-kastelan.webp?fit=1170%2C662&ssl=1&resize=1050%2C600 3x"},"classes":[]},{"id":51471,"url":"https:\/\/historiografija.hr\/?p=51471","url_meta":{"origin":33390,"position":5},"title":"Polemi\u010dke reakcije na knjigu \u201eNadila\u017eenje nacionalne paradigme. Od historiografskog nacionalizma do transnacionalnih pristupa\u201c (1)","author":"Branimir Jankovi\u0107","date":"13. velja\u010de 2026.","format":false,"excerpt":"U nastavku upu\u0107ujemo na polemi\u010dke reakcije na knjigu Nadila\u017eenje nacionalne paradigme. Od historiografskog nacionalizma do transnacionalnih pristupa. \u017deljko Su\u0161ek \u201eBo\u017ee, samo da ne bude Nadila\u017eenje nacionalne paradigme: nova knjiga podnaslova: od historiografskog nacionalizma do transnacionalnih pristupa, urednici Branimir Jankovi\u0107 i Nikola Toma\u0161egovi\u0107, nastavnici na Odsjeku za povijest Filozofskog fakulteta Sveu\u010dili\u0161ta\u2026","rel":"","context":"U &quot;Novosti&quot;","block_context":{"text":"Novosti","link":"https:\/\/historiografija.hr\/?cat=3"},"img":{"alt_text":"","src":"https:\/\/i0.wp.com\/historiografija.hr\/wp-content\/uploads\/2025\/03\/Nadilazenje-nacionalne-paradigme.webp?fit=713%2C928&ssl=1&resize=350%2C200","width":350,"height":200,"srcset":"https:\/\/i0.wp.com\/historiografija.hr\/wp-content\/uploads\/2025\/03\/Nadilazenje-nacionalne-paradigme.webp?fit=713%2C928&ssl=1&resize=350%2C200 1x, https:\/\/i0.wp.com\/historiografija.hr\/wp-content\/uploads\/2025\/03\/Nadilazenje-nacionalne-paradigme.webp?fit=713%2C928&ssl=1&resize=525%2C300 1.5x, https:\/\/i0.wp.com\/historiografija.hr\/wp-content\/uploads\/2025\/03\/Nadilazenje-nacionalne-paradigme.webp?fit=713%2C928&ssl=1&resize=700%2C400 2x"},"classes":[]}],"_links":{"self":[{"href":"https:\/\/historiografija.hr\/index.php?rest_route=\/wp\/v2\/posts\/33390","targetHints":{"allow":["GET"]}}],"collection":[{"href":"https:\/\/historiografija.hr\/index.php?rest_route=\/wp\/v2\/posts"}],"about":[{"href":"https:\/\/historiografija.hr\/index.php?rest_route=\/wp\/v2\/types\/post"}],"author":[{"embeddable":true,"href":"https:\/\/historiografija.hr\/index.php?rest_route=\/wp\/v2\/users\/2"}],"replies":[{"embeddable":true,"href":"https:\/\/historiografija.hr\/index.php?rest_route=%2Fwp%2Fv2%2Fcomments&post=33390"}],"version-history":[{"count":1,"href":"https:\/\/historiografija.hr\/index.php?rest_route=\/wp\/v2\/posts\/33390\/revisions"}],"predecessor-version":[{"id":33392,"href":"https:\/\/historiografija.hr\/index.php?rest_route=\/wp\/v2\/posts\/33390\/revisions\/33392"}],"wp:featuredmedia":[{"embeddable":true,"href":"https:\/\/historiografija.hr\/index.php?rest_route=\/wp\/v2\/media\/33391"}],"wp:attachment":[{"href":"https:\/\/historiografija.hr\/index.php?rest_route=%2Fwp%2Fv2%2Fmedia&parent=33390"}],"wp:term":[{"taxonomy":"category","embeddable":true,"href":"https:\/\/historiografija.hr\/index.php?rest_route=%2Fwp%2Fv2%2Fcategories&post=33390"},{"taxonomy":"post_tag","embeddable":true,"href":"https:\/\/historiografija.hr\/index.php?rest_route=%2Fwp%2Fv2%2Ftags&post=33390"}],"curies":[{"name":"wp","href":"https:\/\/api.w.org\/{rel}","templated":true}]}}