{"id":33382,"date":"2022-11-11T23:33:45","date_gmt":"2022-11-11T23:33:45","guid":{"rendered":"http:\/\/historiografija.hr\/?p=33382"},"modified":"2022-11-11T23:43:44","modified_gmt":"2022-11-11T23:43:44","slug":"rosemary-sullivan-izdaja-anne-frank","status":"publish","type":"post","link":"https:\/\/historiografija.hr\/?p=33382","title":{"rendered":"Rosemary Sullivan, \u201eIzdaja Anne Frank\u201c"},"content":{"rendered":"\n<p>Objavljeno je hrvatsko izdanje knjige koja je izazvala pravu buru u javnosti<\/p>\n\n\n\n<hr class=\"wp-block-separator\"\/>\n\n\n\n<p>Uz pomo\u0107 novih tehnologija, novootkrivenih dokumenata i sofisticiranih istra\u017enih tehnika, me\u0111unarodni tim predvo\u0111en umirovljenim agentom FBI-a kona\u010dno je rije\u0161io misterij koji proganja generacije od Drugog svjetskog rata:<\/p>\n\n\n\n<p>TKO JE IZDAO ANNE FRANK I NJEZINU OBITELJ? I ZA\u0160TO?<\/p>\n\n\n\n<p>OTKRI\u0106E IH JE \u0160OKIRALO\u2026<\/p>\n\n\n\n<p>Vi\u0161e od trideset milijuna ljudi pro\u010ditalo je dnevnik koji je tinejd\u017eerica Anne Frank vodila dok je tijekom Drugog svjetskog rata \u017eivjela skrivena u tajnom aneksu sa svojom obitelji i jo\u0161 \u010detvero ljudi u Amsterdamu, sve dok ih nacisti nisu uhitili i poslali u koncentracijski logor.<\/p>\n\n\n\n<p>Ali unato\u010d svoj pa\u017enji koju je u javnom prostoru privukla ta mu\u010dna pri\u010da, nitko nikada nije kona\u010dno objasnio kako se tih osmero ljudi uspjelo skrivati vi\u0161e od dvije godine, ali i tko je \u2013 ili \u0161to je \u2013 doveo naciste pred njihova vrata.<\/p>\n\n\n\n<p>Umirovljeni agent FBI-a Vincent Pankoke i ekipa neumornih istra\u017eitelja prou\u010dili su desetke tisu\u0107a stranica dokumenata \u2013 od kojih neki nikada prije nisu vi\u0111eni \u2013 i intervjuirali mno\u0161tvo potomaka ljudi koji su poznavali nesretnu obitelj Frank. Koriste\u0107i metode koje je razvio FBI, tim istra\u017eitelja rasvijetlio je doga\u0111aje koji su doveli do zloglasnog uhi\u0107enja.<\/p>\n\n\n\n<hr class=\"wp-block-separator\"\/>\n\n\n\n<p>Broj stranica: 388<\/p>\n\n\n\n<p>Godina izdanja: 2022<\/p>\n\n\n\n<p>Izdava\u010d: Fokus komunikacije d.o.o.<\/p>\n\n\n\n<p>Prijevod: Anja Franji\u0107<\/p>\n\n\n\n<hr class=\"wp-block-separator\"\/>\n\n\n\n<p>Izvor:<\/p>\n\n\n\n<figure class=\"wp-block-embed-wordpress wp-block-embed is-type-wp-embed is-provider-fokusnahit\"><div class=\"wp-block-embed__wrapper\">\n<blockquote class=\"wp-embedded-content\" data-secret=\"VqMFnHMwnx\"><a href=\"https:\/\/fokusnahit.com\/proizvod\/izdaja-anne-frank\/\">Izdaja Anne Frank<\/a><\/blockquote><iframe loading=\"lazy\" class=\"wp-embedded-content\" sandbox=\"allow-scripts\" security=\"restricted\" style=\"position: absolute; clip: rect(1px, 1px, 1px, 1px);\" title=\"&#8220;Izdaja Anne Frank&#8221; &#8212; FokusNaHit!\" src=\"https:\/\/fokusnahit.com\/proizvod\/izdaja-anne-frank\/embed\/#?secret=UoZctUUYHj#?secret=VqMFnHMwnx\" data-secret=\"VqMFnHMwnx\" width=\"600\" height=\"338\" frameborder=\"0\" marginwidth=\"0\" marginheight=\"0\" scrolling=\"no\"><\/iframe>\n<\/div><\/figure>\n\n\n\n<hr class=\"wp-block-separator\"\/>\n\n\n\n<p><strong>Prijepori o knjizi:<\/strong><\/p>\n\n\n\n<p><a href=\"https:\/\/www.dw.com\/hr\/izdaja-anne-frank-knjiga-puna-problemati%C4%8Dnih-%C5%A1pekulacija\/a-60639519\">https:\/\/www.dw.com\/hr\/izdaja-anne-frank-knjiga-puna-problemati%C4%8Dnih-%C5%A1pekulacija\/a-60639519<\/a><\/p>\n\n\n\n<p><a href=\"https:\/\/www.index.hr\/vijesti\/clanak\/objavljena-kontroverzna-knjiga-izdaja-anne-frank-granici-s-teorijama-zavjere\/2337047.aspx\">https:\/\/www.index.hr\/vijesti\/clanak\/objavljena-kontroverzna-knjiga-izdaja-anne-frank-granici-s-teorijama-zavjere\/2337047.aspx<\/a><\/p>\n\n\n\n<p><a href=\"https:\/\/www.jutarnji.hr\/kultura\/knjizevnost\/nizozemski-izdavac-prekinuo-tiskanje-knjige-o-covjeku-koji-je-navodno-izdao-anne-frank-15152272\">https:\/\/www.jutarnji.hr\/kultura\/knjizevnost\/nizozemski-izdavac-prekinuo-tiskanje-knjige-o-covjeku-koji-je-navodno-izdao-anne-frank-15152272<\/a><\/p>\n\n\n\n<figure class=\"wp-block-embed-wordpress wp-block-embed is-type-wp-embed is-provider-srednja-hr\"><div class=\"wp-block-embed__wrapper\">\n<blockquote class=\"wp-embedded-content\" data-secret=\"rTOuTpbaww\"><a href=\"https:\/\/www.srednja.hr\/novosti\/knjiga-koja-je-navodno-otkrila-izdajicu-anne-frank-povucena-iz-prodaje-ta-teorija-nije-provjerena\/\">Knjiga koja je navodno otkrila izdajicu Anne Frank povu\u010dena iz prodaje: &#8216;Ta teorija nije provjerena&#8217;<\/a><\/blockquote><iframe loading=\"lazy\" class=\"wp-embedded-content\" sandbox=\"allow-scripts\" security=\"restricted\" style=\"position: absolute; clip: rect(1px, 1px, 1px, 1px);\" title=\"&#8220;Knjiga koja je navodno otkrila izdajicu Anne Frank povu\u010dena iz prodaje: &#8216;Ta teorija nije provjerena&#8217;&#8221; &#8212; Srednja.hr\" src=\"https:\/\/www.srednja.hr\/novosti\/knjiga-koja-je-navodno-otkrila-izdajicu-anne-frank-povucena-iz-prodaje-ta-teorija-nije-provjerena\/embed\/#?secret=Qkgj15pem4#?secret=rTOuTpbaww\" data-secret=\"rTOuTpbaww\" width=\"600\" height=\"338\" frameborder=\"0\" marginwidth=\"0\" marginheight=\"0\" scrolling=\"no\"><\/iframe>\n<\/div><\/figure>\n\n\n\n<p><a href=\"https:\/\/balkans.aljazeera.net\/news\/world\/2022\/2\/3\/europski-zidovski-kongres-trazi-povlacenje-knjige-o-anni-frank\">https:\/\/balkans.aljazeera.net\/news\/world\/2022\/2\/3\/europski-zidovski-kongres-trazi-povlacenje-knjige-o-anni-frank<\/a><\/p>\n\n\n\n<hr class=\"wp-block-separator\"\/>\n","protected":false},"excerpt":{"rendered":"","protected":false},"author":2,"featured_media":33383,"comment_status":"open","ping_status":"open","sticky":false,"template":"","format":"standard","meta":{"_acf_changed":false,"jetpack_post_was_ever_published":false,"_jetpack_newsletter_access":"","_jetpack_dont_email_post_to_subs":false,"_jetpack_newsletter_tier_id":0,"_jetpack_memberships_contains_paywalled_content":false,"_jetpack_memberships_contains_paid_content":false,"footnotes":"","jetpack_publicize_message":"","jetpack_publicize_feature_enabled":true,"jetpack_social_post_already_shared":true,"jetpack_social_options":{"image_generator_settings":{"template":"highway","default_image_id":0,"font":"","enabled":false},"version":2}},"categories":[8,3],"tags":[],"class_list":["post-33382","post","type-post","status-publish","format-standard","has-post-thumbnail","hentry","category-knjige","category-novosti"],"acf":{"facebook_opis":""},"jetpack_publicize_connections":[],"jetpack_featured_media_url":"https:\/\/i0.wp.com\/historiografija.hr\/wp-content\/uploads\/2022\/11\/izdaja-anne-frank.jpg?fit=361%2C500&ssl=1","jetpack_sharing_enabled":true,"jetpack-related-posts":[],"_links":{"self":[{"href":"https:\/\/historiografija.hr\/index.php?rest_route=\/wp\/v2\/posts\/33382","targetHints":{"allow":["GET"]}}],"collection":[{"href":"https:\/\/historiografija.hr\/index.php?rest_route=\/wp\/v2\/posts"}],"about":[{"href":"https:\/\/historiografija.hr\/index.php?rest_route=\/wp\/v2\/types\/post"}],"author":[{"embeddable":true,"href":"https:\/\/historiografija.hr\/index.php?rest_route=\/wp\/v2\/users\/2"}],"replies":[{"embeddable":true,"href":"https:\/\/historiografija.hr\/index.php?rest_route=%2Fwp%2Fv2%2Fcomments&post=33382"}],"version-history":[{"count":3,"href":"https:\/\/historiografija.hr\/index.php?rest_route=\/wp\/v2\/posts\/33382\/revisions"}],"predecessor-version":[{"id":33386,"href":"https:\/\/historiografija.hr\/index.php?rest_route=\/wp\/v2\/posts\/33382\/revisions\/33386"}],"wp:featuredmedia":[{"embeddable":true,"href":"https:\/\/historiografija.hr\/index.php?rest_route=\/wp\/v2\/media\/33383"}],"wp:attachment":[{"href":"https:\/\/historiografija.hr\/index.php?rest_route=%2Fwp%2Fv2%2Fmedia&parent=33382"}],"wp:term":[{"taxonomy":"category","embeddable":true,"href":"https:\/\/historiografija.hr\/index.php?rest_route=%2Fwp%2Fv2%2Fcategories&post=33382"},{"taxonomy":"post_tag","embeddable":true,"href":"https:\/\/historiografija.hr\/index.php?rest_route=%2Fwp%2Fv2%2Ftags&post=33382"}],"curies":[{"name":"wp","href":"https:\/\/api.w.org\/{rel}","templated":true}]}}