{"id":33372,"date":"2022-11-11T22:58:03","date_gmt":"2022-11-11T22:58:03","guid":{"rendered":"http:\/\/historiografija.hr\/?p=33372"},"modified":"2022-11-11T23:00:04","modified_gmt":"2022-11-11T23:00:04","slug":"zbornik-radova-novi-pogled-na-heideggera-mracna-strana-crnih-biljeznica-uredili-hasim-bahtijari-goran-gretic","status":"publish","type":"post","link":"https:\/\/historiografija.hr\/?p=33372","title":{"rendered":"Zbornik radova \u201eNovi pogled na Heideggera. Mra\u010dna strana Crnih bilje\u017enica\u201c (uredili Ha\u0161im Bahtijari, Goran Greti\u0107)"},"content":{"rendered":"\n<p>Od 1930-ih do 1970-ih, filozof Martin Heidegger zapisivao je svoja razmi\u0161ljanja u knji\u017eice koje je, zbog njihovog uveza, on sam povremeno nazivao <em>Crnim bilje\u017enicama<\/em>. Njihovim objavljivanjem ponovno su o\u017eivljene rasprave o ulozi svjetski poznatih mislilaca u prijelomnim povijesnim doga\u0111ajima, posebice one o isprepletenosti filozofije i nacionalsocijalizma, pa je me\u0111unarodna kontroverza u vezi s tim temama dobila novu dimenziju. Iako je Heideggerova naklonost nacionalsocijalizmu mnogima otprije bila poznata, <em>Crne bilje\u017enice<\/em> su prvi put pokazale da je njegov antisemitizam bio puno vi\u0161e od osobne reakcije na turbulentna dru\u0161tvena i politi\u010dka zbivanja. Heideggerovi kontroverzni zapisi ne sadr\u017ee samo antisemitske opaske, ve\u0107 pokazuju kako je nesumnjivi intelektualni autoritet tog vremena osnovne ideje antisemitizma utkao i u svoje filozofsko razmi\u0161ljanje. On je antisemitizmu poku\u0161ao pripisati filozofsko zna\u010denje, sa \u201e\u017didovima\u201c i \u201esvjetskim \u017eidovstvom\u201c kao glavnim antagonistima projekta \u0161to ga je prigrlio.<\/p>\n\n\n\n<p><br>Zbornik <em>Novi pogled na Heideggera<\/em>, pored op\u0161irnog i informativnog uvoda, sadr\u017ei i deset tekstova eminentnih svjetskih filozofa, psihoanaliti\u010dara te povjesni\u010dara kulture i filozofije. Istra\u017euju\u0107i Heideggerove filozofske i politi\u010dke misli, autori poku\u0161avaju odgovoriti na pitanje mogu li <em>Crne bilje\u017enice <\/em>promijeniti pogled na njegovu filozofiju u cjelini te zahtijevaju li ti novi uvidi temeljito preispitivanje opusa jednog od najve\u0107ih i najutjecajnijih filozofa 20. stolje\u0107a.<\/p>\n\n\n\n<hr class=\"wp-block-separator\"\/>\n\n\n\n<p>Broj stranica: 288<\/p>\n\n\n\n<p>Godina izdanja: 2022.<\/p>\n\n\n\n<p>Prijevod: Predrag Bejakovi\u0107, Sabina Folnovi\u0107 Jaitner, Hrvoje Gra\u010danin, Jasmin Ja\u0161aragi\u0107, Jasmina Keki\u0107-Fess<\/p>\n\n\n\n<hr class=\"wp-block-separator\"\/>\n\n\n\n<p>Prelistaj uzorak:<\/p>\n\n\n\n<p><a href=\"https:\/\/www.tim-press.hr\/hr\/knjige\/novi-pogled-na-heideggera\/\">https:\/\/www.tim-press.hr\/hr\/knjige\/novi-pogled-na-heideggera\/<\/a><\/p>\n\n\n\n<hr class=\"wp-block-separator\"\/>\n\n\n\n<figure class=\"wp-block-embed-wordpress wp-block-embed is-type-wp-embed is-provider-historiografija-hr\"><div class=\"wp-block-embed__wrapper\">\n<blockquote class=\"wp-embedded-content\" data-secret=\"GYQDFNhQIU\"><a href=\"https:\/\/historiografija.hr\/?p=31856\">Pierre Bourdieu, &#8220;Politi\u010dka ontologija Martina Heideggera&#8221;<\/a><\/blockquote><iframe loading=\"lazy\" class=\"wp-embedded-content\" sandbox=\"allow-scripts\" security=\"restricted\" style=\"position: absolute; clip: rect(1px, 1px, 1px, 1px);\" title=\"&#8220;Pierre Bourdieu, &#8220;Politi\u010dka ontologija Martina Heideggera&#8221;&#8221; &#8212; Historiografija.hr\" src=\"https:\/\/historiografija.hr\/?p=31856&#038;embed=true#?secret=GYQDFNhQIU\" data-secret=\"GYQDFNhQIU\" width=\"600\" height=\"338\" frameborder=\"0\" marginwidth=\"0\" marginheight=\"0\" scrolling=\"no\"><\/iframe>\n<\/div><\/figure>\n\n\n\n<hr class=\"wp-block-separator\"\/>\n","protected":false},"excerpt":{"rendered":"","protected":false},"author":2,"featured_media":33373,"comment_status":"open","ping_status":"open","sticky":false,"template":"","format":"standard","meta":{"_acf_changed":false,"jetpack_post_was_ever_published":false,"_jetpack_newsletter_access":"","_jetpack_dont_email_post_to_subs":false,"_jetpack_newsletter_tier_id":0,"_jetpack_memberships_contains_paywalled_content":false,"_jetpack_memberships_contains_paid_content":false,"footnotes":"","jetpack_publicize_message":"","jetpack_publicize_feature_enabled":true,"jetpack_social_post_already_shared":true,"jetpack_social_options":{"image_generator_settings":{"template":"highway","default_image_id":0,"font":"","enabled":false},"version":2}},"categories":[8,3],"tags":[],"class_list":["post-33372","post","type-post","status-publish","format-standard","has-post-thumbnail","hentry","category-knjige","category-novosti"],"acf":{"facebook_opis":""},"jetpack_publicize_connections":[],"jetpack_featured_media_url":"https:\/\/i0.wp.com\/historiografija.hr\/wp-content\/uploads\/2022\/11\/naslovnica_h.jpg?fit=300%2C465&ssl=1","jetpack_sharing_enabled":true,"jetpack-related-posts":[],"_links":{"self":[{"href":"https:\/\/historiografija.hr\/index.php?rest_route=\/wp\/v2\/posts\/33372","targetHints":{"allow":["GET"]}}],"collection":[{"href":"https:\/\/historiografija.hr\/index.php?rest_route=\/wp\/v2\/posts"}],"about":[{"href":"https:\/\/historiografija.hr\/index.php?rest_route=\/wp\/v2\/types\/post"}],"author":[{"embeddable":true,"href":"https:\/\/historiografija.hr\/index.php?rest_route=\/wp\/v2\/users\/2"}],"replies":[{"embeddable":true,"href":"https:\/\/historiografija.hr\/index.php?rest_route=%2Fwp%2Fv2%2Fcomments&post=33372"}],"version-history":[{"count":2,"href":"https:\/\/historiografija.hr\/index.php?rest_route=\/wp\/v2\/posts\/33372\/revisions"}],"predecessor-version":[{"id":33375,"href":"https:\/\/historiografija.hr\/index.php?rest_route=\/wp\/v2\/posts\/33372\/revisions\/33375"}],"wp:featuredmedia":[{"embeddable":true,"href":"https:\/\/historiografija.hr\/index.php?rest_route=\/wp\/v2\/media\/33373"}],"wp:attachment":[{"href":"https:\/\/historiografija.hr\/index.php?rest_route=%2Fwp%2Fv2%2Fmedia&parent=33372"}],"wp:term":[{"taxonomy":"category","embeddable":true,"href":"https:\/\/historiografija.hr\/index.php?rest_route=%2Fwp%2Fv2%2Fcategories&post=33372"},{"taxonomy":"post_tag","embeddable":true,"href":"https:\/\/historiografija.hr\/index.php?rest_route=%2Fwp%2Fv2%2Ftags&post=33372"}],"curies":[{"name":"wp","href":"https:\/\/api.w.org\/{rel}","templated":true}]}}