{"id":33365,"date":"2022-11-11T22:40:36","date_gmt":"2022-11-11T22:40:36","guid":{"rendered":"http:\/\/historiografija.hr\/?p=33365"},"modified":"2022-11-11T22:43:02","modified_gmt":"2022-11-11T22:43:02","slug":"wolfram-eilenberger-plamen-slobode-spas-filozofije-u-mracnim-vremenima-1933-1943","status":"publish","type":"post","link":"https:\/\/historiografija.hr\/?p=33365","title":{"rendered":"Wolfram Eilenberger, \u201ePlamen slobode. Spas filozofije u mra\u010dnim vremenima 1933.\u20131943.\u201c"},"content":{"rendered":"\n<p>Razdoblje od 1933. do 1943. najmra\u010dnije je poglavlje europske povijesti. Nao\u010digled katastrofe koja prijeti, \u010detiri filozofkinje \u2013 Simone de Beauvoir, Simone Weil, Ayn Rand i Hannah Arendt \u2013 dolaze do vizionarskih ideja o odnosu pojedinca i dru\u0161tva, mu\u0161karca i \u017eene, spola i roda, slobode i totalitarizma, Boga i \u010dovjeka. Njihov put, popra\u0107en brojnim avanturama, vodi ih od Staljingrada do Hollywooda, od Hitlerova Berlina preko okupiranog Pariza do New Yorka, ali prije svega do revolucionarnih ideja, bez kojih bi na\u0161a sada\u0161njost i budu\u0107nost bile bitno druga\u010dije. Egzistencija svake od njih, bilo kao izbjeglice, politi\u010dke aktivistice ili \u010dlanice Pokreta otpora, utjelovljena je filozofija i upe\u010datljivo svjedo\u010danstvo osloba\u0111aju\u0107e snage mi\u0161ljenja.<\/p>\n\n\n\n<p><em>Plamen slobode<\/em>, veli\u010danstvena knjiga Wolframa Eilenbergera, prikazuje nam \u010detiri filozofkinje koje su postale \u201cikone\u201d svjetskih razmjera te su, na\u0161av\u0161i se na rubu ponora 20. stolje\u0107a, na vlastitom primjeru pokazale \u0161to zna\u010di \u017eivjeti istinski slobodnim \u017eivotom. Odjeci njihove misli stoga su zna\u010dajni jo\u0161 i danas.<\/p>\n\n\n\n<hr class=\"wp-block-separator\"\/>\n\n\n\n<p>Jezik izvornika: njema\u010dki<\/p>\n\n\n\n<p>Prijevod: Ines Me\u0161trovi\u0107<\/p>\n\n\n\n<p>Broj stranica: 368<\/p>\n\n\n\n<p>Datum izdanja: listopad 2022.<\/p>\n\n\n\n<p>Naslov izvornika: Feuer der Freiheit: Die Rettung der Philosophie in finsteren Zeiten (1933-1943)<\/p>\n\n\n\n<hr class=\"wp-block-separator\"\/>\n\n\n\n<p>Izvor:<\/p>\n\n\n\n<p><a href=\"https:\/\/fraktura.hr\/plamen-slobode.html\">https:\/\/fraktura.hr\/plamen-slobode.html<\/a><\/p>\n\n\n\n<hr class=\"wp-block-separator\"\/>\n\n\n\n<figure class=\"wp-block-embed-wordpress wp-block-embed is-type-wp-embed is-provider-historiografija-hr\"><div class=\"wp-block-embed__wrapper\">\n<blockquote class=\"wp-embedded-content\" data-secret=\"8x4N6Bwm7c\"><a href=\"https:\/\/historiografija.hr\/?p=16393\">Wolfram Eilenberger, \u201cDoba \u010darobnjaka. Veliko desetlje\u0107e filozofije 1919.\u20131929.\u201d<\/a><\/blockquote><iframe loading=\"lazy\" class=\"wp-embedded-content\" sandbox=\"allow-scripts\" security=\"restricted\" style=\"position: absolute; clip: rect(1px, 1px, 1px, 1px);\" title=\"&#8220;Wolfram Eilenberger, \u201cDoba \u010darobnjaka. Veliko desetlje\u0107e filozofije 1919.\u20131929.\u201d&#8221; &#8212; Historiografija.hr\" src=\"https:\/\/historiografija.hr\/?p=16393&#038;embed=true#?secret=8x4N6Bwm7c\" data-secret=\"8x4N6Bwm7c\" width=\"600\" height=\"338\" frameborder=\"0\" marginwidth=\"0\" marginheight=\"0\" scrolling=\"no\"><\/iframe>\n<\/div><\/figure>\n\n\n\n<hr class=\"wp-block-separator\"\/>\n","protected":false},"excerpt":{"rendered":"","protected":false},"author":2,"featured_media":33366,"comment_status":"open","ping_status":"open","sticky":false,"template":"","format":"standard","meta":{"_acf_changed":false,"jetpack_post_was_ever_published":false,"_jetpack_newsletter_access":"","_jetpack_dont_email_post_to_subs":false,"_jetpack_newsletter_tier_id":0,"_jetpack_memberships_contains_paywalled_content":false,"_jetpack_memberships_contains_paid_content":false,"footnotes":"","jetpack_publicize_message":"","jetpack_publicize_feature_enabled":true,"jetpack_social_post_already_shared":true,"jetpack_social_options":{"image_generator_settings":{"template":"highway","default_image_id":0,"font":"","enabled":false},"version":2}},"categories":[8,3],"tags":[],"class_list":["post-33365","post","type-post","status-publish","format-standard","has-post-thumbnail","hentry","category-knjige","category-novosti"],"acf":{"facebook_opis":""},"jetpack_publicize_connections":[],"jetpack_featured_media_url":"https:\/\/i0.wp.com\/historiografija.hr\/wp-content\/uploads\/2022\/11\/plamen_slobode.jpg?fit=407%2C610&ssl=1","jetpack_sharing_enabled":true,"jetpack-related-posts":[],"_links":{"self":[{"href":"https:\/\/historiografija.hr\/index.php?rest_route=\/wp\/v2\/posts\/33365","targetHints":{"allow":["GET"]}}],"collection":[{"href":"https:\/\/historiografija.hr\/index.php?rest_route=\/wp\/v2\/posts"}],"about":[{"href":"https:\/\/historiografija.hr\/index.php?rest_route=\/wp\/v2\/types\/post"}],"author":[{"embeddable":true,"href":"https:\/\/historiografija.hr\/index.php?rest_route=\/wp\/v2\/users\/2"}],"replies":[{"embeddable":true,"href":"https:\/\/historiografija.hr\/index.php?rest_route=%2Fwp%2Fv2%2Fcomments&post=33365"}],"version-history":[{"count":2,"href":"https:\/\/historiografija.hr\/index.php?rest_route=\/wp\/v2\/posts\/33365\/revisions"}],"predecessor-version":[{"id":33368,"href":"https:\/\/historiografija.hr\/index.php?rest_route=\/wp\/v2\/posts\/33365\/revisions\/33368"}],"wp:featuredmedia":[{"embeddable":true,"href":"https:\/\/historiografija.hr\/index.php?rest_route=\/wp\/v2\/media\/33366"}],"wp:attachment":[{"href":"https:\/\/historiografija.hr\/index.php?rest_route=%2Fwp%2Fv2%2Fmedia&parent=33365"}],"wp:term":[{"taxonomy":"category","embeddable":true,"href":"https:\/\/historiografija.hr\/index.php?rest_route=%2Fwp%2Fv2%2Fcategories&post=33365"},{"taxonomy":"post_tag","embeddable":true,"href":"https:\/\/historiografija.hr\/index.php?rest_route=%2Fwp%2Fv2%2Ftags&post=33365"}],"curies":[{"name":"wp","href":"https:\/\/api.w.org\/{rel}","templated":true}]}}