{"id":33352,"date":"2022-11-10T23:11:28","date_gmt":"2022-11-10T23:11:28","guid":{"rendered":"http:\/\/historiografija.hr\/?p=33352"},"modified":"2022-11-10T23:11:28","modified_gmt":"2022-11-10T23:11:28","slug":"vjeran-zuppa-intelektualac-covjek-u-pitanju","status":"publish","type":"post","link":"https:\/\/historiografija.hr\/?p=33352","title":{"rendered":"Vjeran Zuppa, \u201eIntelektualac. \u010covjek u pitanju\u201c"},"content":{"rendered":"\n<p>Knjiga Intelektualac, a s podnaslovom \u010covjek u pitanju, pisana je kao stanovito istra\u017eivanje nastanka i povijesti pojma intelektualac. Taj neologizam smislio je po\u010detkom 19. stolje\u0107a socijalist i utopist Henri Saint\u2013Simon, ali po\u010dinje ga se upotrebljavati tek samim krajem toga stolje\u0107a. Dugo zatim traje i otpor njegovoj upotrebi, jer su, na primjer, Francuzi smatrali da je neupotrebljiv, budu\u0107i da je ta rije\u010d izvedena iz \u201elo\u0161eg francuskog\u201c. Unato\u010d mnogim i raznim zna\u010denjima, pa i sadr\u017eajima, intelektualac postaje pojam koji trajno opstaje, a interpretiran je na razli\u010dite na\u010dine. Na primjer, opisan je trima znanstvenim definicijama: \u201eAutonomnost intelektualca ne pripada mo\u0107i (ideolo\u0161koj, politi\u010dkoj, financijskoj\u2026), nego istini. Idealni intelektualac jest onaj koji ho\u0107e i koji se zna upustiti u rizik istine. Anga\u017eiranost intelektualca utoliko je zna\u010dajnija ukoliko je ona za njega riskantnija\u201c. U drugoj polovici 20. stolje\u0107a dolazi, me\u0111utim, i do niza raznih problema koji se mno\u017ee oko pitanja \u201e\u010cemu jo\u0161 intelektualci?\u201c U drugome dijelu ove knjige, a nakon analize Mato\u0161evih i Krle\u017einih stavova, sredi\u0161nja pitanja na tu temu odnose se na tekst \u201eDeklariramo se kao grupa\u201c iz 1960. Tu se analizira dvojstvo komunizam\/socijalizam, kojim je pojam intelektualac zamijenjen pojmom disident. Ujedno se otvaraju i pitanja u vezi pojma disident i njegovih va\u017enih zna\u010denja.<\/p>\n\n\n\n<hr class=\"wp-block-separator\"\/>\n\n\n\n<p>Izvor:<\/p>\n\n\n\n<p><a href=\"http:\/\/durieux.hr\/wordpress\/knjige\/esejistika-publicistika\/intelektualac\/\">http:\/\/durieux.hr\/wordpress\/knjige\/esejistika-publicistika\/intelektualac\/<\/a><\/p>\n\n\n\n<hr class=\"wp-block-separator\"\/>\n","protected":false},"excerpt":{"rendered":"","protected":false},"author":2,"featured_media":33353,"comment_status":"open","ping_status":"open","sticky":false,"template":"","format":"standard","meta":{"_acf_changed":false,"jetpack_post_was_ever_published":false,"_jetpack_newsletter_access":"","_jetpack_dont_email_post_to_subs":false,"_jetpack_newsletter_tier_id":0,"_jetpack_memberships_contains_paywalled_content":false,"_jetpack_memberships_contains_paid_content":false,"footnotes":"","jetpack_publicize_message":"","jetpack_publicize_feature_enabled":true,"jetpack_social_post_already_shared":true,"jetpack_social_options":{"image_generator_settings":{"template":"highway","default_image_id":0,"font":"","enabled":false},"version":2}},"categories":[8,3],"tags":[],"class_list":["post-33352","post","type-post","status-publish","format-standard","has-post-thumbnail","hentry","category-knjige","category-novosti"],"acf":{"facebook_opis":""},"jetpack_publicize_connections":[],"jetpack_featured_media_url":"https:\/\/i0.wp.com\/historiografija.hr\/wp-content\/uploads\/2022\/11\/intelektualac.jpg?fit=616%2C945&ssl=1","jetpack_sharing_enabled":true,"jetpack-related-posts":[],"_links":{"self":[{"href":"https:\/\/historiografija.hr\/index.php?rest_route=\/wp\/v2\/posts\/33352","targetHints":{"allow":["GET"]}}],"collection":[{"href":"https:\/\/historiografija.hr\/index.php?rest_route=\/wp\/v2\/posts"}],"about":[{"href":"https:\/\/historiografija.hr\/index.php?rest_route=\/wp\/v2\/types\/post"}],"author":[{"embeddable":true,"href":"https:\/\/historiografija.hr\/index.php?rest_route=\/wp\/v2\/users\/2"}],"replies":[{"embeddable":true,"href":"https:\/\/historiografija.hr\/index.php?rest_route=%2Fwp%2Fv2%2Fcomments&post=33352"}],"version-history":[{"count":1,"href":"https:\/\/historiografija.hr\/index.php?rest_route=\/wp\/v2\/posts\/33352\/revisions"}],"predecessor-version":[{"id":33354,"href":"https:\/\/historiografija.hr\/index.php?rest_route=\/wp\/v2\/posts\/33352\/revisions\/33354"}],"wp:featuredmedia":[{"embeddable":true,"href":"https:\/\/historiografija.hr\/index.php?rest_route=\/wp\/v2\/media\/33353"}],"wp:attachment":[{"href":"https:\/\/historiografija.hr\/index.php?rest_route=%2Fwp%2Fv2%2Fmedia&parent=33352"}],"wp:term":[{"taxonomy":"category","embeddable":true,"href":"https:\/\/historiografija.hr\/index.php?rest_route=%2Fwp%2Fv2%2Fcategories&post=33352"},{"taxonomy":"post_tag","embeddable":true,"href":"https:\/\/historiografija.hr\/index.php?rest_route=%2Fwp%2Fv2%2Ftags&post=33352"}],"curies":[{"name":"wp","href":"https:\/\/api.w.org\/{rel}","templated":true}]}}