{"id":33346,"date":"2022-11-09T18:53:54","date_gmt":"2022-11-09T18:53:54","guid":{"rendered":"http:\/\/historiografija.hr\/?p=33346"},"modified":"2022-11-09T18:53:54","modified_gmt":"2022-11-09T18:53:54","slug":"marko-babic-dilasovci-u-hrvatskoj-zaboravljeni-disidenti","status":"publish","type":"post","link":"https:\/\/historiografija.hr\/?p=33346","title":{"rendered":"Marko Babi\u0107, \u201e\u0110ilasovci u Hrvatskoj. Zaboravljeni disidenti\u201c"},"content":{"rendered":"\n<p>Po\u010detkom 1950-ih u NR Hrvatskoj djelovala je grupa intelektualaca koja je zagovarala ideju \u201edemokratizacije\u201c politi\u010dkog \u017eivota, borbu protiv birokratizma, ve\u0107u razinu po\u0161tovanja vladavine prava i vi\u0161e odgovornosti te transparentnosti partijskih funkcionera prema njihovim bira\u010dima. Nakon sukoba Tito \u2013 Staljin, u Jugoslaviji je uslijedio poku\u0161aj ideolo\u0161ke legitimacije politi\u010dkog i gospodarskog sustava koji se razvijao u smjeru \u201esocijalisti\u010dke demokracije\u201c. Jugoslavija se od samog po\u010detka predstavljala kao, nominalno, \u201enarodno-demokratska\u201c dr\u017eava sa socijalisti\u010dkim obilje\u017ejima.<\/p>\n\n\n\n<p>Djelovanje \u201e\u0111ilasovaca\u201c u Hrvatskoj bilo je omogu\u0107eno dru\u0161tvenom atmosferom koja je vladala Jugoslavijom nakon \u0160estog kongresa SKJ. Ve\u0107ina ih je bila okupljena oko tjednika Naprijed, organa SKJ u \u010diju je redakciju 1952. godine do\u0161la mla\u0111a generacija novinara. S vremenom je list postao sve manje ovisan o CK, te u svibnju 1953. postaje neovisni tjednik. U Vjesniku u srijedu i Narodnom listu tako\u0111er je bilo \u201edemokratizacijskih\u201c tendencija s obzirom na to da se pisalo o \u0161tetnosti birokratizma i pokretalo rubrike otvorene za komentare \u010ditatelja. Osim novinara, i \u010dlanovi CK SKH poput Marijana Stilinovi\u0107a i Du\u0161ana Dimini\u0107a zagovarali su nastavak \u201edemokratizacije\u201c i borbu protiv birokratizma.<\/p>\n\n\n\n<p>\u010clan CK SKJ Milovan \u0110ilas u tom je razdoblju bio izrazito utjecajna figura te je u svojim tekstovima u Borbi i Novoj misli izlo\u017eio nekoliko stajali\u0161ta koja su \u201e\u0111ilasovci\u201c u Hrvatskoj, u ve\u0107oj ili manjoj mjeri, tako\u0111er zastupali. Prije svega, on je smatrao da SK treba promijeniti svoju ulogu u dru\u0161tvu i raditi na tome da postane faktor koji \u0107e usmjeravati \u201enarodne mase\u201c, a ne im \u201ekomandovati\u201c. Neki \u201e\u0111ilasovci\u201c u Hrvatskoj, poput Gu\u0161te \u0160prljana, oti\u0161li su korak dalje i razmatrali opciju likvidacije SK, ali ve\u0107ina \u201e\u0111ilasovaca\u201c nije izra\u017eavala takav stav.<\/p>\n\n\n\n<hr class=\"wp-block-separator\"\/>\n\n\n\n<p>Izvor:<\/p>\n\n\n\n<figure class=\"wp-block-embed-wordpress wp-block-embed is-type-wp-embed is-provider-despot-infinitus-web-knjizara\"><div class=\"wp-block-embed__wrapper\">\n<blockquote class=\"wp-embedded-content\" data-secret=\"QR6V83sHBN\"><a href=\"https:\/\/despot-infinitus.com\/proizvod\/dilasovci-u-hrvatskoj-zaboravljeni-disidenti\/\">\u0110ILASOVCI U HRVATSKOJ &#8211; Zaboravljeni disidenti<\/a><\/blockquote><iframe loading=\"lazy\" class=\"wp-embedded-content\" sandbox=\"allow-scripts\" security=\"restricted\" style=\"position: absolute; clip: rect(1px, 1px, 1px, 1px);\" title=\"&#8220;\u0110ILASOVCI U HRVATSKOJ &#8211; Zaboravljeni disidenti&#8221; &#8212; Despot Infinitus - Web Knji\u017eara\" src=\"https:\/\/despot-infinitus.com\/proizvod\/dilasovci-u-hrvatskoj-zaboravljeni-disidenti\/embed\/#?secret=xDSgwfQh3F#?secret=QR6V83sHBN\" data-secret=\"QR6V83sHBN\" width=\"600\" height=\"338\" frameborder=\"0\" marginwidth=\"0\" marginheight=\"0\" scrolling=\"no\"><\/iframe>\n<\/div><\/figure>\n\n\n\n<hr class=\"wp-block-separator\"\/>\n","protected":false},"excerpt":{"rendered":"","protected":false},"author":2,"featured_media":33347,"comment_status":"open","ping_status":"open","sticky":false,"template":"","format":"standard","meta":{"_acf_changed":false,"jetpack_post_was_ever_published":false,"_jetpack_newsletter_access":"","_jetpack_dont_email_post_to_subs":false,"_jetpack_newsletter_tier_id":0,"_jetpack_memberships_contains_paywalled_content":false,"_jetpack_memberships_contains_paid_content":false,"footnotes":"","jetpack_publicize_message":"","jetpack_publicize_feature_enabled":true,"jetpack_social_post_already_shared":true,"jetpack_social_options":{"image_generator_settings":{"template":"highway","default_image_id":0,"font":"","enabled":false},"version":2}},"categories":[8,3],"tags":[],"class_list":["post-33346","post","type-post","status-publish","format-standard","has-post-thumbnail","hentry","category-knjige","category-novosti"],"acf":{"facebook_opis":""},"jetpack_publicize_connections":[],"jetpack_featured_media_url":"https:\/\/i0.wp.com\/historiografija.hr\/wp-content\/uploads\/2022\/11\/djilasovci.png?fit=768%2C768&ssl=1","jetpack_sharing_enabled":true,"jetpack-related-posts":[],"_links":{"self":[{"href":"https:\/\/historiografija.hr\/index.php?rest_route=\/wp\/v2\/posts\/33346","targetHints":{"allow":["GET"]}}],"collection":[{"href":"https:\/\/historiografija.hr\/index.php?rest_route=\/wp\/v2\/posts"}],"about":[{"href":"https:\/\/historiografija.hr\/index.php?rest_route=\/wp\/v2\/types\/post"}],"author":[{"embeddable":true,"href":"https:\/\/historiografija.hr\/index.php?rest_route=\/wp\/v2\/users\/2"}],"replies":[{"embeddable":true,"href":"https:\/\/historiografija.hr\/index.php?rest_route=%2Fwp%2Fv2%2Fcomments&post=33346"}],"version-history":[{"count":1,"href":"https:\/\/historiografija.hr\/index.php?rest_route=\/wp\/v2\/posts\/33346\/revisions"}],"predecessor-version":[{"id":33348,"href":"https:\/\/historiografija.hr\/index.php?rest_route=\/wp\/v2\/posts\/33346\/revisions\/33348"}],"wp:featuredmedia":[{"embeddable":true,"href":"https:\/\/historiografija.hr\/index.php?rest_route=\/wp\/v2\/media\/33347"}],"wp:attachment":[{"href":"https:\/\/historiografija.hr\/index.php?rest_route=%2Fwp%2Fv2%2Fmedia&parent=33346"}],"wp:term":[{"taxonomy":"category","embeddable":true,"href":"https:\/\/historiografija.hr\/index.php?rest_route=%2Fwp%2Fv2%2Fcategories&post=33346"},{"taxonomy":"post_tag","embeddable":true,"href":"https:\/\/historiografija.hr\/index.php?rest_route=%2Fwp%2Fv2%2Ftags&post=33346"}],"curies":[{"name":"wp","href":"https:\/\/api.w.org\/{rel}","templated":true}]}}