{"id":33342,"date":"2022-11-09T18:36:19","date_gmt":"2022-11-09T18:36:19","guid":{"rendered":"http:\/\/historiografija.hr\/?p=33342"},"modified":"2022-11-09T18:37:55","modified_gmt":"2022-11-09T18:37:55","slug":"preminuo-slovenski-povjesnicar-andrej-studen","status":"publish","type":"post","link":"https:\/\/historiografija.hr\/?p=33342","title":{"rendered":"Preminuo slovenski povjesni\u010dar Andrej Studen"},"content":{"rendered":"\n<p>Preminuo je slovenski povjesni\u010dar Andrej Studen (1963-2022) iz In\u0161tituta za novej\u0161o zgodovino u Ljubljani koji se bavio dru\u0161tvenom povije\u0161\u0107u i povije\u0161\u0107u svakodnevice te sura\u0111ivao s hrvatskim povjesni\u010darima i objavljivao u zbornicima radova i \u010dasopisima hrvatske historiografije.<\/p>\n\n\n\n<p>Op\u0161irnije:<\/p>\n\n\n\n<p><a href=\"https:\/\/www.inz.si\/sl\/Dogodki\/Svojo-zivljenjsko-pot-je-sklenil\/\">https:\/\/www.inz.si\/sl\/Dogodki\/Svojo-zivljenjsko-pot-je-sklenil\/<\/a><\/p>\n\n\n\n<p><a href=\"https:\/\/www.rtvslo.si\/kultura\/umrl-je-priznani-zgodovinar-andrej-studen-cigar-knjige-odmevajo-tudi-v-sirsi-javnosti\/646373\">https:\/\/www.rtvslo.si\/kultura\/umrl-je-priznani-zgodovinar-andrej-studen-cigar-knjige-odmevajo-tudi-v-sirsi-javnosti\/646373<\/a><\/p>\n\n\n\n<hr class=\"wp-block-separator\"\/>\n","protected":false},"excerpt":{"rendered":"","protected":false},"author":2,"featured_media":33343,"comment_status":"open","ping_status":"open","sticky":false,"template":"","format":"standard","meta":{"_acf_changed":false,"jetpack_post_was_ever_published":false,"_jetpack_newsletter_access":"","_jetpack_dont_email_post_to_subs":false,"_jetpack_newsletter_tier_id":0,"_jetpack_memberships_contains_paywalled_content":false,"_jetpack_memberships_contains_paid_content":false,"footnotes":"","jetpack_publicize_message":"","jetpack_publicize_feature_enabled":true,"jetpack_social_post_already_shared":true,"jetpack_social_options":{"image_generator_settings":{"template":"highway","default_image_id":0,"font":"","enabled":false},"version":2}},"categories":[3,20],"tags":[],"class_list":["post-33342","post","type-post","status-publish","format-standard","has-post-thumbnail","hentry","category-novosti","category-obavijesti-o-smrti-i-nekrolozi"],"acf":{"facebook_opis":""},"jetpack_publicize_connections":[],"jetpack_featured_media_url":"https:\/\/i0.wp.com\/historiografija.hr\/wp-content\/uploads\/2022\/11\/Studen.jpg?fit=498%2C737&ssl=1","jetpack_sharing_enabled":true,"jetpack-related-posts":[],"_links":{"self":[{"href":"https:\/\/historiografija.hr\/index.php?rest_route=\/wp\/v2\/posts\/33342","targetHints":{"allow":["GET"]}}],"collection":[{"href":"https:\/\/historiografija.hr\/index.php?rest_route=\/wp\/v2\/posts"}],"about":[{"href":"https:\/\/historiografija.hr\/index.php?rest_route=\/wp\/v2\/types\/post"}],"author":[{"embeddable":true,"href":"https:\/\/historiografija.hr\/index.php?rest_route=\/wp\/v2\/users\/2"}],"replies":[{"embeddable":true,"href":"https:\/\/historiografija.hr\/index.php?rest_route=%2Fwp%2Fv2%2Fcomments&post=33342"}],"version-history":[{"count":2,"href":"https:\/\/historiografija.hr\/index.php?rest_route=\/wp\/v2\/posts\/33342\/revisions"}],"predecessor-version":[{"id":33345,"href":"https:\/\/historiografija.hr\/index.php?rest_route=\/wp\/v2\/posts\/33342\/revisions\/33345"}],"wp:featuredmedia":[{"embeddable":true,"href":"https:\/\/historiografija.hr\/index.php?rest_route=\/wp\/v2\/media\/33343"}],"wp:attachment":[{"href":"https:\/\/historiografija.hr\/index.php?rest_route=%2Fwp%2Fv2%2Fmedia&parent=33342"}],"wp:term":[{"taxonomy":"category","embeddable":true,"href":"https:\/\/historiografija.hr\/index.php?rest_route=%2Fwp%2Fv2%2Fcategories&post=33342"},{"taxonomy":"post_tag","embeddable":true,"href":"https:\/\/historiografija.hr\/index.php?rest_route=%2Fwp%2Fv2%2Ftags&post=33342"}],"curies":[{"name":"wp","href":"https:\/\/api.w.org\/{rel}","templated":true}]}}