{"id":33333,"date":"2022-11-09T11:19:29","date_gmt":"2022-11-09T11:19:29","guid":{"rendered":"http:\/\/historiografija.hr\/?p=33333"},"modified":"2022-11-09T11:23:41","modified_gmt":"2022-11-09T11:23:41","slug":"egidio-ivetic-povijest-jadrana-more-i-njegova-civilizacija","status":"publish","type":"post","link":"https:\/\/historiografija.hr\/?p=33333","title":{"rendered":"Egidio Iveti\u0107, \u201ePovijest Jadrana. More i njegova civilizacija\u201c"},"content":{"rendered":"\n<p>S talijanskog prevela Anita Buhin<\/p>\n\n\n\n<hr class=\"wp-block-separator\"\/>\n\n\n\n<p>Jadran je Sredozemlje Sredozemlja. U pro\u0161losti definiran kao sinus, u\u0161\u0107e ili zaljev, Jadran je morski prolaz koji vi\u0161e od tisu\u0107lje\u0107a spaja istok sa zapadom. Prote\u017eu\u0107i se prema jugoistoku oblikuje Italiju i Balkan. S njega se mo\u017ee opaziti nebo Levanta, vidjeti Alpe i osjetiti Srednju Europu. Jo\u0161 je po\u010detkom 20. stolje\u0107a bilo ra\u0161ireno mi\u0161ljenje da Bliski istok po\u010dinje na njegovim balkanskim obalama. [\u2026] Sinteza pred vama svedena je na bitno, ali s ambicijom da predlo\u017ei \u010ditanje povijesnih i kulturnih naslaga koje se mogu prona\u0107i i na stvarnom, dana\u0161njem Jadranu, i u jadranskoj civilizaciji, mo\u017eda jo\u0161 neosvije\u0161tenoj, ali svejedno prisutnoj. (Iz autorova predgovora)<\/p>\n\n\n\n<hr class=\"wp-block-separator\"\/>\n\n\n\n<p>Egidio Iveti\u0107 je profesor povijesti Mediterana i ranog novog vijeka na Sveu\u010dili\u0161tu u Padovi te direktor Instituta za povijest Venecije, Fondazione Giorgio Cini i Veneciji.<\/p>\n\n\n\n<hr class=\"wp-block-separator\"\/>\n\n\n\n<p>Izvor:<\/p>\n\n\n\n<figure class=\"wp-block-embed-wordpress wp-block-embed is-type-wp-embed is-provider-srednja-europa\"><div class=\"wp-block-embed__wrapper\">\n<blockquote class=\"wp-embedded-content\" data-secret=\"aUvaTkZc1N\"><a href=\"https:\/\/srednja-europa.hr\/proizvod\/povijest-jadrana-more-i-njegova-civilizacija\/\">Povijest Jadrana. More i njegova civilizacija<\/a><\/blockquote><iframe loading=\"lazy\" class=\"wp-embedded-content\" sandbox=\"allow-scripts\" security=\"restricted\" style=\"position: absolute; clip: rect(1px, 1px, 1px, 1px);\" title=\"&#8220;Povijest Jadrana. More i njegova civilizacija&#8221; &#8212; Srednja Europa\" src=\"https:\/\/srednja-europa.hr\/proizvod\/povijest-jadrana-more-i-njegova-civilizacija\/embed\/#?secret=aUvaTkZc1N\" data-secret=\"aUvaTkZc1N\" width=\"600\" height=\"338\" frameborder=\"0\" marginwidth=\"0\" marginheight=\"0\" scrolling=\"no\"><\/iframe>\n<\/div><\/figure>\n\n\n\n<hr class=\"wp-block-separator\"\/>\n\n\n\n<p>Dodatne informacije:<\/p>\n\n\n\n<figure class=\"wp-block-embed-wordpress wp-block-embed is-type-wp-embed is-provider-historiografija-hr\"><div class=\"wp-block-embed__wrapper\">\n<blockquote class=\"wp-embedded-content\" data-secret=\"viyeBbTunv\"><a href=\"https:\/\/historiografija.hr\/?p=22160\">Egidio Ivetic, &#8220;Storia dell&#8217;Adriatico. Un mare e la sua civilt\u00e0&#8221;<\/a><\/blockquote><iframe loading=\"lazy\" class=\"wp-embedded-content\" sandbox=\"allow-scripts\" security=\"restricted\" style=\"position: absolute; clip: rect(1px, 1px, 1px, 1px);\" title=\"&#8220;Egidio Ivetic, &#8220;Storia dell&#8217;Adriatico. Un mare e la sua civilt\u00e0&#8221;&#8221; &#8212; Historiografija.hr\" src=\"https:\/\/historiografija.hr\/?p=22160&#038;embed=true#?secret=viyeBbTunv\" data-secret=\"viyeBbTunv\" width=\"600\" height=\"338\" frameborder=\"0\" marginwidth=\"0\" marginheight=\"0\" scrolling=\"no\"><\/iframe>\n<\/div><\/figure>\n\n\n\n<hr class=\"wp-block-separator\"\/>\n\n\n\n<p><a href=\"https:\/\/www.arhipelag.rs\/knjige\/istorija-jadrana\/\">https:\/\/www.arhipelag.rs\/knjige\/istorija-jadrana\/<\/a><\/p>\n\n\n\n<hr class=\"wp-block-separator\"\/>\n\n\n\n<figure class=\"wp-block-embed-wordpress wp-block-embed is-type-wp-embed is-provider-arhipelag\"><div class=\"wp-block-embed__wrapper\">\n<blockquote class=\"wp-embedded-content\" data-secret=\"vVGMyLWW9T\"><a href=\"https:\/\/www.arhipelag.rs\/knjige\/granica-na-mediteranu-istocni-jadran-izmedu-italije-i-juznoslovenskog-sveta-od-xiii-do-xx-veka\/\">Granica na Mediteranu. Isto\u010dni Jadran izme\u0111u Italije i ju\u017enoslovenskog sveta od XIII do XX veka<\/a><\/blockquote><iframe loading=\"lazy\" class=\"wp-embedded-content\" sandbox=\"allow-scripts\" security=\"restricted\" style=\"position: absolute; clip: rect(1px, 1px, 1px, 1px);\" title=\"&#8220;Granica na Mediteranu. Isto\u010dni Jadran izme\u0111u Italije i ju\u017enoslovenskog sveta od XIII do XX veka&#8221; &#8212; Arhipelag\" src=\"https:\/\/www.arhipelag.rs\/knjige\/granica-na-mediteranu-istocni-jadran-izmedu-italije-i-juznoslovenskog-sveta-od-xiii-do-xx-veka\/embed\/#?secret=OmLM3QLVI9#?secret=vVGMyLWW9T\" data-secret=\"vVGMyLWW9T\" width=\"600\" height=\"338\" frameborder=\"0\" marginwidth=\"0\" marginheight=\"0\" scrolling=\"no\"><\/iframe>\n<\/div><\/figure>\n\n\n\n<hr class=\"wp-block-separator\"\/>\n","protected":false},"excerpt":{"rendered":"","protected":false},"author":2,"featured_media":33334,"comment_status":"open","ping_status":"open","sticky":false,"template":"","format":"standard","meta":{"_acf_changed":false,"jetpack_post_was_ever_published":false,"_jetpack_newsletter_access":"","_jetpack_dont_email_post_to_subs":false,"_jetpack_newsletter_tier_id":0,"_jetpack_memberships_contains_paywalled_content":false,"_jetpack_memberships_contains_paid_content":false,"footnotes":"","jetpack_publicize_message":"","jetpack_publicize_feature_enabled":true,"jetpack_social_post_already_shared":true,"jetpack_social_options":{"image_generator_settings":{"template":"highway","default_image_id":0,"font":"","enabled":false},"version":2}},"categories":[8,3],"tags":[],"class_list":["post-33333","post","type-post","status-publish","format-standard","has-post-thumbnail","hentry","category-knjige","category-novosti"],"acf":{"facebook_opis":""},"jetpack_publicize_connections":[],"jetpack_featured_media_url":"https:\/\/i0.wp.com\/historiografija.hr\/wp-content\/uploads\/2022\/11\/Povijest-Jadrana.jpg?fit=526%2C701&ssl=1","jetpack_sharing_enabled":true,"jetpack-related-posts":[],"_links":{"self":[{"href":"https:\/\/historiografija.hr\/index.php?rest_route=\/wp\/v2\/posts\/33333","targetHints":{"allow":["GET"]}}],"collection":[{"href":"https:\/\/historiografija.hr\/index.php?rest_route=\/wp\/v2\/posts"}],"about":[{"href":"https:\/\/historiografija.hr\/index.php?rest_route=\/wp\/v2\/types\/post"}],"author":[{"embeddable":true,"href":"https:\/\/historiografija.hr\/index.php?rest_route=\/wp\/v2\/users\/2"}],"replies":[{"embeddable":true,"href":"https:\/\/historiografija.hr\/index.php?rest_route=%2Fwp%2Fv2%2Fcomments&post=33333"}],"version-history":[{"count":3,"href":"https:\/\/historiografija.hr\/index.php?rest_route=\/wp\/v2\/posts\/33333\/revisions"}],"predecessor-version":[{"id":33337,"href":"https:\/\/historiografija.hr\/index.php?rest_route=\/wp\/v2\/posts\/33333\/revisions\/33337"}],"wp:featuredmedia":[{"embeddable":true,"href":"https:\/\/historiografija.hr\/index.php?rest_route=\/wp\/v2\/media\/33334"}],"wp:attachment":[{"href":"https:\/\/historiografija.hr\/index.php?rest_route=%2Fwp%2Fv2%2Fmedia&parent=33333"}],"wp:term":[{"taxonomy":"category","embeddable":true,"href":"https:\/\/historiografija.hr\/index.php?rest_route=%2Fwp%2Fv2%2Fcategories&post=33333"},{"taxonomy":"post_tag","embeddable":true,"href":"https:\/\/historiografija.hr\/index.php?rest_route=%2Fwp%2Fv2%2Ftags&post=33333"}],"curies":[{"name":"wp","href":"https:\/\/api.w.org\/{rel}","templated":true}]}}