{"id":33298,"date":"2022-11-08T19:14:11","date_gmt":"2022-11-08T19:14:11","guid":{"rendered":"http:\/\/historiografija.hr\/?p=33298"},"modified":"2022-11-08T19:14:11","modified_gmt":"2022-11-08T19:14:11","slug":"5-kongres-hrvatskih-povjesnicara-umjetnosti","status":"publish","type":"post","link":"https:\/\/historiografija.hr\/?p=33298","title":{"rendered":"5. kongres hrvatskih povjesni\u010dara umjetnosti"},"content":{"rendered":"\n<p><strong>Galerija Klovi\u0107evi dvori, Jezuitski trg 4, Zagreb<br>10.\u201312. studenoga 2022.<\/strong><\/p>\n\n\n\n<hr class=\"wp-block-separator\"\/>\n\n\n\n<p><strong><a href=\"https:\/\/www.ipu.hr\/content\/info\/5KHPU_program_2022.pdf\">&gt;&gt;&gt; PROGRAM<\/a><br><a href=\"https:\/\/www.ipu.hr\/content\/info\/5KHPU_knjizica-sazetaka_2022.pdf\">&gt;&gt;&gt; KNJI\u017dICA SA\u017dETAKA<\/a><\/strong><\/p>\n\n\n\n<p>Ulaz na kongres je slobodan, bez najave. Za pra\u0107enje kongresa <em>online<\/em> putem platforme Zoom potrebno je javiti se Ani \u0106uri\u0107 (<a href=\"mailto:acuric@ipu.hr\">acuric@ipu.hr<\/a>) do srijede, 9. studenoga.<\/p>\n\n\n\n<hr class=\"wp-block-separator\"\/>\n\n\n\n<p><br><strong>5. kongres hrvatskih povjesni\u010dara umjetnosti<\/strong> okupit \u0107e u tri radna dana 92 sudionika sa 75 izlaganja, podijeljenih u dvije tematske skupine (<em>Obnove nakon potresa<\/em>, <em>Novi doprinosi i otkri\u0107a, studije i istra\u017eivanja<\/em>) te tri panela. Zavr\u0161na rasprava, posve\u0107ena problematici obnove nakon potresa, donijet \u0107e zaklju\u010dke relevantne za procese obnove koji su u tijeku.<\/p>\n\n\n\n<p>Sredi\u0161nja tema 5. kongresa hrvatskih povjesni\u010dara umjetnosti povezana je s obnovama nakon potresa, ne samo recentnih \u2013 zagreba\u010dkoga i petrinjskoga \u2013 nego i onih koji su kroz povijest mijenjali lica mnogih gradova i naselja. Nakon dvogodi\u0161nje odgode zbog pandemije i posljedica potresa, ovaj \u0107e kongres \u2013 u organizaciji Instituta za povijest umjetnosti i Galerije Klovi\u0107evi dvori \u2013 poku\u0161ati odgovoriti na mnoga pitanja koja su velika razaranja dovela u sredi\u0161te pozornosti na\u0161e discipline. Naime, razorni potresi koji su pogodili Zagreb i Banovinu tijekom 2020. godine postavili su pred povjesni\u010dare umjetnosti i arhitekte zahtjevne zada\u0107e obnove vrijedne graditeljske i umjetni\u010dke ba\u0161tine. Kad je rije\u010d o gradovima i naseljima, klju\u010dno je pitanje u kojoj mjeri obnoviti staro, a u kojoj unijeti novo, kako bi urbane cjeline bile funkcionalnije i primjerenije suvremenom dobu i budu\u0107nosti. Kad je rije\u010d o arhitekturi, izvorna obilje\u017eja \u010desto dovodi u pitanje konstrukcijska sanacija, odnosno privo\u0111enje gra\u0111evina za\u0161titi od o\u010dekivanoga najja\u010deg stupnja mogu\u0107eg potresa. Obnova spomenika arhitekture ujedno je izazov ne samo za njihovu konzervaciju nego i restauraciju najkvalitetnije, a ne zate\u010dene faze gradnje. Ukratko, obnova Zagreba i Banovine nakon potresa uz konzervatorska je pitanja otvorila ponovno preispitivanje teorijskih postavki za\u0161tite graditeljske ba\u0161tine. Odgovore na navedena pitanja ponudit \u0107e i istra\u017eivanja starijih primjera, i to ne samo sanacija urbanih cjelina i arhitekture nakon potresa nego i poslije drugih katastrofa.<\/p>\n\n\n\n<p>Osim toga, 5. \u0107e kongres \u2013 kao i svi dosad odr\u017eani \u2013 ponuditi mogu\u0107nost predstavljanja tematike \u0161irokog disciplinarnog spektra iz svih povijesnoumjetni\u010dkih razdoblja i svih podru\u010dja umjetni\u010dkog stvarala\u0161tva, od arhitekture i urbanizma do slikarstva, kiparstva i umjetni\u010dkog obrta. To podrazumijeva prezentiranje rezultata novih istra\u017eivanja, uklju\u010duju\u0107i i arhivska istra\u017eivanja, novih spoznaja o oblikovnim usmjerenjima i inklinacijama te tuma\u010denja opusa i pojedina\u010dnih djela, ali i metodolo\u0161ke iskorake, teorijske pristupe te interdisciplinarne poglede; zatim teme iz povijesti struke i njezinih institucija, kao i aktualnu problematiku muzejskog rada i za\u0161tite ba\u0161tine. Na taj \u0107e na\u010din i ovaj kongres ponuditi \u0161irok i relevantan uvid u stanje povijesnoumjetni\u010dke struke, a \u0161to \u0107e doprinijeti i mogu\u0107im korisnim projekcijama profesionalne budu\u0107nosti.<\/p>\n\n\n\n<hr class=\"wp-block-separator\"\/>\n\n\n\n<p><strong><br>Znanstveni odbor<\/strong><br>akademkinja \u017deljka \u010corak, Hrvatska akademija znanosti i umjetnosti, Institut za povijest umjetnosti<br>prof. dr. sc. Dragan Damjanovi\u0107, Odsjek za povijest umjetnosti Filozofskog fakulteta Sveu\u010dili\u0161ta u Zagrebu<br>dr. sc. Katarina Horvat Levaj, Institut za povijest umjetnosti<br>dr. sc. Snje\u0161ka Kne\u017eevi\u0107, samostalna istra\u017eiva\u010dica<br>dr. sc. Irena Kra\u0161evac, Institut za povijest umjetnosti<br>Davor Trupkovi\u0107, dipl. ing. arh., Uprava za za\u0161titu kulturne ba\u0161tine, Ministarstvo kulture i medija RH<br>dr. sc. Petra Vugrinec, Galerija Klovi\u0107evi dvori<\/p>\n\n\n\n<p><strong>Organizacijski odbor<\/strong><br>Ana \u0106uri\u0107, Institut za povijest umjetnosti<br>Ana Fistani\u0107, Galerija Klovi\u0107evi dvori<br>dr. sc. Ana Plosni\u0107 \u0160kari\u0107, Institut za povijest umjetnosti<br>dr. sc. Petar Prelog, Institut za povijest umjetnosti<br>dr. sc. Sanja Sekelj, Institut za povijest umjetnosti<\/p>\n\n\n\n<hr class=\"wp-block-separator\"\/>\n\n\n\n<p><br>Kongres se odr\u017eava pod visokim pokroviteljstvom <strong><a href=\"https:\/\/www.predsjednik.hr\/\">Predsjednika Republike Hrvatske Zorana Milanovi\u0107a<\/a><\/strong> i uz potporu <strong><a href=\"https:\/\/mzo.gov.hr\/\">Ministarstva znanosti i obrazovanja Republike Hrvatske<\/a><\/strong>.<\/p>\n\n\n\n<hr class=\"wp-block-separator\"\/>\n\n\n\n<p><br>Arhiva dosada\u0161njih kongresa odr\u017eanih u organizaciji Instituta za povijest umjetnosti i Dru\u0161tva povjesni\u010dara umjetnosti Hrvatske, u suradnji s Muzejom Mimara (2001., 2006., 2010.) i Muzejom suvremene umjetnosti u Zagrebu (2016.) dostupna je <a href=\"https:\/\/ipu.hr\/section\/hr\/109\/kongresi\"><strong>ovdje<\/strong><\/a>.<\/p>\n\n\n\n<hr class=\"wp-block-separator\"\/>\n\n\n\n<p>Izvor:<\/p>\n\n\n\n<p><a href=\"https:\/\/www.ipu.hr\/article\/hr\/1300\/5-kongres-hrvatskih-povjesnicara-umjetnosti\">https:\/\/www.ipu.hr\/article\/hr\/1300\/5-kongres-hrvatskih-povjesnicara-umjetnosti<\/a><\/p>\n\n\n\n<hr class=\"wp-block-separator\"\/>\n","protected":false},"excerpt":{"rendered":"","protected":false},"author":2,"featured_media":32343,"comment_status":"open","ping_status":"open","sticky":false,"template":"","format":"standard","meta":{"_acf_changed":false,"jetpack_post_was_ever_published":false,"_jetpack_newsletter_access":"","_jetpack_dont_email_post_to_subs":false,"_jetpack_newsletter_tier_id":0,"_jetpack_memberships_contains_paywalled_content":false,"_jetpack_memberships_contains_paid_content":false,"footnotes":"","jetpack_publicize_message":"","jetpack_publicize_feature_enabled":true,"jetpack_social_post_already_shared":true,"jetpack_social_options":{"image_generator_settings":{"template":"highway","default_image_id":0,"font":"","enabled":false},"version":2}},"categories":[3,9],"tags":[],"class_list":["post-33298","post","type-post","status-publish","format-standard","has-post-thumbnail","hentry","category-novosti","category-skupovi"],"acf":{"facebook_opis":""},"jetpack_publicize_connections":[],"jetpack_featured_media_url":"https:\/\/i0.wp.com\/historiografija.hr\/wp-content\/uploads\/2022\/08\/5-Kongres.jpg?fit=900%2C560&ssl=1","jetpack_sharing_enabled":true,"jetpack-related-posts":[],"_links":{"self":[{"href":"https:\/\/historiografija.hr\/index.php?rest_route=\/wp\/v2\/posts\/33298","targetHints":{"allow":["GET"]}}],"collection":[{"href":"https:\/\/historiografija.hr\/index.php?rest_route=\/wp\/v2\/posts"}],"about":[{"href":"https:\/\/historiografija.hr\/index.php?rest_route=\/wp\/v2\/types\/post"}],"author":[{"embeddable":true,"href":"https:\/\/historiografija.hr\/index.php?rest_route=\/wp\/v2\/users\/2"}],"replies":[{"embeddable":true,"href":"https:\/\/historiografija.hr\/index.php?rest_route=%2Fwp%2Fv2%2Fcomments&post=33298"}],"version-history":[{"count":1,"href":"https:\/\/historiografija.hr\/index.php?rest_route=\/wp\/v2\/posts\/33298\/revisions"}],"predecessor-version":[{"id":33299,"href":"https:\/\/historiografija.hr\/index.php?rest_route=\/wp\/v2\/posts\/33298\/revisions\/33299"}],"wp:featuredmedia":[{"embeddable":true,"href":"https:\/\/historiografija.hr\/index.php?rest_route=\/wp\/v2\/media\/32343"}],"wp:attachment":[{"href":"https:\/\/historiografija.hr\/index.php?rest_route=%2Fwp%2Fv2%2Fmedia&parent=33298"}],"wp:term":[{"taxonomy":"category","embeddable":true,"href":"https:\/\/historiografija.hr\/index.php?rest_route=%2Fwp%2Fv2%2Fcategories&post=33298"},{"taxonomy":"post_tag","embeddable":true,"href":"https:\/\/historiografija.hr\/index.php?rest_route=%2Fwp%2Fv2%2Ftags&post=33298"}],"curies":[{"name":"wp","href":"https:\/\/api.w.org\/{rel}","templated":true}]}}