{"id":33280,"date":"2022-11-07T11:43:54","date_gmt":"2022-11-07T11:43:54","guid":{"rendered":"http:\/\/historiografija.hr\/?p=33280"},"modified":"2022-11-07T11:43:54","modified_gmt":"2022-11-07T11:43:54","slug":"izlozba-i-seminar-razvoj-tresnjevke-borba-periferije-za-urbani-standard","status":"publish","type":"post","link":"https:\/\/historiografija.hr\/?p=33280","title":{"rendered":"Izlo\u017eba i seminar \u201eRazvoj Tre\u0161njevke: borba periferije za urbani standard\u201c"},"content":{"rendered":"\n<p><strong>IZLO\u017dBA:<\/strong> 8. \u2014 15. 11. 2022.<br>Radno vrijeme: od utorka do petka 16 \u2014 20h, subota i nedjelja 11 \u2014 15h<\/p>\n\n\n\n<p><strong>TEMATSKA \u0160ETNJA I RAZGOVOR:<\/strong> subota, 12. 11. u 11:00<br>Sudjeluju: Tamara Bja\u017ei\u0107 Klarin, Nik\u0161a Bo\u017ei\u0107, Lidija Butkovi\u0107 Mi\u0107in i Filip Pra\u010di\u0107<\/p>\n\n\n\n<p><strong>ORGANIZATOR<\/strong><br><a href=\"http:\/\/www.blok.hr\/\" target=\"_blank\" rel=\"noreferrer noopener\">BLOK \u2013 Lokalna baza za osvje\u017eavanje<\/a> kulture u suradnji s Institutom za povijest umjetnosti<\/p>\n\n\n\n<p><strong>AUTORICA<\/strong><br>Tamara Bja\u017ei\u0107 Klarin<\/p>\n\n\n\n<p><strong>KUSTOSICA<\/strong><br>Vesna Vukovi\u0107<\/p>\n\n\n\n<p><strong>SURADNIK NA ISTRA\u017dIVANJU<\/strong><br>Filip Pra\u010di\u0107<\/p>\n\n\n\n<p><strong>SURADNICE<\/strong><br>Lidija Butkovi\u0107 Mi\u0107in, Irena \u0160imi\u0107<\/p>\n\n\n\n<hr class=\"wp-block-separator\"\/>\n\n\n\n<p><br>Na primjeru gradske \u010detvrti Tre\u0161njevka, kao relativno malom prostoru, mogu\u0107e je i\u0161\u010ditati razli\u010dite i nerijetko kontradiktorne urbanisti\u010dke procese i planerske prakse karakteristi\u010dne za 20. stolje\u0107e. U me\u0111ura\u0107u u Kraljevini Jugoslaviji Tre\u0161njevka je istodobno industrijska \u010detvrt i radni\u010dki <em>slum<\/em> \u2013 na poljoprivrednom zemlji\u0161tu ilegalno izgra\u0111enih ku\u0107a, \u010diji se stanovnici bore za svoje pravo na osnovnu komunalnu infrastrukturu, ali i planirano naselje za ni\u017ei srednji sloj opremljeno jednim od prvih dje\u010djih igrali\u0161ta. U socijalisti\u010dkoj Hrvatskoj Tre\u0161njevka je pak dobar primjer tzv. <em>slum clearancea<\/em>, odnosno modernisti\u010dkih zasijecanja u izgra\u0111eno supstandardno tkivo kojima se \u010disti prostor za suvremenu stanogradnju i implementaciju tri urbanisti\u010dko-arhitektonska ansambla za kulturu i obrazovanje, opskrbu i rekreaciju \u2013 dana\u0161nji Park Stara Tre\u0161njevka, Tre\u0161njeva\u010dki trg i Trg sportova s prate\u0107om zelenom infrastrukturom.<\/p>\n\n\n\n<p>U oba razdoblja, konkretno od 1928. do 1934. te od 1947. do 1952.\/1953., stanovnici Tre\u0161njevke aktivno participiraju u izgradnji svoje \u010detvrti putem Komunalne organizacije ju\u017ene periferije i Narodne fronte V. rajona. Razlika izme\u0111u dva razdoblja je vi\u0161estruka sa stajali\u0161ta same provedbe i brojnosti rezultata predstavljenih na izlo\u017ebi na pet povijesnih karata na kojima se \u010dita transformacija prostora, njegova popunjavanja, reguliranja i opremanja. Ono \u0161to im je zajedni\u010dko jest ista razina dru\u0161tvene i politi\u010dke volje da bolji \u017eivotni uvjeti radni\u0161tva, u stalnom fokusu javnosti putem dnevnih tiskovina, postanu prioritet gradskih, a nakon rata i dr\u017eavnih politika. Sliku tog dugo sanjanog suvremenog \u017eivota na izlo\u017ebi vizualizira propagandni film druge (1958.) od tri izlo\u017ebe \u201ePorodica i doma\u0107instvo\u201c odr\u017eane na Zagreba\u010dkom velesajmu. Tema te izlo\u017ebe je upravo gradska \u010detvrt i njezine stambene zajednice koji zadovoljavaju sve osnovne \u017eivotne potrebe svojih stanovnika.<\/p>\n\n\n\n<p>Posljednja tri desetlje\u0107a svjedo\u010dimo reverzibilnim procesima. Ponovno ulazimo u zonu spekulacije, ovaj puta maksimalne eksploatacije zemlji\u0161ta zamjenom obiteljskih ku\u0107a, u zonama sa za njih dimenzioniranom komunalnom infrastrukturom, vi\u0161estambenim zgradama. Podre\u0111ivanje kvalitete stanovanja profitu prati i izostanak planiranja prostora svakodnevnog \u017eivljenja dru\u0161tvenim sadr\u017eajima o kojima se vi\u0161e ra\u010duna vodilo \u010dak i prije Drugog svjetskog rata. Evidentno je da navedene transformacije koincidiraju s promjenama dru\u0161tveno-politi\u010dkog ure\u0111enja.<\/p>\n\n\n\n<hr class=\"wp-block-separator\"\/>\n\n\n\n<p><br>Program obuhva\u0107a izlo\u017ebu u BAZI (8.\u201315. 11. 2022.), tematsku \u0161etnju i razgovor u kojem uz autoricu sudjeluju Lidija Butkovi\u0107 Mi\u0107in, Nik\u0161a Bo\u017ei\u0107 i Filip Pra\u010di\u0107 (12. 11. u 11:00). Tematska \u0161etnja autorice izlo\u017ebe Tamare Bja\u017ei\u0107 Klarin ukazat \u0107e na urbanisti\u010dku genezu Tre\u0161njevke u relaciji s mijenama dru\u0161tveno-politi\u010dkih sistema prve polovice 20. st. na primjeru tri urbanisti\u010dko-arhitektonska ansambla socijalisti\u010dkog dru\u0161tva: kompleks s Robnom ku\u0107om NAMA na Tre\u0161njeva\u010dkom trgu, potez Srednje \u0161kole u Dobojskoj i Stari park Tre\u0161njevka s Centrom za kulturu Tre\u0161njevka, te Trg sportova sa zimskim plivali\u0161tem, hotelom i Domom sportova. Razgovor je usredoto\u010den na alate, planerske prakse i zakonodavni okvir, kojima je socijalisti\u010dko dru\u0161tvo omogu\u0107ilo sanaciju prostora, kao i na njihovu demonta\u017eu od 1990-ih.<\/p>\n\n\n\n<hr class=\"wp-block-separator\"\/>\n\n\n\n<p><br>Seminar je realiziran u sklopu programa <a rel=\"noreferrer noopener\" href=\"http:\/\/www.blok.hr\/hr\/mikropolitike\" target=\"_blank\">\u201eMikropolitike 2022: transformacije grada \u2013 od kapitalizma do socijalizma i natrag\u201c<\/a> i znanstvenog projekta <a href=\"https:\/\/www.ipu.hr\/article\/hr\/872\/formalni-teorijski-i-drustveni-aspekti-prosirenog-pojma-arhitektonske-i-umjetnicke-bastine-u-drugoj-polovini-20-stoljeca\">\u201eFormalni, teorijski i dru\u0161tveni aspekti pro\u0161irenog pojma arhitektonske i umjetni\u010dke ba\u0161tine u drugoj polovini 20. stolje\u0107a\u201c<\/a> Instituta za povijest umjetnosti u Zagrebu.<\/p>\n\n\n\n<hr class=\"wp-block-separator\"\/>\n\n\n\n<p><br>Program je ostvaren uz podr\u0161ku Gradskog ureda za kulturu, me\u0111ugradsku i me\u0111unarodnu suradnju i civilno dru\u0161tvo. Godi\u0161nji program baze podr\u017eava Zaklada \u201eKultura nova\u201c.<\/p>\n\n\n\n<hr class=\"wp-block-separator\"\/>\n\n\n\n<p>Izvori:<\/p>\n\n\n\n<p><a href=\"https:\/\/www.ipu.hr\/article\/hr\/1305\/razvoj-tresnjevke-borba-periferije-za-urbani-standard\">https:\/\/www.ipu.hr\/article\/hr\/1305\/razvoj-tresnjevke-borba-periferije-za-urbani-standard<\/a><\/p>\n\n\n\n<p><a href=\"http:\/\/www.blok.hr\/hr\/mikropolitike-arhiva\/razvoj-tresnjevke-borba-periferije-za-urbani-standard\">http:\/\/www.blok.hr\/hr\/mikropolitike-arhiva\/razvoj-tresnjevke-borba-periferije-za-urbani-standard<\/a><\/p>\n\n\n\n<hr class=\"wp-block-separator\"\/>\n","protected":false},"excerpt":{"rendered":"","protected":false},"author":2,"featured_media":33281,"comment_status":"open","ping_status":"open","sticky":false,"template":"","format":"standard","meta":{"_acf_changed":false,"jetpack_post_was_ever_published":false,"_jetpack_newsletter_access":"","_jetpack_dont_email_post_to_subs":false,"_jetpack_newsletter_tier_id":0,"_jetpack_memberships_contains_paywalled_content":false,"_jetpack_memberships_contains_paid_content":false,"footnotes":"","jetpack_publicize_message":"","jetpack_publicize_feature_enabled":true,"jetpack_social_post_already_shared":true,"jetpack_social_options":{"image_generator_settings":{"template":"highway","default_image_id":0,"font":"","enabled":false},"version":2}},"categories":[10,3],"tags":[],"class_list":["post-33280","post","type-post","status-publish","format-standard","has-post-thumbnail","hentry","category-izlozbe","category-novosti"],"acf":{"facebook_opis":""},"jetpack_publicize_connections":[],"jetpack_featured_media_url":"https:\/\/i0.wp.com\/historiografija.hr\/wp-content\/uploads\/2022\/11\/HR-HDA-1422.jpg?fit=453%2C475&ssl=1","jetpack_sharing_enabled":true,"jetpack-related-posts":[],"_links":{"self":[{"href":"https:\/\/historiografija.hr\/index.php?rest_route=\/wp\/v2\/posts\/33280","targetHints":{"allow":["GET"]}}],"collection":[{"href":"https:\/\/historiografija.hr\/index.php?rest_route=\/wp\/v2\/posts"}],"about":[{"href":"https:\/\/historiografija.hr\/index.php?rest_route=\/wp\/v2\/types\/post"}],"author":[{"embeddable":true,"href":"https:\/\/historiografija.hr\/index.php?rest_route=\/wp\/v2\/users\/2"}],"replies":[{"embeddable":true,"href":"https:\/\/historiografija.hr\/index.php?rest_route=%2Fwp%2Fv2%2Fcomments&post=33280"}],"version-history":[{"count":1,"href":"https:\/\/historiografija.hr\/index.php?rest_route=\/wp\/v2\/posts\/33280\/revisions"}],"predecessor-version":[{"id":33282,"href":"https:\/\/historiografija.hr\/index.php?rest_route=\/wp\/v2\/posts\/33280\/revisions\/33282"}],"wp:featuredmedia":[{"embeddable":true,"href":"https:\/\/historiografija.hr\/index.php?rest_route=\/wp\/v2\/media\/33281"}],"wp:attachment":[{"href":"https:\/\/historiografija.hr\/index.php?rest_route=%2Fwp%2Fv2%2Fmedia&parent=33280"}],"wp:term":[{"taxonomy":"category","embeddable":true,"href":"https:\/\/historiografija.hr\/index.php?rest_route=%2Fwp%2Fv2%2Fcategories&post=33280"},{"taxonomy":"post_tag","embeddable":true,"href":"https:\/\/historiografija.hr\/index.php?rest_route=%2Fwp%2Fv2%2Ftags&post=33280"}],"curies":[{"name":"wp","href":"https:\/\/api.w.org\/{rel}","templated":true}]}}