{"id":33277,"date":"2022-11-07T11:31:25","date_gmt":"2022-11-07T11:31:25","guid":{"rendered":"http:\/\/historiografija.hr\/?p=33277"},"modified":"2022-11-07T11:31:25","modified_gmt":"2022-11-07T11:31:25","slug":"christian-axboe-nielsen-jugoslavija-i-politicka-ubojstva-povijest-i-posljedice-titova-rata-protiv-emigracije","status":"publish","type":"post","link":"https:\/\/historiografija.hr\/?p=33277","title":{"rendered":"Christian Axboe Nielsen, \u201eJugoslavija i politi\u010dka ubojstva. Povijest i posljedice Titova rata protiv emigracije\u201c"},"content":{"rendered":"\n<p>Nakladni\u010dka ku\u0107a Profil upravo je objavila hrvatsko izdanje knjige Christiana Axboea Nielsena \u201eJugoslavija i politi\u010dka ubojstva. Povijest i posljedice Titova rata protiv emigracije\u201c.<\/p>\n\n\n\n<hr class=\"wp-block-separator\"\/>\n\n\n\n<p>Christian Axboe Nielsen (1973.) izvanredni je profesor studija Jugoisto\u010dne Europe na Sveu\u010dili\u0161tu Aarhus u Danskoj. Doktorirao je radom o povijesti Isto\u010dne Europe na Sveu\u010dili\u0161tu Columbia 2002. godine, a ima i diplomu magistra me\u0111unarodnih odnosa na \u0160koli za me\u0111unarodne i javne poslove Sveu\u010dili\u0161ta Columbia. Radio je kao analiti\u010dar na Me\u0111unarodnom kaznenom sudu za biv\u0161u Jugoslaviju i na Me\u0111unarodnom kaznenom sudu, a bio je i vje\u0161tak u me\u0111unarodnim i doma\u0107im kaznenim te gra\u0111anskim predmetima, uklju\u010duju\u0107i su\u0111enje Radovanu Karad\u017ei\u0107u.<\/p>\n\n\n\n<p>Po\u010detkom 2014. dobio je upit njema\u010dkih vlasti bi li bio voljan pripremiti stru\u010dni izvje\u0161taj za kazneni postupak koji se pred Visokim zemaljskim sudom u M\u00fcnchenu vodio protiv dvojice visokopozicioniranih biv\u0161ih du\u017enosnika jugoslavenske Slu\u017ebe dr\u017eavne bezbednosti, Josipa Perkovi\u0107a i Zdravka Musta\u010da, koji su navodno bili sudionici u ubojstvu hrvatskog emigranta Stjepana \u0110urekovi\u0107a u M\u00fcnchenu u ljeto 1983. godine. Prihvatio je ponudu te je sljede\u0107e dvije godine, do zaklju\u010denja slu\u010daja u ljeto 2016. godine, prou\u010davao intrigantan, ali i nesmiljeno zaku\u010dast svijet jugoslavenskih obavje\u0161tajnih operacija, podrobnih dosjea, smicalica i emigrantskih intriga. Osim relevantne arhivske gra\u0111e koju je sam prikupio prije, minchenski mu je Sud dao na uvid i druge materijale, tako da je dobio jo\u0161 tisu\u0107e i tisu\u0107e dodatnih stranica dokumentacije iz raznih arhiva. Na kraju je na temelju svojih dubinskih saznanja napisao vrlo detaljan izvje\u0161taj o djelovanju jugoslavenske tajne policije protiv hrvatskih emigrantskih grupa te o tome u postupku svjedo\u010dio pred Sudom.<\/p>\n\n\n\n<p>Nakon zavr\u0161etka su\u0111enja dobio je dopu\u0161tenje Suda da svoj izvje\u0161taj preto\u010di u knjigu i upotrijebi dobivenu gra\u0111u.<\/p>\n\n\n\n<p>Tako je nastala ova knjiga, jedinstven prikaz tajnog rata koji je UDBA vodila protiv hrvatskih emigranata.<\/p>\n\n\n\n<hr class=\"wp-block-separator\"\/>\n\n\n\n<p>Izvor:<\/p>\n\n\n\n<p><a href=\"https:\/\/znanje.hr\/product\/jugoslavija-i-politicka-ubojstva\/448307\">https:\/\/znanje.hr\/product\/jugoslavija-i-politicka-ubojstva\/448307<\/a><\/p>\n\n\n\n<hr class=\"wp-block-separator\"\/>\n","protected":false},"excerpt":{"rendered":"","protected":false},"author":2,"featured_media":33278,"comment_status":"open","ping_status":"open","sticky":false,"template":"","format":"standard","meta":{"_acf_changed":false,"jetpack_post_was_ever_published":false,"_jetpack_newsletter_access":"","_jetpack_dont_email_post_to_subs":false,"_jetpack_newsletter_tier_id":0,"_jetpack_memberships_contains_paywalled_content":false,"_jetpack_memberships_contains_paid_content":false,"footnotes":"","jetpack_publicize_message":"","jetpack_publicize_feature_enabled":true,"jetpack_social_post_already_shared":true,"jetpack_social_options":{"image_generator_settings":{"template":"highway","default_image_id":0,"font":"","enabled":false},"version":2}},"categories":[8,3],"tags":[],"class_list":["post-33277","post","type-post","status-publish","format-standard","has-post-thumbnail","hentry","category-knjige","category-novosti"],"acf":{"facebook_opis":""},"jetpack_publicize_connections":[],"jetpack_featured_media_url":"https:\/\/i0.wp.com\/historiografija.hr\/wp-content\/uploads\/2022\/11\/Nielsen.jpg?fit=360%2C552&ssl=1","jetpack_sharing_enabled":true,"jetpack-related-posts":[],"_links":{"self":[{"href":"https:\/\/historiografija.hr\/index.php?rest_route=\/wp\/v2\/posts\/33277","targetHints":{"allow":["GET"]}}],"collection":[{"href":"https:\/\/historiografija.hr\/index.php?rest_route=\/wp\/v2\/posts"}],"about":[{"href":"https:\/\/historiografija.hr\/index.php?rest_route=\/wp\/v2\/types\/post"}],"author":[{"embeddable":true,"href":"https:\/\/historiografija.hr\/index.php?rest_route=\/wp\/v2\/users\/2"}],"replies":[{"embeddable":true,"href":"https:\/\/historiografija.hr\/index.php?rest_route=%2Fwp%2Fv2%2Fcomments&post=33277"}],"version-history":[{"count":1,"href":"https:\/\/historiografija.hr\/index.php?rest_route=\/wp\/v2\/posts\/33277\/revisions"}],"predecessor-version":[{"id":33279,"href":"https:\/\/historiografija.hr\/index.php?rest_route=\/wp\/v2\/posts\/33277\/revisions\/33279"}],"wp:featuredmedia":[{"embeddable":true,"href":"https:\/\/historiografija.hr\/index.php?rest_route=\/wp\/v2\/media\/33278"}],"wp:attachment":[{"href":"https:\/\/historiografija.hr\/index.php?rest_route=%2Fwp%2Fv2%2Fmedia&parent=33277"}],"wp:term":[{"taxonomy":"category","embeddable":true,"href":"https:\/\/historiografija.hr\/index.php?rest_route=%2Fwp%2Fv2%2Fcategories&post=33277"},{"taxonomy":"post_tag","embeddable":true,"href":"https:\/\/historiografija.hr\/index.php?rest_route=%2Fwp%2Fv2%2Ftags&post=33277"}],"curies":[{"name":"wp","href":"https:\/\/api.w.org\/{rel}","templated":true}]}}