{"id":33273,"date":"2022-11-07T11:12:10","date_gmt":"2022-11-07T11:12:10","guid":{"rendered":"http:\/\/historiografija.hr\/?p=33273"},"modified":"2022-11-07T11:12:51","modified_gmt":"2022-11-07T11:12:51","slug":"milovan-dilas-raspad-i-rat-dnevnik-1989-1995","status":"publish","type":"post","link":"https:\/\/historiografija.hr\/?p=33273","title":{"rendered":"Milovan \u0110ilas, \u201eRaspad i rat: Dnevnik, 1989-1995\u201c"},"content":{"rendered":"\n<p>Knjiga Milovana \u0110ilasa \u201eRaspad i rat: Dnevnik, 1989-1995\u201c objavljena je i u Hrvatskoj, u izdanju Sandorfa.<\/p>\n\n\n\n<hr class=\"wp-block-separator\"\/>\n\n\n\n<p>27 jun 1990<\/p>\n\n\n\n<p>Stav Milo\u0161evi\u0107a da su granice Srbije otvorene ako bude konfederacija, tuma\u010dimo kao borbu o Bosnu, ako se Jugoslavija raspadne. U vezi s tim, Dobrica je za deobu Bosne. Tadi\u0107 protiv, ja tako\u0111e: \u0160ta zna\u010di deoba? Preseljavanje? \u2013 Dobrica: Pa da. \u2013 To intimno misli i Tu\u0111man. \u2013 Tadi\u0107: A Muslimani? Zna\u010di i njih deliti. A ve\u0107ina Srba u Zapadnoj, a Muslimana u Isto\u010dnoj Bosni. \u2013 Dobrica o\u010dito ne haje o Muslimanima, pa ja dodajem: To zna\u010di da \u0107e se Muslimani, podeljeni, boriti za ujedinjenje, uz pomo\u0107 Arapa i muslimana \u0161irom sveta&#8230; Dobrica: A ni muslimanska Bosna nije izlaz \u2013 fundamentalizam opasan za sve&#8230; Diskusiju, kao obi\u010dno, nismo zavr\u0161ili, svi jure za obavezama. (Ulomak iz Dnevnika)<\/p>\n\n\n\n<hr class=\"wp-block-separator\"\/>\n\n\n\n<p>Milovan \u0110ilas (1911-1995), za vrijeme i nakon Drugog svjetskog rata jedan od Titovih najbli\u017eih suradnika i najmo\u0107nijih komunisti\u010dkih politi\u010dara, tijekom 1950-ih po\u010dinje, u \u010dlancima i knjizi Nova klasa, kriti\u010dki propitivati sustav. Ubrzo biva progla\u0161en revizionistom i pada u nemilost re\u017eima. Tijekom godina postaje jedan od najpoznatijih disidenata, u rangu s Brodskim, Saharovim, Sol\u017eenjicinom i Havelom, i kao takav jedna od li\u010dnosti koje su obilje\u017eile dvadeseto stolje\u0107e.<\/p>\n\n\n\n<hr class=\"wp-block-separator\"\/>\n\n\n\n<p>Knjiga Milovana \u0110ilasa Raspad i rat: Dnevnik, 1989-1995 va\u017ena je svjedocima epohe, onima koji su te godine do\u017eivjeli, a naro\u010dito onima koji bi da provjere kako im je velika povijest urastala u \u017eeludac te im je dr\u017eavu u\u010dinila dijelom intime. Kao neka stra\u0161na bolest. S druge strane, ovo je knjiga iz koje se najpouzdanije mo\u017ee doznati \u0161to se tih godina zapravo doga\u0111alo ljudima. (Miljenko Jergovi\u0107)<\/p>\n\n\n\n<hr class=\"wp-block-separator\"\/>\n\n\n\n<p>Zastra\u0161uju\u0107e je i jo\u0161 vi\u0161e tu\u017eno koliko su \u0110ilasove opaske \u2013 u dnevniku otprije 32 godine \u2013 aktualne. [&#8230;] Trideset, mo\u017eda i \u010detrdeset godina, svejedno govorimo o istom, na isti na\u010din s istim akterima. Cijeli je to radni vijek. Kakvo li je to gubljenje vremena i energije, ali i kako sretna okolnost za \u0110ilasa koji je aktualan skoro 30 godina nakon smrti. Poraz je to samo na\u0161ih nacionalizama. (Tvrtko Jakovina)<\/p>\n\n\n\n<hr class=\"wp-block-separator\"\/>\n\n\n\n<p>Izvor:<\/p>\n\n\n\n<p><a href=\"http:\/\/www.sandorf.hr\/blogitem.php?item_id=453&amp;tag=Raspad%20i%20rat:%20Dnevnik,%201989-1995%20&amp;type=4\">http:\/\/www.sandorf.hr\/blogitem.php?item_id=453&amp;tag=Raspad%20i%20rat:%20Dnevnik,%201989-1995%20&amp;type=4<\/a><\/p>\n\n\n\n<hr class=\"wp-block-separator\"\/>\n","protected":false},"excerpt":{"rendered":"","protected":false},"author":2,"featured_media":33274,"comment_status":"open","ping_status":"open","sticky":false,"template":"","format":"standard","meta":{"_acf_changed":false,"jetpack_post_was_ever_published":false,"_jetpack_newsletter_access":"","_jetpack_dont_email_post_to_subs":false,"_jetpack_newsletter_tier_id":0,"_jetpack_memberships_contains_paywalled_content":false,"_jetpack_memberships_contains_paid_content":false,"footnotes":"","jetpack_publicize_message":"","jetpack_publicize_feature_enabled":true,"jetpack_social_post_already_shared":true,"jetpack_social_options":{"image_generator_settings":{"template":"highway","default_image_id":0,"font":"","enabled":false},"version":2}},"categories":[8,3],"tags":[],"class_list":["post-33273","post","type-post","status-publish","format-standard","has-post-thumbnail","hentry","category-knjige","category-novosti"],"acf":{"facebook_opis":""},"jetpack_publicize_connections":[],"jetpack_featured_media_url":"https:\/\/i0.wp.com\/historiografija.hr\/wp-content\/uploads\/2022\/11\/Djilas.jpg?fit=400%2C600&ssl=1","jetpack_sharing_enabled":true,"jetpack-related-posts":[],"_links":{"self":[{"href":"https:\/\/historiografija.hr\/index.php?rest_route=\/wp\/v2\/posts\/33273","targetHints":{"allow":["GET"]}}],"collection":[{"href":"https:\/\/historiografija.hr\/index.php?rest_route=\/wp\/v2\/posts"}],"about":[{"href":"https:\/\/historiografija.hr\/index.php?rest_route=\/wp\/v2\/types\/post"}],"author":[{"embeddable":true,"href":"https:\/\/historiografija.hr\/index.php?rest_route=\/wp\/v2\/users\/2"}],"replies":[{"embeddable":true,"href":"https:\/\/historiografija.hr\/index.php?rest_route=%2Fwp%2Fv2%2Fcomments&post=33273"}],"version-history":[{"count":2,"href":"https:\/\/historiografija.hr\/index.php?rest_route=\/wp\/v2\/posts\/33273\/revisions"}],"predecessor-version":[{"id":33276,"href":"https:\/\/historiografija.hr\/index.php?rest_route=\/wp\/v2\/posts\/33273\/revisions\/33276"}],"wp:featuredmedia":[{"embeddable":true,"href":"https:\/\/historiografija.hr\/index.php?rest_route=\/wp\/v2\/media\/33274"}],"wp:attachment":[{"href":"https:\/\/historiografija.hr\/index.php?rest_route=%2Fwp%2Fv2%2Fmedia&parent=33273"}],"wp:term":[{"taxonomy":"category","embeddable":true,"href":"https:\/\/historiografija.hr\/index.php?rest_route=%2Fwp%2Fv2%2Fcategories&post=33273"},{"taxonomy":"post_tag","embeddable":true,"href":"https:\/\/historiografija.hr\/index.php?rest_route=%2Fwp%2Fv2%2Ftags&post=33273"}],"curies":[{"name":"wp","href":"https:\/\/api.w.org\/{rel}","templated":true}]}}