{"id":33271,"date":"2022-11-07T11:02:58","date_gmt":"2022-11-07T11:02:58","guid":{"rendered":"http:\/\/historiografija.hr\/?p=33271"},"modified":"2022-11-07T11:02:58","modified_gmt":"2022-11-07T11:02:58","slug":"interliber-2022-predstavljanje-knjige-sinise-malesevica-zasto-je-nacionalizam-tako-mocan-socioloska-analiza","status":"publish","type":"post","link":"https:\/\/historiografija.hr\/?p=33271","title":{"rendered":"Interliber 2022: Predstavljanje knjige Sini\u0161e Male\u0161evi\u0107a \u201eZa\u0161to je nacionalizam tako mo\u0107an? Sociolo\u0161ka analiza\u201c"},"content":{"rendered":"\n<p>09.11.2022. (Srijeda)<\/p>\n\n\n\n<p>Paviljon 7, pozornica<\/p>\n\n\n\n<p>12.00 &#8211; 12.45 sati<\/p>\n\n\n\n<hr class=\"wp-block-separator\"\/>\n\n\n\n<p>Predstavljanje knjige: Za\u0161to je nacionalizam tako mo\u0107an? Sociolo\u0161ka analiza<\/p>\n\n\n\n<p>Autor: prof.dr.sc. Sini\u0161a Male\u0161evi\u0107, doc. dr. sc. Ana Matan Todorscevska, voditelj Goran Batina (urednik)<\/p>\n\n\n\n<p>Organizator: Jesenski i Turk<\/p>\n\n\n\n<hr class=\"wp-block-separator\"\/>\n\n\n\n<p>Organizator zadr\u017eava pravo promjene termina pojedinih programa uslijed nepredvidivih okolnosti<\/p>\n\n\n\n<hr class=\"wp-block-separator\"\/>\n\n\n\n<p>Izvor:<\/p>\n\n\n\n<p><a href=\"https:\/\/www.zv.hr\/sajmovi-7\/interliber-2519\/program-dogadjanja-2717\/2717\">https:\/\/www.zv.hr\/sajmovi-7\/interliber-2519\/program-dogadjanja-2717\/2717<\/a><\/p>\n\n\n\n<hr class=\"wp-block-separator\"\/>\n","protected":false},"excerpt":{"rendered":"","protected":false},"author":2,"featured_media":30059,"comment_status":"open","ping_status":"open","sticky":false,"template":"","format":"standard","meta":{"_acf_changed":false,"_jetpack_newsletter_access":"","_jetpack_dont_email_post_to_subs":false,"_jetpack_newsletter_tier_id":0,"_jetpack_memberships_contains_paywalled_content":false,"_jetpack_memberships_contains_paid_content":false,"footnotes":"","jetpack_publicize_message":"","jetpack_publicize_feature_enabled":true,"jetpack_social_post_already_shared":true,"jetpack_social_options":{"image_generator_settings":{"template":"highway","default_image_id":0,"font":"","enabled":false},"version":2},"jetpack_post_was_ever_published":false},"categories":[3],"tags":[],"class_list":["post-33271","post","type-post","status-publish","format-standard","has-post-thumbnail","hentry","category-novosti"],"acf":{"facebook_opis":""},"jetpack_publicize_connections":[],"jetpack_featured_media_url":"https:\/\/i0.wp.com\/historiografija.hr\/wp-content\/uploads\/2022\/02\/nacionalizam.jpg?fit=230%2C352&ssl=1","jetpack_sharing_enabled":true,"jetpack-related-posts":[{"id":54180,"url":"https:\/\/historiografija.hr\/?p=54180","url_meta":{"origin":33271,"position":0},"title":"Dragan Popovi\u0107, &#8220;PRELOMNE GODINE. Srpski nacionalizam i Jugoslavija 1980-1990.&#8221;","author":"Branimir Jankovi\u0107","date":"18. lipnja 2026.","format":false,"excerpt":"Izdava\u010d MOST ART JUGOSLAVIJA je objavio novu knjigu Dragana Popovi\u0107a PRELOMNE GODINE. Srpski nacionalizam i Jugoslavija 1980-1990. Knjiga koja se nalazi pred \u010ditaocima dopunjen je i prera\u0111en materijal iz dijela doktorske disertacije koju je autor odbranio na Odeljenju za istoriju Filozofskog fakulteta u Beogradu 2024. godine. Glavna tema istra\u017eivanja bile\u2026","rel":"","context":"U &quot;Knjige&quot;","block_context":{"text":"Knjige","link":"https:\/\/historiografija.hr\/?cat=8"},"img":{"alt_text":"","src":"https:\/\/i0.wp.com\/historiografija.hr\/wp-content\/uploads\/2026\/06\/popovic-dragan-prelomne-godine.jpg?fit=824%2C1200&ssl=1&resize=350%2C200","width":350,"height":200,"srcset":"https:\/\/i0.wp.com\/historiografija.hr\/wp-content\/uploads\/2026\/06\/popovic-dragan-prelomne-godine.jpg?fit=824%2C1200&ssl=1&resize=350%2C200 1x, https:\/\/i0.wp.com\/historiografija.hr\/wp-content\/uploads\/2026\/06\/popovic-dragan-prelomne-godine.jpg?fit=824%2C1200&ssl=1&resize=525%2C300 1.5x, https:\/\/i0.wp.com\/historiografija.hr\/wp-content\/uploads\/2026\/06\/popovic-dragan-prelomne-godine.jpg?fit=824%2C1200&ssl=1&resize=700%2C400 2x"},"classes":[]},{"id":52704,"url":"https:\/\/historiografija.hr\/?p=52704","url_meta":{"origin":33271,"position":1},"title":"Predstavljanje knjige &#8220;Vladimir Vasiljevi\u0107: Moji do\u017eivljaji. Dnevni\u010dki zapisi iz Prvoga svjetskog rata i poratnoga vremena&#8221;","author":"Filip \u0160imunjak","date":"29. travnja 2026.","format":false,"excerpt":"Doga\u0111anja ovogodi\u0161njega Festivala povijesti Kliofest zapo\u010dinjemo ve\u0107 i prije samoga slu\u017ebenog otvaranja, predstavljanjem knjige \u201eMoji do\u017eivljaji. Dnevni\u010dki zapisi iz Prvoga svjetskog rata i poratnoga vremena\u201d Vladimira Vasiljevi\u0107a, koju su priredili Karlo Rukavina i Damir Agi\u010di\u0107. Pozivamo Vas na predstavljanje koje \u0107e se odr\u017eati u ponedjeljak 4. svibnja, s po\u010detkom u\u2026","rel":"","context":"U &quot;Knjige&quot;","block_context":{"text":"Knjige","link":"https:\/\/historiografija.hr\/?cat=8"},"img":{"alt_text":"","src":"https:\/\/i0.wp.com\/historiografija.hr\/wp-content\/uploads\/2026\/04\/Naslovna-V.-Vasiljevic.webp?fit=1200%2C600&ssl=1&resize=350%2C200","width":350,"height":200,"srcset":"https:\/\/i0.wp.com\/historiografija.hr\/wp-content\/uploads\/2026\/04\/Naslovna-V.-Vasiljevic.webp?fit=1200%2C600&ssl=1&resize=350%2C200 1x, https:\/\/i0.wp.com\/historiografija.hr\/wp-content\/uploads\/2026\/04\/Naslovna-V.-Vasiljevic.webp?fit=1200%2C600&ssl=1&resize=525%2C300 1.5x, https:\/\/i0.wp.com\/historiografija.hr\/wp-content\/uploads\/2026\/04\/Naslovna-V.-Vasiljevic.webp?fit=1200%2C600&ssl=1&resize=700%2C400 2x, https:\/\/i0.wp.com\/historiografija.hr\/wp-content\/uploads\/2026\/04\/Naslovna-V.-Vasiljevic.webp?fit=1200%2C600&ssl=1&resize=1050%2C600 3x"},"classes":[]},{"id":45459,"url":"https:\/\/historiografija.hr\/?p=45459","url_meta":{"origin":33271,"position":2},"title":"Nadila\u017eenje nacionalne paradigme. Od historiografskog nacionalizma do transnacionalnih pristupa","author":"Branimir Jankovi\u0107","date":"25. o\u017eujka 2025.","format":false,"excerpt":"Zbornik radova koji su uredili Branimir Jankovi\u0107 i Nikola Toma\u0161egovi\u0107 predstavlja nove pristupe u studijima nacija i nacionalizma koji preispituju prevladavaju\u0107a mi\u0161ljenja o etni\u010dkim i nacionalnim identifikacijama. Nasuprot tome, radovi zagovaraju koncepte poput nacionalne ravnodu\u0161nosti i ukazuju na svepro\u017eimni odnos emocija i nacionalizma, kao i sveprisutni svakodnevni nacionalizam. Zbornik donosi\u2026","rel":"","context":"U &quot;Knjige&quot;","block_context":{"text":"Knjige","link":"https:\/\/historiografija.hr\/?cat=8"},"img":{"alt_text":"","src":"https:\/\/i0.wp.com\/historiografija.hr\/wp-content\/uploads\/2025\/03\/Nadilazenje-nacionalne-paradigme.webp?fit=713%2C928&ssl=1&resize=350%2C200","width":350,"height":200,"srcset":"https:\/\/i0.wp.com\/historiografija.hr\/wp-content\/uploads\/2025\/03\/Nadilazenje-nacionalne-paradigme.webp?fit=713%2C928&ssl=1&resize=350%2C200 1x, https:\/\/i0.wp.com\/historiografija.hr\/wp-content\/uploads\/2025\/03\/Nadilazenje-nacionalne-paradigme.webp?fit=713%2C928&ssl=1&resize=525%2C300 1.5x, https:\/\/i0.wp.com\/historiografija.hr\/wp-content\/uploads\/2025\/03\/Nadilazenje-nacionalne-paradigme.webp?fit=713%2C928&ssl=1&resize=700%2C400 2x"},"classes":[]},{"id":42895,"url":"https:\/\/historiografija.hr\/?p=42895","url_meta":{"origin":33271,"position":3},"title":"Dragan Popovi\u0107, \u201eRat se\u0107anja u Srbiji 1980-1990.\u201c","author":"Branimir Jankovi\u0107","date":"23. listopada 2024.","format":false,"excerpt":"U izdanju Biblioteke XX vek upravo je objavljena knjiga Dragana Popovi\u0107a \u201eRat se\u0107anja u Srbiji 1980-1990.\u201c Dragan Popovi\u0107 (Kraljevo, 1980) je istori\u010dar i dugogodi\u0161nji aktivista za za\u0161titu ljudskih prava iz Beograda. Osnovne i master studije zavr\u0161io je na Pravnom fakultetu u Beogradu, a doktorsku disertaciju pod naslovom \u201ePromene u politici\u2026","rel":"","context":"U &quot;Knjige&quot;","block_context":{"text":"Knjige","link":"https:\/\/historiografija.hr\/?cat=8"},"img":{"alt_text":"","src":"https:\/\/i0.wp.com\/historiografija.hr\/wp-content\/uploads\/2024\/10\/Rat_secanja.jpg?fit=450%2C652&ssl=1&resize=350%2C200","width":350,"height":200},"classes":[]},{"id":55054,"url":"https:\/\/historiografija.hr\/?p=55054","url_meta":{"origin":33271,"position":4},"title":"Predstavljanje knjige \u201ePakao se zove Jazovka\u201c u Splitu","author":"Branimir Jankovi\u0107","date":"24. kolovoza 2026.","format":false,"excerpt":"Povodom Europskog dana sje\u0107anja na \u017ertve totalitarnih i autoritarnih re\u017eima \u2013 nacizma, fa\u0161izma i komunizma, Hrvatska udruga Benedikt i Zmajski stol u Splitu Dru\u017ebe \u201eBra\u0107a Hrvatskoga Zmaja\u201c organiziraju predstavljanje knjige \u201ePakao se zove Jazovka\u201c autora Mladena Kuke. Predstavljanje \u0107e se odr\u017eati u velikoj dvorani Gradske knji\u017enice Marka Maruli\u0107a u Splitu\u2026","rel":"","context":"U &quot;Novosti&quot;","block_context":{"text":"Novosti","link":"https:\/\/historiografija.hr\/?cat=3"},"img":{"alt_text":"","src":"https:\/\/i0.wp.com\/historiografija.hr\/wp-content\/uploads\/2026\/08\/PAKAO-SE-ZOVE-JAZOVKA-PLAKAT-2.png?fit=1080%2C798&ssl=1&resize=350%2C200","width":350,"height":200,"srcset":"https:\/\/i0.wp.com\/historiografija.hr\/wp-content\/uploads\/2026\/08\/PAKAO-SE-ZOVE-JAZOVKA-PLAKAT-2.png?fit=1080%2C798&ssl=1&resize=350%2C200 1x, https:\/\/i0.wp.com\/historiografija.hr\/wp-content\/uploads\/2026\/08\/PAKAO-SE-ZOVE-JAZOVKA-PLAKAT-2.png?fit=1080%2C798&ssl=1&resize=525%2C300 1.5x, https:\/\/i0.wp.com\/historiografija.hr\/wp-content\/uploads\/2026\/08\/PAKAO-SE-ZOVE-JAZOVKA-PLAKAT-2.png?fit=1080%2C798&ssl=1&resize=700%2C400 2x, https:\/\/i0.wp.com\/historiografija.hr\/wp-content\/uploads\/2026\/08\/PAKAO-SE-ZOVE-JAZOVKA-PLAKAT-2.png?fit=1080%2C798&ssl=1&resize=1050%2C600 3x"},"classes":[]},{"id":52934,"url":"https:\/\/historiografija.hr\/?p=52934","url_meta":{"origin":33271,"position":5},"title":"Predstavljanje knjige \u00bb(NI)JE ZAPA\u017dENO DA DJELUJE NEPRIJATELJSKI\u00ab. Elaborat UDB-e o politi\u010darima iz biv\u0161ih gra\u0111anskih stranaka na kotaru Slavonski Brod","author":"Branimir Jankovi\u0107","date":"6. svibnja 2026.","format":false,"excerpt":"Muzej Brodskog Posavlja, 8. o\u017eujka (petak) 2026. u 19 sati. U sklopu ovogodi\u0161njeg, trinaestog po redu Kliofesta \u2013 festivala povijesti, odr\u017eat \u0107e se u Muzeju Brodskog Posavlja predstavljanje prve autorske knjige dr. sc. Ivana Mileca: \u00bb(NI)JE ZAPA\u017dENO DA DJELUJE NEPRIJATELJSKI\u00ab. Elaborat UDB-e o politi\u010darima iz biv\u0161ih gra\u0111anskih stranaka na kotaru\u2026","rel":"","context":"U &quot;Novosti&quot;","block_context":{"text":"Novosti","link":"https:\/\/historiografija.hr\/?cat=3"},"img":{"alt_text":"","src":"https:\/\/i0.wp.com\/historiografija.hr\/wp-content\/uploads\/2026\/05\/Pozivnica_Nije-zapazeno-da-djeluje-neprijateljski.png?fit=782%2C1158&ssl=1&resize=350%2C200","width":350,"height":200,"srcset":"https:\/\/i0.wp.com\/historiografija.hr\/wp-content\/uploads\/2026\/05\/Pozivnica_Nije-zapazeno-da-djeluje-neprijateljski.png?fit=782%2C1158&ssl=1&resize=350%2C200 1x, https:\/\/i0.wp.com\/historiografija.hr\/wp-content\/uploads\/2026\/05\/Pozivnica_Nije-zapazeno-da-djeluje-neprijateljski.png?fit=782%2C1158&ssl=1&resize=525%2C300 1.5x, https:\/\/i0.wp.com\/historiografija.hr\/wp-content\/uploads\/2026\/05\/Pozivnica_Nije-zapazeno-da-djeluje-neprijateljski.png?fit=782%2C1158&ssl=1&resize=700%2C400 2x"},"classes":[]}],"_links":{"self":[{"href":"https:\/\/historiografija.hr\/index.php?rest_route=\/wp\/v2\/posts\/33271","targetHints":{"allow":["GET"]}}],"collection":[{"href":"https:\/\/historiografija.hr\/index.php?rest_route=\/wp\/v2\/posts"}],"about":[{"href":"https:\/\/historiografija.hr\/index.php?rest_route=\/wp\/v2\/types\/post"}],"author":[{"embeddable":true,"href":"https:\/\/historiografija.hr\/index.php?rest_route=\/wp\/v2\/users\/2"}],"replies":[{"embeddable":true,"href":"https:\/\/historiografija.hr\/index.php?rest_route=%2Fwp%2Fv2%2Fcomments&post=33271"}],"version-history":[{"count":1,"href":"https:\/\/historiografija.hr\/index.php?rest_route=\/wp\/v2\/posts\/33271\/revisions"}],"predecessor-version":[{"id":33272,"href":"https:\/\/historiografija.hr\/index.php?rest_route=\/wp\/v2\/posts\/33271\/revisions\/33272"}],"wp:featuredmedia":[{"embeddable":true,"href":"https:\/\/historiografija.hr\/index.php?rest_route=\/wp\/v2\/media\/30059"}],"wp:attachment":[{"href":"https:\/\/historiografija.hr\/index.php?rest_route=%2Fwp%2Fv2%2Fmedia&parent=33271"}],"wp:term":[{"taxonomy":"category","embeddable":true,"href":"https:\/\/historiografija.hr\/index.php?rest_route=%2Fwp%2Fv2%2Fcategories&post=33271"},{"taxonomy":"post_tag","embeddable":true,"href":"https:\/\/historiografija.hr\/index.php?rest_route=%2Fwp%2Fv2%2Ftags&post=33271"}],"curies":[{"name":"wp","href":"https:\/\/api.w.org\/{rel}","templated":true}]}}