{"id":33263,"date":"2022-11-07T10:33:46","date_gmt":"2022-11-07T10:33:46","guid":{"rendered":"http:\/\/historiografija.hr\/?p=33263"},"modified":"2022-11-07T10:36:12","modified_gmt":"2022-11-07T10:36:12","slug":"international-interdisciplinary-conference-bosnia-and-herzegovina-post-colonial-and-post-conflict-heritage-of-a-european-state","status":"publish","type":"post","link":"https:\/\/historiografija.hr\/?p=33263","title":{"rendered":"International Interdisciplinary Conference &#8220;Bosnia and Herzegovina: Post-Colonial and Post-Conflict Heritage of a European State&#8221;"},"content":{"rendered":"\n<p>Institut za historiju \u010ce\u0161ke akademije nauka i umjetnosti, u saradnji s Institutom za filozofiju i Institutom za sigurnosne studije u Pragu, organizira konferenciju \u201eBosnia and Herzegovina. Post-Colonial and Post-Conflict Heritage of a European State\u201c.<\/p>\n\n\n\n<p>Na konferenciji \u0107e u\u010destvovati brojni nau\u010dnici iz Evrope (histori\u010dari, politolozi, antropolozi, stru\u010dnjaci za medije) i prezentirati svoja istra\u017eivanja o raznim aspektima pro\u0161losti i sada\u0161njosti Bosne i Hercegovine. Organizatori najavljuju da ovom konferencijom \u017eele analizirati klju\u010dna pitanja Bosne i Hercegovine (kulturno naslje\u0111e, nacionalizam, multietni\u010dku i multikonfesionalnu koegzistenciju, suo\u010davanje sa genocidom, modernizaciju, evropeizaciju) sve to promatraju\u0107i u \u0161iroj historijskoj perspektivi od sredine 19. stolje\u0107a do danas.<\/p>\n\n\n\n<p>Na konferenciji \u0107e u\u010destvovati Xavier Bougarel, Radan Haluz\u00edk, Franti\u0161ek \u0160\u00edstek, Zora Hesov\u00e1, Ivo Goldstein, Ger Duijzings, Mario Kati\u0107, Petr Stehl\u00edk, Anja Grabovac, Sre\u0107ko Latal, a na kraju \u0107e biti i zavr\u0161na debata sa Martinom Mlinarevi\u0107, ambasadoricom BiH u \u010ce\u0161koj.<\/p>\n\n\n\n<p>Konferencija se odr\u017eava u Vila Lanna (V Sadech 1\/1, Prague 6, 160 00, Czech Republic), u \u010detvrtak 10. november 2022. od 10:00 do 18:00 sati. Program je dostupan <a rel=\"noreferrer noopener\" href=\"https:\/\/historiografija.ba\/assets\/documents\/Prag_konferencije_22.pdf\" target=\"_blank\">ovdje<\/a>, a registrirati se mo\u017eete <a rel=\"noreferrer noopener\" href=\"https:\/\/forms.gle\/eNAc2ukmistd7Whe6\" target=\"_blank\">ovdje<\/a>.<\/p>\n\n\n\n<hr class=\"wp-block-separator\"\/>\n\n\n\n<p>Preneseno s portala <strong>Historiografija.ba<\/strong>:<\/p>\n\n\n\n<p><a href=\"https:\/\/historiografija.ba\/article.php?id=1505\">https:\/\/historiografija.ba\/article.php?id=1505<\/a><\/p>\n\n\n\n<hr class=\"wp-block-separator\"\/>\n","protected":false},"excerpt":{"rendered":"","protected":false},"author":2,"featured_media":33264,"comment_status":"open","ping_status":"open","sticky":false,"template":"","format":"standard","meta":{"_acf_changed":false,"jetpack_post_was_ever_published":false,"_jetpack_newsletter_access":"","_jetpack_dont_email_post_to_subs":false,"_jetpack_newsletter_tier_id":0,"_jetpack_memberships_contains_paywalled_content":false,"_jetpack_memberships_contains_paid_content":false,"footnotes":"","jetpack_publicize_message":"","jetpack_publicize_feature_enabled":true,"jetpack_social_post_already_shared":true,"jetpack_social_options":{"image_generator_settings":{"template":"highway","default_image_id":0,"font":"","enabled":false},"version":2}},"categories":[3,9],"tags":[],"class_list":["post-33263","post","type-post","status-publish","format-standard","has-post-thumbnail","hentry","category-novosti","category-skupovi"],"acf":{"facebook_opis":""},"jetpack_publicize_connections":[],"jetpack_featured_media_url":"https:\/\/i0.wp.com\/historiografija.hr\/wp-content\/uploads\/2022\/11\/Prag_konferencija.jpg?fit=554%2C376&ssl=1","jetpack_sharing_enabled":true,"jetpack-related-posts":[],"_links":{"self":[{"href":"https:\/\/historiografija.hr\/index.php?rest_route=\/wp\/v2\/posts\/33263","targetHints":{"allow":["GET"]}}],"collection":[{"href":"https:\/\/historiografija.hr\/index.php?rest_route=\/wp\/v2\/posts"}],"about":[{"href":"https:\/\/historiografija.hr\/index.php?rest_route=\/wp\/v2\/types\/post"}],"author":[{"embeddable":true,"href":"https:\/\/historiografija.hr\/index.php?rest_route=\/wp\/v2\/users\/2"}],"replies":[{"embeddable":true,"href":"https:\/\/historiografija.hr\/index.php?rest_route=%2Fwp%2Fv2%2Fcomments&post=33263"}],"version-history":[{"count":2,"href":"https:\/\/historiografija.hr\/index.php?rest_route=\/wp\/v2\/posts\/33263\/revisions"}],"predecessor-version":[{"id":33266,"href":"https:\/\/historiografija.hr\/index.php?rest_route=\/wp\/v2\/posts\/33263\/revisions\/33266"}],"wp:featuredmedia":[{"embeddable":true,"href":"https:\/\/historiografija.hr\/index.php?rest_route=\/wp\/v2\/media\/33264"}],"wp:attachment":[{"href":"https:\/\/historiografija.hr\/index.php?rest_route=%2Fwp%2Fv2%2Fmedia&parent=33263"}],"wp:term":[{"taxonomy":"category","embeddable":true,"href":"https:\/\/historiografija.hr\/index.php?rest_route=%2Fwp%2Fv2%2Fcategories&post=33263"},{"taxonomy":"post_tag","embeddable":true,"href":"https:\/\/historiografija.hr\/index.php?rest_route=%2Fwp%2Fv2%2Ftags&post=33263"}],"curies":[{"name":"wp","href":"https:\/\/api.w.org\/{rel}","templated":true}]}}