{"id":33261,"date":"2022-11-07T10:24:52","date_gmt":"2022-11-07T10:24:52","guid":{"rendered":"http:\/\/historiografija.hr\/?p=33261"},"modified":"2022-11-07T10:24:52","modified_gmt":"2022-11-07T10:24:52","slug":"emisija-povijesne-kontroverze-djelovanje-medunarodne-zajednice-u-bosni-i-hercegovini","status":"publish","type":"post","link":"https:\/\/historiografija.hr\/?p=33261","title":{"rendered":"Emisija \u201cPovijesne kontroverze\u201d: Djelovanje me\u0111unarodne zajednice u Bosni i Hercegovini"},"content":{"rendered":"\n<p>U \u201cPovijesnim kontroverzama\u201d u utorak, 8. studenog 2022. u 15.05 sati na Tre\u0107em programu Hrvatskog radija o djelovanju me\u0111unarodne zajednice u Bosni i Hercegovini od Daytona do danas govori Domagoj Kne\u017eevi\u0107.<\/p>\n\n\n\n<hr class=\"wp-block-separator\"\/>\n\n\n\n<p>HRT &#8211; HR3&nbsp;08.11.2022.&nbsp;15:05 &#8211; 16:00<\/p>\n\n\n\n<p><strong>Povijesne kontroverze<\/strong><\/p>\n\n\n\n<p>Ured visokog predstavnika me\u0111unarodne zajednice za Bosnu i Hercegovinu je me\u0111unarodna institucija odgovorna za nadgledanje provedbe civilnih aspekata Daytonskog sporazuma kojim je 1995. okon\u010dan rat u toj dr\u017eavi. Zada\u0107a visokog predstavnika bila je da osigura da se Bosna i Hercegovina razvije u mirnu i odr\u017eivu demokratsku zemlju, na putu ka integracijama u euro-atlantske institucije. S vremenom su nadle\u017enosti visokog predstavnika pove\u0107ane te su pojedini visoki predstavnici sve \u010de\u0161\u0107e intervenirali u politi\u010dki \u017eivot BiH, donose\u0107i razli\u010dite uredbe i zakone, a \u010dak su i smjenjivali izravno izabrane \u010dlanove Predsjedni\u0161tva dr\u017eave. Kakvo je bilo djelovanje me\u0111unarodne zajednice u Bosni i Hercegovini od Daytona do danas, kakav je bio pristup Europske unije prema Bosni i Hercegovini, kojim su se odlukama visokih predstavnika naru\u0161avali temelji Daytonskoga sporazuma neka su od pitanja o kojima razgovaramo s dr. sc. Domagojem Kne\u017eevi\u0107em.<\/p>\n\n\n\n<p><a href=\"http:\/\/raspored.hrt.hr\/\">http:\/\/raspored.hrt.hr\/<\/a><\/p>\n\n\n\n<p><a href=\"https:\/\/radio.hrt.hr\/slusaonica\/povijesne-kontroverze\">https:\/\/radio.hrt.hr\/slusaonica\/povijesne-kontroverze<\/a><\/p>\n\n\n\n<hr class=\"wp-block-separator\"\/>\n","protected":false},"excerpt":{"rendered":"","protected":false},"author":2,"featured_media":28920,"comment_status":"open","ping_status":"open","sticky":false,"template":"","format":"standard","meta":{"_acf_changed":false,"_jetpack_newsletter_access":"","_jetpack_dont_email_post_to_subs":false,"_jetpack_newsletter_tier_id":0,"_jetpack_memberships_contains_paywalled_content":false,"_jetpack_memberships_contains_paid_content":false,"footnotes":"","jetpack_publicize_message":"","jetpack_publicize_feature_enabled":true,"jetpack_social_post_already_shared":true,"jetpack_social_options":{"image_generator_settings":{"template":"highway","default_image_id":0,"font":"","enabled":false},"version":2},"jetpack_post_was_ever_published":false},"categories":[3],"tags":[],"class_list":["post-33261","post","type-post","status-publish","format-standard","has-post-thumbnail","hentry","category-novosti"],"acf":{"facebook_opis":""},"jetpack_publicize_connections":[],"jetpack_featured_media_url":"https:\/\/i0.wp.com\/historiografija.hr\/wp-content\/uploads\/2021\/12\/povijesne-kontroverze.jpg?fit=1920%2C1080&ssl=1","jetpack_sharing_enabled":true,"jetpack-related-posts":[{"id":54545,"url":"https:\/\/historiografija.hr\/?p=54545","url_meta":{"origin":33261,"position":0},"title":"Viktoria Ko\u0161ak, &#8220;Povijest \u0161kola sestara Klanjateljica Krvi Kristove u Bosni i Hercegovini (1880. \u2013 1945.)\u201c","author":"Branimir Jankovi\u0107","date":"10. srpnja 2026.","format":false,"excerpt":"Viktoria Ko\u0161ak u knjizi \"Povijest \u0161kola sestara Klanjateljica Krvi Kristove u Bosni i Hercegovini (1880. \u2013 1945.)\u201c analizira povijest \u0161kola sestara Klanjateljica Krvi Kristove na podru\u010dju Bosne i Hercegovine nagla\u0161avaju\u0107i njihovu va\u017enu ulogu u obrazovanju, promicanju pismenosti i dru\u0161tvu.\u00a0 O knjizi\u00a0 Monografija dr. sc. Viktorije Ko\u0161ak pod naslovom \u201ePovijest \u0161kola\u2026","rel":"","context":"U &quot;Knjige&quot;","block_context":{"text":"Knjige","link":"https:\/\/historiografija.hr\/?cat=8"},"img":{"alt_text":"","src":"https:\/\/i0.wp.com\/historiografija.hr\/wp-content\/uploads\/2026\/07\/Kosak.jpg?fit=1028%2C812&ssl=1&resize=350%2C200","width":350,"height":200,"srcset":"https:\/\/i0.wp.com\/historiografija.hr\/wp-content\/uploads\/2026\/07\/Kosak.jpg?fit=1028%2C812&ssl=1&resize=350%2C200 1x, https:\/\/i0.wp.com\/historiografija.hr\/wp-content\/uploads\/2026\/07\/Kosak.jpg?fit=1028%2C812&ssl=1&resize=525%2C300 1.5x, https:\/\/i0.wp.com\/historiografija.hr\/wp-content\/uploads\/2026\/07\/Kosak.jpg?fit=1028%2C812&ssl=1&resize=700%2C400 2x"},"classes":[]},{"id":53705,"url":"https:\/\/historiografija.hr\/?p=53705","url_meta":{"origin":33261,"position":1},"title":"Povjesni\u010dar s Hrvatskog instituta za povijest dobitnik je presti\u017ene Fernand Braudel Senior Fellowship na Europskom sveu\u010dili\u0161nom institutu (EUI) u Firenci","author":"Branimir Jankovi\u0107","date":"25. svibnja 2026.","format":false,"excerpt":"Izme\u0111u listopada i prosinca 2026. dr. sc. Dino Mujad\u017eevi\u0107 iz Podru\u017enice Hrvatskog instituta za povijest u Slavonskom Brodu boravit \u0107e na Odjelu za povijest Europskog sveu\u010dili\u0161nog instituta u Firenci (Department of History\u00a0at the European University Institute, EUI) kao Fernand Braudel Senior Fellow. Ondje \u0107e istra\u017eivati u suradnji s profesorom Giancarlom\u2026","rel":"","context":"U &quot;Novosti&quot;","block_context":{"text":"Novosti","link":"https:\/\/historiografija.hr\/?cat=3"},"img":{"alt_text":"","src":"https:\/\/i0.wp.com\/historiografija.hr\/wp-content\/uploads\/2026\/05\/Snimka-zaslona-Mujadzevic.png?fit=960%2C280&ssl=1&resize=350%2C200","width":350,"height":200,"srcset":"https:\/\/i0.wp.com\/historiografija.hr\/wp-content\/uploads\/2026\/05\/Snimka-zaslona-Mujadzevic.png?fit=960%2C280&ssl=1&resize=350%2C200 1x, https:\/\/i0.wp.com\/historiografija.hr\/wp-content\/uploads\/2026\/05\/Snimka-zaslona-Mujadzevic.png?fit=960%2C280&ssl=1&resize=525%2C300 1.5x, https:\/\/i0.wp.com\/historiografija.hr\/wp-content\/uploads\/2026\/05\/Snimka-zaslona-Mujadzevic.png?fit=960%2C280&ssl=1&resize=700%2C400 2x"},"classes":[]},{"id":54145,"url":"https:\/\/historiografija.hr\/?p=54145","url_meta":{"origin":33261,"position":2},"title":"Povjesni\u010dar Max Bergholz dobitnik presti\u017ene Dan David nagrade","author":"Branimir Jankovi\u0107","date":"17. lipnja 2026.","format":false,"excerpt":"Povjesni\u010dar Max Bergholz - koji je dobro poznat i doma\u0107oj stru\u010dnoj javnosti - jedan je od devet dobitnika me\u0111unarodne nagrade Dan David za 2026. godinu, te - kako se isti\u010de - najve\u0107e svjetske nagrade u podru\u010dju povijesne znanosti. Op\u0161irnije: https:\/\/www.concordia.ca\/news\/stories\/2026\/06\/16\/concordia-professor-max-bergholz-wins-the-worlds-largest-history-award.html https:\/\/dandavidprize.org\/winners\/max-bergholz https:\/\/dandavidprize.org\/our-winners","rel":"","context":"U &quot;Novosti&quot;","block_context":{"text":"Novosti","link":"https:\/\/historiografija.hr\/?cat=3"},"img":{"alt_text":"","src":"https:\/\/i0.wp.com\/historiografija.hr\/wp-content\/uploads\/2026\/06\/Bergholz.jpg?fit=1024%2C528&ssl=1&resize=350%2C200","width":350,"height":200,"srcset":"https:\/\/i0.wp.com\/historiografija.hr\/wp-content\/uploads\/2026\/06\/Bergholz.jpg?fit=1024%2C528&ssl=1&resize=350%2C200 1x, https:\/\/i0.wp.com\/historiografija.hr\/wp-content\/uploads\/2026\/06\/Bergholz.jpg?fit=1024%2C528&ssl=1&resize=525%2C300 1.5x, https:\/\/i0.wp.com\/historiografija.hr\/wp-content\/uploads\/2026\/06\/Bergholz.jpg?fit=1024%2C528&ssl=1&resize=700%2C400 2x"},"classes":[]},{"id":54592,"url":"https:\/\/historiografija.hr\/?p=54592","url_meta":{"origin":33261,"position":3},"title":"Rashid I. Khalidi, &#8220;Stogodi\u0161nji rat protiv Palestine&#8221;","author":"Branimir Jankovi\u0107","date":"14. srpnja 2026.","format":false,"excerpt":"Hrabro, briljantno i referentno, ovo izvanredno djelo s polja povijesne znanosti tako\u0111er obiluje dramati\u010dno\u0161\u0107u i zapanjuju\u0107om naracijom. Khalidi iznosi uvjerljive dokaze za preispitivanje konvencionalnog zapadnja\u010dkog poimanja spomenute teme, a njegova knjiga predstavlja prekretnicu u prou\u010davanju arapsko-izraelskog sukoba. Avi Shlaim, autor knjige The Iron Wall: Israel and the Arab World Stogodi\u0161nji\u2026","rel":"","context":"U &quot;Knjige&quot;","block_context":{"text":"Knjige","link":"https:\/\/historiografija.hr\/?cat=8"},"img":{"alt_text":"","src":"https:\/\/i0.wp.com\/historiografija.hr\/wp-content\/uploads\/2026\/07\/PK_Stogodisnji-Rat-Protiv-Palestine.jpg?fit=660%2C417&ssl=1&resize=350%2C200","width":350,"height":200,"srcset":"https:\/\/i0.wp.com\/historiografija.hr\/wp-content\/uploads\/2026\/07\/PK_Stogodisnji-Rat-Protiv-Palestine.jpg?fit=660%2C417&ssl=1&resize=350%2C200 1x, https:\/\/i0.wp.com\/historiografija.hr\/wp-content\/uploads\/2026\/07\/PK_Stogodisnji-Rat-Protiv-Palestine.jpg?fit=660%2C417&ssl=1&resize=525%2C300 1.5x"},"classes":[]},{"id":53339,"url":"https:\/\/historiografija.hr\/?p=53339","url_meta":{"origin":33261,"position":4},"title":"Me\u0111unarodna konferencija &#8220;7th International Conference of the Mediterranean Maritime History Network&#8221; u Zadru","author":"Branimir Jankovi\u0107","date":"14. svibnja 2026.","format":false,"excerpt":"Od 25. do 29. svibnja 2026. na Odjelu za povijest Sveu\u010dili\u0161tu u Zadru odr\u017eava se 7. me\u0111unarodna konferencija Mediterranean Maritime History Network (MMHN) koja okuplja istra\u017eiva\u010de pomorske povijesti Mediterana. Na konferenciji sudjeluje preko 70 sudionika iz svijeta i Hrvatske koji \u0107e predstaviti svoja istra\u017eivanja koja imaju zajedni\u010dku dodirnu to\u010dku s\u2026","rel":"","context":"U &quot;Novosti&quot;","block_context":{"text":"Novosti","link":"https:\/\/historiografija.hr\/?cat=3"},"img":{"alt_text":"","src":"https:\/\/i0.wp.com\/historiografija.hr\/wp-content\/uploads\/2026\/05\/plakat-conf-ZD.jpg?fit=866%2C492&ssl=1&resize=350%2C200","width":350,"height":200,"srcset":"https:\/\/i0.wp.com\/historiografija.hr\/wp-content\/uploads\/2026\/05\/plakat-conf-ZD.jpg?fit=866%2C492&ssl=1&resize=350%2C200 1x, https:\/\/i0.wp.com\/historiografija.hr\/wp-content\/uploads\/2026\/05\/plakat-conf-ZD.jpg?fit=866%2C492&ssl=1&resize=525%2C300 1.5x, https:\/\/i0.wp.com\/historiografija.hr\/wp-content\/uploads\/2026\/05\/plakat-conf-ZD.jpg?fit=866%2C492&ssl=1&resize=700%2C400 2x"},"classes":[]},{"id":53451,"url":"https:\/\/historiografija.hr\/?p=53451","url_meta":{"origin":33261,"position":5},"title":"Promocija knjige Edina Omer\u010di\u0107a &#8220;Brzina mraka. Politi\u010dka djelatnost Srpske pravoslavne crkve u Bosni i Hercegovini od 1989. do 1996.&#8221; u Beogradu","author":"Branimir Jankovi\u0107","date":"18. svibnja 2026.","format":false,"excerpt":"Muzej 90-ih organizuje 20. maja 2026. u 19h promociju knjige istori\u010dara Edina Omer\u010di\u0107a (Institut za historiju u Sarajevu) Brzina mraka. Politi\u010dka djelatnost Srpske pravoslavne crkve u Bosni i Hercegovini od 1989. do 1996. Knjiga se bavi ulogom Srpske pravoslavne crkve u prelomnim godinama jugoslovenske krize i ratova devedesetih, sa posebnim\u2026","rel":"","context":"U &quot;Novosti&quot;","block_context":{"text":"Novosti","link":"https:\/\/historiografija.hr\/?cat=3"},"img":{"alt_text":"","src":"https:\/\/i0.wp.com\/historiografija.hr\/wp-content\/uploads\/2026\/05\/omercic-brzina-mraka-promocija-beograd.jpg?fit=949%2C497&ssl=1&resize=350%2C200","width":350,"height":200,"srcset":"https:\/\/i0.wp.com\/historiografija.hr\/wp-content\/uploads\/2026\/05\/omercic-brzina-mraka-promocija-beograd.jpg?fit=949%2C497&ssl=1&resize=350%2C200 1x, https:\/\/i0.wp.com\/historiografija.hr\/wp-content\/uploads\/2026\/05\/omercic-brzina-mraka-promocija-beograd.jpg?fit=949%2C497&ssl=1&resize=525%2C300 1.5x, https:\/\/i0.wp.com\/historiografija.hr\/wp-content\/uploads\/2026\/05\/omercic-brzina-mraka-promocija-beograd.jpg?fit=949%2C497&ssl=1&resize=700%2C400 2x"},"classes":[]}],"_links":{"self":[{"href":"https:\/\/historiografija.hr\/index.php?rest_route=\/wp\/v2\/posts\/33261","targetHints":{"allow":["GET"]}}],"collection":[{"href":"https:\/\/historiografija.hr\/index.php?rest_route=\/wp\/v2\/posts"}],"about":[{"href":"https:\/\/historiografija.hr\/index.php?rest_route=\/wp\/v2\/types\/post"}],"author":[{"embeddable":true,"href":"https:\/\/historiografija.hr\/index.php?rest_route=\/wp\/v2\/users\/2"}],"replies":[{"embeddable":true,"href":"https:\/\/historiografija.hr\/index.php?rest_route=%2Fwp%2Fv2%2Fcomments&post=33261"}],"version-history":[{"count":1,"href":"https:\/\/historiografija.hr\/index.php?rest_route=\/wp\/v2\/posts\/33261\/revisions"}],"predecessor-version":[{"id":33262,"href":"https:\/\/historiografija.hr\/index.php?rest_route=\/wp\/v2\/posts\/33261\/revisions\/33262"}],"wp:featuredmedia":[{"embeddable":true,"href":"https:\/\/historiografija.hr\/index.php?rest_route=\/wp\/v2\/media\/28920"}],"wp:attachment":[{"href":"https:\/\/historiografija.hr\/index.php?rest_route=%2Fwp%2Fv2%2Fmedia&parent=33261"}],"wp:term":[{"taxonomy":"category","embeddable":true,"href":"https:\/\/historiografija.hr\/index.php?rest_route=%2Fwp%2Fv2%2Fcategories&post=33261"},{"taxonomy":"post_tag","embeddable":true,"href":"https:\/\/historiografija.hr\/index.php?rest_route=%2Fwp%2Fv2%2Ftags&post=33261"}],"curies":[{"name":"wp","href":"https:\/\/api.w.org\/{rel}","templated":true}]}}