{"id":33250,"date":"2022-11-05T17:24:51","date_gmt":"2022-11-05T17:24:51","guid":{"rendered":"http:\/\/historiografija.hr\/?p=33250"},"modified":"2022-11-05T17:31:41","modified_gmt":"2022-11-05T17:31:41","slug":"conference-new-research-on-irish-and-croatian-modern-and-contemporary-history","status":"publish","type":"post","link":"https:\/\/historiografija.hr\/?p=33250","title":{"rendered":"Conference \u201dNew Research on Irish and Croatian Modern and Contemporary History\u201d"},"content":{"rendered":"\n<p>Poslijediplomski doktorski studij Moderne i suvremene hrvatske povijesti u europskom i svjetskom kontekstu i Veleposlanstvo Irske u Republici Hrvatskoj organiziraju u utorak, 8. studenog 2022. s po\u010detkom u 10 sati u Konferencijskoj dvorani Knji\u017enice Filozofskog fakulteta u Zagrebu konferenciju \u201dNew Research on Irish and Croatian Modern and Contemporary History\u201d.<\/p>\n\n\n\n<hr class=\"wp-block-separator\"\/>\n\n\n\n<div class=\"wp-block-file\"><a href=\"https:\/\/historiografija.hr\/wp-content\/uploads\/2022\/11\/Programska-knjizica.pdf\">Programska-knjizica<\/a><a href=\"https:\/\/historiografija.hr\/wp-content\/uploads\/2022\/11\/Programska-knjizica.pdf\" class=\"wp-block-file__button\" download>Preuzmi<\/a><\/div>\n\n\n\n<hr class=\"wp-block-separator\"\/>\n\n\n\n<figure data-wp-context=\"{&quot;imageId&quot;:&quot;6a97bafd0dc0e&quot;}\" data-wp-interactive=\"core\/image\" data-wp-key=\"6a97bafd0dc0e\" class=\"wp-block-image size-large wp-lightbox-container\"><img data-recalc-dims=\"1\" loading=\"lazy\" decoding=\"async\" width=\"860\" height=\"615\" data-attachment-id=\"33252\" data-permalink=\"https:\/\/historiografija.hr\/?attachment_id=33252\" data-orig-file=\"https:\/\/i0.wp.com\/historiografija.hr\/wp-content\/uploads\/2022\/11\/programska-knjizica-naslovnica.jpg?fit=1802%2C1288&amp;ssl=1\" data-orig-size=\"1802,1288\" data-comments-opened=\"1\" data-image-meta=\"{&quot;aperture&quot;:&quot;0&quot;,&quot;credit&quot;:&quot;&quot;,&quot;camera&quot;:&quot;&quot;,&quot;caption&quot;:&quot;&quot;,&quot;created_timestamp&quot;:&quot;0&quot;,&quot;copyright&quot;:&quot;&quot;,&quot;focal_length&quot;:&quot;0&quot;,&quot;iso&quot;:&quot;0&quot;,&quot;shutter_speed&quot;:&quot;0&quot;,&quot;title&quot;:&quot;&quot;,&quot;orientation&quot;:&quot;0&quot;}\" data-image-title=\"programska knjizica naslovnica\" data-image-description=\"\" data-image-caption=\"\" data-large-file=\"https:\/\/i0.wp.com\/historiografija.hr\/wp-content\/uploads\/2022\/11\/programska-knjizica-naslovnica.jpg?fit=860%2C615&amp;ssl=1\" data-wp-class--hide=\"state.isContentHidden\" data-wp-class--show=\"state.isContentVisible\" data-wp-init=\"callbacks.setButtonStyles\" data-wp-on--click=\"actions.showLightbox\" data-wp-on--load=\"callbacks.setButtonStyles\" data-wp-on-window--resize=\"callbacks.setButtonStyles\" src=\"https:\/\/i0.wp.com\/historiografija.hr\/wp-content\/uploads\/2022\/11\/programska-knjizica-naslovnica.jpg?resize=860%2C615&#038;ssl=1\" alt=\"\" class=\"wp-image-33252\" srcset=\"https:\/\/i0.wp.com\/historiografija.hr\/wp-content\/uploads\/2022\/11\/programska-knjizica-naslovnica.jpg?resize=1024%2C732&amp;ssl=1 1024w, https:\/\/i0.wp.com\/historiografija.hr\/wp-content\/uploads\/2022\/11\/programska-knjizica-naslovnica.jpg?resize=300%2C214&amp;ssl=1 300w, https:\/\/i0.wp.com\/historiografija.hr\/wp-content\/uploads\/2022\/11\/programska-knjizica-naslovnica.jpg?resize=768%2C549&amp;ssl=1 768w, https:\/\/i0.wp.com\/historiografija.hr\/wp-content\/uploads\/2022\/11\/programska-knjizica-naslovnica.jpg?resize=1536%2C1098&amp;ssl=1 1536w, https:\/\/i0.wp.com\/historiografija.hr\/wp-content\/uploads\/2022\/11\/programska-knjizica-naslovnica.jpg?w=1802&amp;ssl=1 1802w, https:\/\/i0.wp.com\/historiografija.hr\/wp-content\/uploads\/2022\/11\/programska-knjizica-naslovnica.jpg?w=1720&amp;ssl=1 1720w\" sizes=\"auto, (max-width: 860px) 100vw, 860px\" \/><button\n\t\t\tclass=\"lightbox-trigger\"\n\t\t\ttype=\"button\"\n\t\t\taria-haspopup=\"dialog\"\n\t\t\taria-label=\"Uve\u0107aj\"\n\t\t\tdata-wp-init=\"callbacks.initTriggerButton\"\n\t\t\tdata-wp-on--click=\"actions.showLightbox\"\n\t\t\tdata-wp-style--right=\"state.imageButtonRight\"\n\t\t\tdata-wp-style--top=\"state.imageButtonTop\"\n\t\t>\n\t\t\t<svg xmlns=\"http:\/\/www.w3.org\/2000\/svg\" width=\"12\" height=\"12\" fill=\"none\" viewBox=\"0 0 12 12\">\n\t\t\t\t<path fill=\"#fff\" d=\"M2 0a2 2 0 0 0-2 2v2h1.5V2a.5.5 0 0 1 .5-.5h2V0H2Zm2 10.5H2a.5.5 0 0 1-.5-.5V8H0v2a2 2 0 0 0 2 2h2v-1.5ZM8 12v-1.5h2a.5.5 0 0 0 .5-.5V8H12v2a2 2 0 0 1-2 2H8Zm2-12a2 2 0 0 1 2 2v2h-1.5V2a.5.5 0 0 0-.5-.5H8V0h2Z\" \/>\n\t\t\t<\/svg>\n\t\t<\/button><\/figure>\n\n\n\n<hr class=\"wp-block-separator\"\/>\n\n\n\n<p>Izvori:<\/p>\n\n\n\n<figure class=\"wp-block-embed-wordpress wp-block-embed is-type-wp-embed is-provider-poslijediplomski-doktorski-studij-moderna-i-suvremena-hrvatska-povijest-u-europskom-i-svjetskom-kontekstu\"><div class=\"wp-block-embed__wrapper\">\n<blockquote class=\"wp-embedded-content\" data-secret=\"Ln8Gohfmwi\"><a href=\"https:\/\/dokt-hist-mod.ffzg.unizg.hr\/?p=665\">Conference \u201eNew Research on Irish and Croatian Modern and Contemporary History\u201c<\/a><\/blockquote><iframe loading=\"lazy\" class=\"wp-embedded-content\" sandbox=\"allow-scripts\" security=\"restricted\" style=\"position: absolute; clip: rect(1px, 1px, 1px, 1px);\" title=\"&#8220;Conference \u201eNew Research on Irish and Croatian Modern and Contemporary History\u201c&#8221; &#8212; Poslijediplomski doktorski studij Moderna i suvremena hrvatska povijest u europskom i svjetskom kontekstu \" src=\"https:\/\/dokt-hist-mod.ffzg.unizg.hr\/?p=665&#038;embed=true#?secret=Ln8Gohfmwi\" data-secret=\"Ln8Gohfmwi\" width=\"600\" height=\"338\" frameborder=\"0\" marginwidth=\"0\" marginheight=\"0\" scrolling=\"no\"><\/iframe>\n<\/div><\/figure>\n\n\n\n<figure class=\"wp-block-embed-wordpress wp-block-embed is-type-wp-embed is-provider-filozofski-fakultet-sveucilista-u-zagrebu\"><div class=\"wp-block-embed__wrapper\">\n<blockquote class=\"wp-embedded-content\" data-secret=\"X7QY5VTgYI\"><a href=\"https:\/\/web2020.ffzg.unizg.hr\/blog\/2022\/11\/04\/konferencija-new-research-on-irish-and-croatian-modern-and-contemporary-history\/\">Konferencija &#8221;New Research on Irish and Croatian Modern and Contemporary History&#8221;<\/a><\/blockquote><iframe loading=\"lazy\" class=\"wp-embedded-content\" sandbox=\"allow-scripts\" security=\"restricted\" style=\"position: absolute; clip: rect(1px, 1px, 1px, 1px);\" title=\"&#8220;Konferencija &#8221;New Research on Irish and Croatian Modern and Contemporary History&#8221;&#8221; &#8212; Filozofski fakultet Sveu\u010dili\u0161ta u Zagrebu\" src=\"https:\/\/web2020.ffzg.unizg.hr\/blog\/2022\/11\/04\/konferencija-new-research-on-irish-and-croatian-modern-and-contemporary-history\/embed\/#?secret=X7QY5VTgYI\" data-secret=\"X7QY5VTgYI\" width=\"600\" height=\"338\" frameborder=\"0\" marginwidth=\"0\" marginheight=\"0\" scrolling=\"no\"><\/iframe>\n<\/div><\/figure>\n\n\n\n<hr class=\"wp-block-separator\"\/>\n","protected":false},"excerpt":{"rendered":"","protected":false},"author":2,"featured_media":33252,"comment_status":"open","ping_status":"open","sticky":false,"template":"","format":"standard","meta":{"_acf_changed":false,"_jetpack_newsletter_access":"","_jetpack_dont_email_post_to_subs":false,"_jetpack_newsletter_tier_id":0,"_jetpack_memberships_contains_paywalled_content":false,"_jetpack_memberships_contains_paid_content":false,"footnotes":"","jetpack_publicize_message":"","jetpack_publicize_feature_enabled":true,"jetpack_social_post_already_shared":true,"jetpack_social_options":{"image_generator_settings":{"template":"highway","default_image_id":0,"font":"","enabled":false},"version":2},"jetpack_post_was_ever_published":false},"categories":[3,9],"tags":[],"class_list":["post-33250","post","type-post","status-publish","format-standard","has-post-thumbnail","hentry","category-novosti","category-skupovi"],"acf":{"facebook_opis":""},"jetpack_publicize_connections":[],"jetpack_featured_media_url":"https:\/\/i0.wp.com\/historiografija.hr\/wp-content\/uploads\/2022\/11\/programska-knjizica-naslovnica.jpg?fit=1802%2C1288&ssl=1","jetpack_sharing_enabled":true,"jetpack-related-posts":[{"id":54476,"url":"https:\/\/historiografija.hr\/?p=54476","url_meta":{"origin":33250,"position":0},"title":"Predavanje Senne \u0160imek &#8220;Croatian Government Responses to ICTY Judgments on Bosnia and Herzegovina: Continuity or Change?&#8221; u Berlinu","author":"Branimir Jankovi\u0107","date":"6. srpnja 2026.","format":false,"excerpt":"U sklopu kolokvija \"Themen, Theorien und Forschungsans\u00e4tze in der Geschichte Mittel-\/S\u00fcdosteuropas\" (TTF) koji se odr\u017eava na\u00a0Katedri za povijest jugoisto\u010dne Europe (Chair for Southeast European History) u okviru Odsjeka za povijest Humboldtovog sveu\u010dili\u0161ta u Berlinu, u srijedu, 8. srpnja 2026. u 12:15, doktorandica na doktorskom studiju Moderna i suvremena hrvatska povijest\u2026","rel":"","context":"U &quot;Novosti&quot;","block_context":{"text":"Novosti","link":"https:\/\/historiografija.hr\/?cat=3"},"img":{"alt_text":"","src":"https:\/\/i0.wp.com\/historiografija.hr\/wp-content\/uploads\/2017\/07\/Huberlin-logo_svg.png?fit=1024%2C1024&ssl=1&resize=350%2C200","width":350,"height":200,"srcset":"https:\/\/i0.wp.com\/historiografija.hr\/wp-content\/uploads\/2017\/07\/Huberlin-logo_svg.png?fit=1024%2C1024&ssl=1&resize=350%2C200 1x, https:\/\/i0.wp.com\/historiografija.hr\/wp-content\/uploads\/2017\/07\/Huberlin-logo_svg.png?fit=1024%2C1024&ssl=1&resize=525%2C300 1.5x, https:\/\/i0.wp.com\/historiografija.hr\/wp-content\/uploads\/2017\/07\/Huberlin-logo_svg.png?fit=1024%2C1024&ssl=1&resize=700%2C400 2x"},"classes":[]},{"id":53499,"url":"https:\/\/historiografija.hr\/?p=53499","url_meta":{"origin":33250,"position":1},"title":"NOVI BROJ \u010cASOPISA \u201eREVIEW OF CROATIAN HISTORY\u201c (2025)","author":"Branimir Jankovi\u0107","date":"21. svibnja 2026.","format":false,"excerpt":"Objavljen je novi broj \u010dasopisa \u201eReview of Croatian History\u201c (2025), koji izlazi na engleskom jeziku i u cijelosti je dostupan na portalu hrvatskih znanstvenih i stru\u010dnih \u010dasopisa Hr\u010dak. Op\u0161irnije: https:\/\/hrcak.srce.hr\/broj\/26408","rel":"","context":"U &quot;\u010casopisi&quot;","block_context":{"text":"\u010casopisi","link":"https:\/\/historiografija.hr\/?cat=21"},"img":{"alt_text":"","src":"https:\/\/i0.wp.com\/historiografija.hr\/wp-content\/uploads\/2026\/05\/RCH.jpg?fit=602%2C291&ssl=1&resize=350%2C200","width":350,"height":200,"srcset":"https:\/\/i0.wp.com\/historiografija.hr\/wp-content\/uploads\/2026\/05\/RCH.jpg?fit=602%2C291&ssl=1&resize=350%2C200 1x, https:\/\/i0.wp.com\/historiografija.hr\/wp-content\/uploads\/2026\/05\/RCH.jpg?fit=602%2C291&ssl=1&resize=525%2C300 1.5x"},"classes":[]},{"id":54626,"url":"https:\/\/historiografija.hr\/?p=54626","url_meta":{"origin":33250,"position":2},"title":"Olga Supek, &#8220;A hundred years of bread and wine: The culture, history and economy of a Croatian village&#8221;","author":"Branimir Jankovi\u0107","date":"16. srpnja 2026.","format":false,"excerpt":"U izdanju Instituta za etnologiju i folkloristiku objavljena je 2026. godine e-knjiga A hundred years of bread and wine: The culture, history and economy of a Croatian village autorice Olge Supek. Ova e-knjiga njezina je doktorska disertacija koju je obranila 1982. godine na Sveu\u010dili\u0161tu Michigan u Ann Arboru u Sjedinjenim\u2026","rel":"","context":"U &quot;E-knjige&quot;","block_context":{"text":"E-knjige","link":"https:\/\/historiografija.hr\/?cat=19"},"img":{"alt_text":"","src":"https:\/\/i0.wp.com\/historiografija.hr\/wp-content\/uploads\/2026\/07\/A-hundred-years-of-bread-and-wine.png?fit=647%2C913&ssl=1&resize=350%2C200","width":350,"height":200,"srcset":"https:\/\/i0.wp.com\/historiografija.hr\/wp-content\/uploads\/2026\/07\/A-hundred-years-of-bread-and-wine.png?fit=647%2C913&ssl=1&resize=350%2C200 1x, https:\/\/i0.wp.com\/historiografija.hr\/wp-content\/uploads\/2026\/07\/A-hundred-years-of-bread-and-wine.png?fit=647%2C913&ssl=1&resize=525%2C300 1.5x"},"classes":[]},{"id":52996,"url":"https:\/\/historiografija.hr\/?p=52996","url_meta":{"origin":33250,"position":3},"title":"Nikolina \u017didek, &#8220;The Croatian Diaspora in Argentina&#8221;","author":"Filip \u0160imunjak","date":"8. svibnja 2026.","format":false,"excerpt":"Description Following the collapse of the fascist Independent State of Croatia (1941\u20131945), around 10,000 political \u00e9migr\u00e9s fled to Per\u00f3n\u2019s Argentina. This study traces the Croatian diaspora\u2019s evolution from its founding to the present. Initially marked by trauma \u2013 military defeat, exile, and reprisals\u2014the community redefined its identity within Cold War\u2026","rel":"","context":"U &quot;Knjige&quot;","block_context":{"text":"Knjige","link":"https:\/\/historiografija.hr\/?cat=8"},"img":{"alt_text":"","src":"https:\/\/i0.wp.com\/historiografija.hr\/wp-content\/uploads\/2026\/05\/NIKOLINA-ZIDEK-%E2%80%9ETHE-CROATIAN-DIASPORA-IN-ARGENTINA-scaled.webp?fit=795%2C1200&ssl=1&resize=350%2C200","width":350,"height":200,"srcset":"https:\/\/i0.wp.com\/historiografija.hr\/wp-content\/uploads\/2026\/05\/NIKOLINA-ZIDEK-%E2%80%9ETHE-CROATIAN-DIASPORA-IN-ARGENTINA-scaled.webp?fit=795%2C1200&ssl=1&resize=350%2C200 1x, https:\/\/i0.wp.com\/historiografija.hr\/wp-content\/uploads\/2026\/05\/NIKOLINA-ZIDEK-%E2%80%9ETHE-CROATIAN-DIASPORA-IN-ARGENTINA-scaled.webp?fit=795%2C1200&ssl=1&resize=525%2C300 1.5x, https:\/\/i0.wp.com\/historiografija.hr\/wp-content\/uploads\/2026\/05\/NIKOLINA-ZIDEK-%E2%80%9ETHE-CROATIAN-DIASPORA-IN-ARGENTINA-scaled.webp?fit=795%2C1200&ssl=1&resize=700%2C400 2x"},"classes":[]},{"id":54429,"url":"https:\/\/historiografija.hr\/?p=54429","url_meta":{"origin":33250,"position":4},"title":"CfP: War Veterans in Transition and Post-War Societies","author":"Branimir Jankovi\u0107","date":"2. srpnja 2026.","format":false,"excerpt":"Po\u0161tovane kolegice i kolege, pozivamo sve zainteresirane istra\u017eiva\u010de da dostave sa\u017eetke i sudjeluju na me\u0111unarodnoj konferenciji Ratni veterani u tranziciji u poslijeratnim dru\u0161tvima. Konferencija \u0107e se odr\u017eati u \u010detvrtak, 12. studenog 2026. u Splitu na Filozofskom fakultetu. Cilj ove konferencije je ispitati polo\u017eaj ratnih veterana u poslijeratnim dru\u0161tvima i identificirati\u2026","rel":"","context":"U &quot;Novosti&quot;","block_context":{"text":"Novosti","link":"https:\/\/historiografija.hr\/?cat=3"},"img":{"alt_text":"","src":"https:\/\/i0.wp.com\/historiografija.hr\/wp-content\/uploads\/2026\/07\/CfP-Split.jpg?fit=800%2C593&ssl=1&resize=350%2C200","width":350,"height":200,"srcset":"https:\/\/i0.wp.com\/historiografija.hr\/wp-content\/uploads\/2026\/07\/CfP-Split.jpg?fit=800%2C593&ssl=1&resize=350%2C200 1x, https:\/\/i0.wp.com\/historiografija.hr\/wp-content\/uploads\/2026\/07\/CfP-Split.jpg?fit=800%2C593&ssl=1&resize=525%2C300 1.5x, https:\/\/i0.wp.com\/historiografija.hr\/wp-content\/uploads\/2026\/07\/CfP-Split.jpg?fit=800%2C593&ssl=1&resize=700%2C400 2x"},"classes":[]},{"id":52763,"url":"https:\/\/historiografija.hr\/?p=52763","url_meta":{"origin":33250,"position":5},"title":"Predavanje \u2013 Dalibor \u010cepulo &#8220;The Croatian-Hungarian Settlement of 1868: A Hybrid Framework and Modern Governance&#8221;","author":"Filip \u0160imunjak","date":"30. travnja 2026.","format":false,"excerpt":"Public lecture held by Prof. Dr. Dalibor \u010cepulo (Professor Emeritus at the University of Zagreb) on the occasion of his inauguration as honorary professor of ELTE University.7 May 2026, 16.00, at ELTE Faculty of Law, Faculty Council Room (1053 Budapest, Egyetem t\u00e9r 1-3.) The Croatian\u2013Hungarian Settlement of 1868 established the\u2026","rel":"","context":"U &quot;Novosti&quot;","block_context":{"text":"Novosti","link":"https:\/\/historiografija.hr\/?cat=3"},"img":{"alt_text":"","src":"https:\/\/i0.wp.com\/historiografija.hr\/wp-content\/uploads\/2026\/04\/Snimka-zaslona-2026-04-30-075533.png?fit=1200%2C530&ssl=1&resize=350%2C200","width":350,"height":200,"srcset":"https:\/\/i0.wp.com\/historiografija.hr\/wp-content\/uploads\/2026\/04\/Snimka-zaslona-2026-04-30-075533.png?fit=1200%2C530&ssl=1&resize=350%2C200 1x, https:\/\/i0.wp.com\/historiografija.hr\/wp-content\/uploads\/2026\/04\/Snimka-zaslona-2026-04-30-075533.png?fit=1200%2C530&ssl=1&resize=525%2C300 1.5x, https:\/\/i0.wp.com\/historiografija.hr\/wp-content\/uploads\/2026\/04\/Snimka-zaslona-2026-04-30-075533.png?fit=1200%2C530&ssl=1&resize=700%2C400 2x, https:\/\/i0.wp.com\/historiografija.hr\/wp-content\/uploads\/2026\/04\/Snimka-zaslona-2026-04-30-075533.png?fit=1200%2C530&ssl=1&resize=1050%2C600 3x"},"classes":[]}],"_links":{"self":[{"href":"https:\/\/historiografija.hr\/index.php?rest_route=\/wp\/v2\/posts\/33250","targetHints":{"allow":["GET"]}}],"collection":[{"href":"https:\/\/historiografija.hr\/index.php?rest_route=\/wp\/v2\/posts"}],"about":[{"href":"https:\/\/historiografija.hr\/index.php?rest_route=\/wp\/v2\/types\/post"}],"author":[{"embeddable":true,"href":"https:\/\/historiografija.hr\/index.php?rest_route=\/wp\/v2\/users\/2"}],"replies":[{"embeddable":true,"href":"https:\/\/historiografija.hr\/index.php?rest_route=%2Fwp%2Fv2%2Fcomments&post=33250"}],"version-history":[{"count":4,"href":"https:\/\/historiografija.hr\/index.php?rest_route=\/wp\/v2\/posts\/33250\/revisions"}],"predecessor-version":[{"id":33256,"href":"https:\/\/historiografija.hr\/index.php?rest_route=\/wp\/v2\/posts\/33250\/revisions\/33256"}],"wp:featuredmedia":[{"embeddable":true,"href":"https:\/\/historiografija.hr\/index.php?rest_route=\/wp\/v2\/media\/33252"}],"wp:attachment":[{"href":"https:\/\/historiografija.hr\/index.php?rest_route=%2Fwp%2Fv2%2Fmedia&parent=33250"}],"wp:term":[{"taxonomy":"category","embeddable":true,"href":"https:\/\/historiografija.hr\/index.php?rest_route=%2Fwp%2Fv2%2Fcategories&post=33250"},{"taxonomy":"post_tag","embeddable":true,"href":"https:\/\/historiografija.hr\/index.php?rest_route=%2Fwp%2Fv2%2Ftags&post=33250"}],"curies":[{"name":"wp","href":"https:\/\/api.w.org\/{rel}","templated":true}]}}