{"id":33237,"date":"2022-11-04T22:26:06","date_gmt":"2022-11-04T22:26:06","guid":{"rendered":"http:\/\/historiografija.hr\/?p=33237"},"modified":"2022-11-04T22:26:06","modified_gmt":"2022-11-04T22:26:06","slug":"konferencija-demokratski-socijalizam-jugoslovensko-iskustvo-i-savremena-promisljanja-yugolab","status":"publish","type":"post","link":"https:\/\/historiografija.hr\/?p=33237","title":{"rendered":"[Konferencija] Demokratski socijalizam: jugoslovensko iskustvo i savremena promi\u0161ljanja (YugoLab)"},"content":{"rendered":"\n<p>Povodom 50 godina od poraza i politi\u010dkog sloma reformskog partijskog rukovodstva u Srbiji (1972-2022) koji su reprezentovali Ko\u010da Popovi\u0107, Marko Nikezi\u0107, Latinka Perovi\u0107, Mirko Tepavac i dr., Laboratorija za istra\u017eivanje socijalizma i (post)jugoslovenske studije (YugoLab), Instituta za filozofiju i dru\u0161tvenu teoriju Univerziteta u Beogradu, organizuje 7. novembra 2022. nau\u010dnu konferenciju: <em>Demokratski socijalizam: jugoslovensko iskustvo i savremena promi\u0161ljanja<\/em>.<\/p>\n\n\n\n<p>Uz veliki broj nau\u010dnika i istra\u017eiva\u010da iz razli\u010ditih dru\u0161tveno-humanisti\u010dkih disciplina iz Srbije, Hrvatske, Slovenije, Bosne i Hercegovine i Makedonije, konferencija bi imala za cilj da ponudi nove uvide, istorijske i savremene, u glavne osobenosti ideje demokratskog socijalizma. Iz istorijske perspektive, jugoslovensko iskustvo pru\u017ea dragoceno saznanje o izgradnji socijalisti\u010dke alternative koja je \u010dinila temeljni okvir jugoslovenskog dru\u0161tva. Ideje jugoslovenskog demokratskog (samoupravnog) socijalizma imale su \u0161iroku globalnu rezonancu, \u010dine\u0107i osnovni stub jugoslovenskog me\u0111unarodnog presti\u017ea i anga\u017emana.<\/p>\n\n\n\n<p>Imaju\u0107i to u vidu, konferencija \u0107e sagledati sve bitne fenomene jugoslovenskog socijalizma od 1948. godine: stalne tendencije njegovih reformi u poku\u0161aju dru\u0161tvene, politi\u010dke i ekonomske demokratizacije, sa ciljem odr\u017eivosti i progresa specifi\u010dnog jugoslovenskog puta. Konferencija ima intenciju da odgovori na nezaobilazna pitanja, kao \u0161to su rezultati jugoslovenske demokratske transformacije, saznanja o mogu\u0107nostima i ograni\u010denjima demokratskog socijalizma u Jugoslaviji, njegove efekte, ishodi\u0161ta i nasle\u0111e. Tako\u0111e, konferencija bi posvetila pa\u017enju savremenim globalnim tendencijama demokratskog socijalizma, ogledima o aktuelnosti i primenjivosti njegove ideje u hegemonom neoliberalnom svetonazoru.<\/p>\n\n\n\n<p><a rel=\"noreferrer noopener\" href=\"https:\/\/ifdt.bg.ac.rs\/wp-content\/uploads\/2022\/10\/Knjiga-apstrakata-i-program.pdf\" target=\"_blank\"><strong><em>Knjiga apstrakata i program<\/em><\/strong><\/a><\/p>\n\n\n\n<hr class=\"wp-block-separator\"\/>\n\n\n\n<p>7. nov, 10:00 CET, IFDT\/online<\/p>\n\n\n\n<p>ZOOM link<\/p>\n\n\n\n<hr class=\"wp-block-separator\"\/>\n\n\n\n<p>Izvor:<\/p>\n\n\n\n<p><a href=\"https:\/\/ifdt.bg.ac.rs\/index.php\/events\/demokratski-socijalizam-jugoslovensko-iskustvo-i-savremena-promisljanja\/\">https:\/\/ifdt.bg.ac.rs\/index.php\/events\/demokratski-socijalizam-jugoslovensko-iskustvo-i-savremena-promisljanja\/<\/a><\/p>\n\n\n\n<hr class=\"wp-block-separator\"\/>\n\n\n\n<p>Obavijest je prenesena i na portalu <strong>Historiografija.ba<\/strong>:<\/p>\n\n\n\n<p><a href=\"https:\/\/historiografija.ba\/article.php?id=1495\">https:\/\/historiografija.ba\/article.php?id=1495<\/a><\/p>\n\n\n\n<hr class=\"wp-block-separator\"\/>\n","protected":false},"excerpt":{"rendered":"","protected":false},"author":2,"featured_media":33238,"comment_status":"open","ping_status":"open","sticky":false,"template":"","format":"standard","meta":{"_acf_changed":false,"_jetpack_newsletter_access":"","_jetpack_dont_email_post_to_subs":false,"_jetpack_newsletter_tier_id":0,"_jetpack_memberships_contains_paywalled_content":false,"_jetpack_memberships_contains_paid_content":false,"footnotes":"","jetpack_publicize_message":"","jetpack_publicize_feature_enabled":true,"jetpack_social_post_already_shared":true,"jetpack_social_options":{"image_generator_settings":{"template":"highway","default_image_id":0,"font":"","enabled":false},"version":2},"jetpack_post_was_ever_published":false},"categories":[3,9],"tags":[],"class_list":["post-33237","post","type-post","status-publish","format-standard","has-post-thumbnail","hentry","category-novosti","category-skupovi"],"acf":{"facebook_opis":""},"jetpack_publicize_connections":[],"jetpack_featured_media_url":"https:\/\/i0.wp.com\/historiografija.hr\/wp-content\/uploads\/2022\/11\/Plakat-scaled.jpg?fit=1810%2C2560&ssl=1","jetpack_sharing_enabled":true,"jetpack-related-posts":[{"id":54081,"url":"https:\/\/historiografija.hr\/?p=54081","url_meta":{"origin":33237,"position":0},"title":"Promocija knjige Ankice \u010cakardi\u0107 &#8220;Dionizijski socijalizam Praksis \u0161kole&#8221;","author":"Branimir Jankovi\u0107","date":"15. lipnja 2026.","format":false,"excerpt":"Utorak, 16. lipnja 2026. u 19:00 sati Knji\u017eara Fraktura (Ulica kneza Mislava 17, Zagreb) Sudjeluju: Ankica \u010cakardi\u0107, Nade\u017eda \u010ca\u010dinovi\u010d, Ana Maskalan Moderira: Roman Simi\u0107 Studija Dionizijski socijalizam Praksis \u0161kole Ankice \u010cakardi\u0107 po mnogo\u010demu je pionirski pothvat \u2013 prva detaljna rekonstrukcija jednoga od najuzbudljivijih poglavlja intelektualne povijesti socijalizma. No istinski novum\u2026","rel":"","context":"U &quot;Novosti&quot;","block_context":{"text":"Novosti","link":"https:\/\/historiografija.hr\/?cat=3"},"img":{"alt_text":"","src":"https:\/\/i0.wp.com\/historiografija.hr\/wp-content\/uploads\/2026\/06\/dionizijski-socijalizam-praksis-skole-ankica-cakardic.jpg?fit=768%2C662&ssl=1&resize=350%2C200","width":350,"height":200,"srcset":"https:\/\/i0.wp.com\/historiografija.hr\/wp-content\/uploads\/2026\/06\/dionizijski-socijalizam-praksis-skole-ankica-cakardic.jpg?fit=768%2C662&ssl=1&resize=350%2C200 1x, https:\/\/i0.wp.com\/historiografija.hr\/wp-content\/uploads\/2026\/06\/dionizijski-socijalizam-praksis-skole-ankica-cakardic.jpg?fit=768%2C662&ssl=1&resize=525%2C300 1.5x, https:\/\/i0.wp.com\/historiografija.hr\/wp-content\/uploads\/2026\/06\/dionizijski-socijalizam-praksis-skole-ankica-cakardic.jpg?fit=768%2C662&ssl=1&resize=700%2C400 2x"},"classes":[]},{"id":54532,"url":"https:\/\/historiografija.hr\/?p=54532","url_meta":{"origin":33237,"position":1},"title":"Objavljen prvi broj \u010dasopisa &#8220;Savremena istorija&#8221;","author":"Branimir Jankovi\u0107","date":"9. srpnja 2026.","format":false,"excerpt":"U izdanju Instituta za savremenu istoriju iz Beograda objavljen je prvi broj novopokrenutog \u010dasopisa Savremena istorija. Cjelokupni broj dostupan je na web-stranici \u010dasopisa: https:\/\/savremenaistorija.rs\/god-1-br-1-2026\/ Informacije o \u010dasopisu dostupne su i na dru\u0161tvenim mre\u017eama: Facebook Instagram Obavijest o \u010dasopisu objavljena je i na portalu Historiografija.ba: https:\/\/historiografija.ba\/casopisi\/jugoistocna-evropa\/prvi-broj-casopisa-savremena-istorija","rel":"","context":"U &quot;\u010casopisi&quot;","block_context":{"text":"\u010casopisi","link":"https:\/\/historiografija.hr\/?cat=21"},"img":{"alt_text":"","src":"https:\/\/i0.wp.com\/historiografija.hr\/wp-content\/uploads\/2026\/07\/savremena-istorija.jpg?fit=550%2C518&ssl=1&resize=350%2C200","width":350,"height":200,"srcset":"https:\/\/i0.wp.com\/historiografija.hr\/wp-content\/uploads\/2026\/07\/savremena-istorija.jpg?fit=550%2C518&ssl=1&resize=350%2C200 1x, https:\/\/i0.wp.com\/historiografija.hr\/wp-content\/uploads\/2026\/07\/savremena-istorija.jpg?fit=550%2C518&ssl=1&resize=525%2C300 1.5x"},"classes":[]},{"id":52148,"url":"https:\/\/historiografija.hr\/?p=52148","url_meta":{"origin":33237,"position":2},"title":"Poziv za prijavu na me\u0111unarodnu znanstvenu konferenciju \u201eGranice (ne)slobode: Zadarski krug 1966. Intelektualna opozicija u totalitarnom dru\u0161tvu\u201c","author":"Branimir Jankovi\u0107","date":"27. o\u017eujka 2026.","format":false,"excerpt":"\u00a0\u00a0\u00a0\u00a0 Povodom \u0161ezdesete obljetnice poku\u0161aja osnivanja \u010dasopisa Slobodan glas u Zadru 1966. godine, pozivamo vas na znanstvenu konferenciju posve\u0107enu istra\u017eivanju disidentstva, intelektualne opozicije i granica divergentnog mi\u0161ljenja nasuprot slu\u017ebenoj ideologiji u komunisti\u010dkoj Jugoslaviji. Ideja konferencije je analizirati konkretan fenomen zadarskog slu\u010daja razloge i okolnosti njegove pojave, ali uz otvaranje komparativnih\u2026","rel":"","context":"U &quot;Novosti&quot;","block_context":{"text":"Novosti","link":"https:\/\/historiografija.hr\/?cat=3"},"img":{"alt_text":"","src":"https:\/\/i0.wp.com\/historiografija.hr\/wp-content\/uploads\/2026\/03\/Poziv-konferencija-Zadar.jpg?fit=1200%2C509&ssl=1&resize=350%2C200","width":350,"height":200,"srcset":"https:\/\/i0.wp.com\/historiografija.hr\/wp-content\/uploads\/2026\/03\/Poziv-konferencija-Zadar.jpg?fit=1200%2C509&ssl=1&resize=350%2C200 1x, https:\/\/i0.wp.com\/historiografija.hr\/wp-content\/uploads\/2026\/03\/Poziv-konferencija-Zadar.jpg?fit=1200%2C509&ssl=1&resize=525%2C300 1.5x, https:\/\/i0.wp.com\/historiografija.hr\/wp-content\/uploads\/2026\/03\/Poziv-konferencija-Zadar.jpg?fit=1200%2C509&ssl=1&resize=700%2C400 2x, https:\/\/i0.wp.com\/historiografija.hr\/wp-content\/uploads\/2026\/03\/Poziv-konferencija-Zadar.jpg?fit=1200%2C509&ssl=1&resize=1050%2C600 3x"},"classes":[]},{"id":53893,"url":"https:\/\/historiografija.hr\/?p=53893","url_meta":{"origin":33237,"position":3},"title":"Poziv na sudjelovanje: Otkrivanje Dalmacije XII","author":"Branimir Jankovi\u0107","date":"1. lipnja 2026.","format":false,"excerpt":"Institut za povijest umjetnosti \u2013 Centar Cvito Fiskovi\u0107 u Splitu poziva vas na sudjelovanje na me\u0111unarodnom znanstvenom skupu koji se organizira u sklopu tjedna znanstvenih i stru\u010dnih doga\u0111anja OTKRIVANJE DALMACIJE XII Putopisni crte\u017e \/ Otoci u putopisima Muzej grada Splita, Split, 12. \u2013 14. studenoga 2026. >>> POZIV Putopisi predstavljaju\u2026","rel":"","context":"U &quot;Novosti&quot;","block_context":{"text":"Novosti","link":"https:\/\/historiografija.hr\/?cat=3"},"img":{"alt_text":"","src":"https:\/\/i0.wp.com\/historiografija.hr\/wp-content\/uploads\/2026\/06\/discovering-dalmatia-xii-cfp.jpg?fit=900%2C563&ssl=1&resize=350%2C200","width":350,"height":200,"srcset":"https:\/\/i0.wp.com\/historiografija.hr\/wp-content\/uploads\/2026\/06\/discovering-dalmatia-xii-cfp.jpg?fit=900%2C563&ssl=1&resize=350%2C200 1x, https:\/\/i0.wp.com\/historiografija.hr\/wp-content\/uploads\/2026\/06\/discovering-dalmatia-xii-cfp.jpg?fit=900%2C563&ssl=1&resize=525%2C300 1.5x, https:\/\/i0.wp.com\/historiografija.hr\/wp-content\/uploads\/2026\/06\/discovering-dalmatia-xii-cfp.jpg?fit=900%2C563&ssl=1&resize=700%2C400 2x"},"classes":[]},{"id":53752,"url":"https:\/\/historiografija.hr\/?p=53752","url_meta":{"origin":33237,"position":4},"title":"RAZGOVOR O KNJIZI I ZATVARANJE IZLO\u017dBE: Dejan Kr\u0161i\u0107: Zaludni neimar i slijepa mrlja ideologije \u2014 Povodom partizanskih nekropola Bogdana Bogdanovi\u0107a","author":"Branimir Jankovi\u0107","date":"26. svibnja 2026.","format":false,"excerpt":"sudjeluju: Boris Buden, Ana Devi\u0107, Marko Golub moderira: \u0110ur\u0111ica \u0106ili\u0107 Na Dan dr\u017eavnosti, u subotu 30.5. od 12 sati u KIC-u odr\u017eat \u0107e se finissage izlo\u017ebe Dizajn, socijalizam, modernizam i promocija knjige Dejana Kr\u0161i\u0107a Zaludni neimar i slijepa mrlja ideologije: Povodom partizanskih nekropola Bogdana Bogdanovi\u0107a, objavljene u izdanju Udruge Bijeli\u2026","rel":"","context":"U &quot;Izlo\u017ebe&quot;","block_context":{"text":"Izlo\u017ebe","link":"https:\/\/historiografija.hr\/?cat=10"},"img":{"alt_text":"","src":"https:\/\/i0.wp.com\/historiografija.hr\/wp-content\/uploads\/2026\/05\/2026-Zaludni-neimar-cover.jpeg?fit=735%2C534&ssl=1&resize=350%2C200","width":350,"height":200,"srcset":"https:\/\/i0.wp.com\/historiografija.hr\/wp-content\/uploads\/2026\/05\/2026-Zaludni-neimar-cover.jpeg?fit=735%2C534&ssl=1&resize=350%2C200 1x, https:\/\/i0.wp.com\/historiografija.hr\/wp-content\/uploads\/2026\/05\/2026-Zaludni-neimar-cover.jpeg?fit=735%2C534&ssl=1&resize=525%2C300 1.5x, https:\/\/i0.wp.com\/historiografija.hr\/wp-content\/uploads\/2026\/05\/2026-Zaludni-neimar-cover.jpeg?fit=735%2C534&ssl=1&resize=700%2C400 2x"},"classes":[]},{"id":53880,"url":"https:\/\/historiografija.hr\/?p=53880","url_meta":{"origin":33237,"position":5},"title":"FIUME o MORTE u Knji\u017enici Filozofskog fakulteta u Zagrebu i razgovor s autorom","author":"Branimir Jankovi\u0107","date":"1. lipnja 2026.","format":false,"excerpt":"U srijedu, 3. lipnja 2026.\u00a0u\u00a016 sati\u00a0u Konferencijskoj dvorani na 2. katu Knji\u017enice Filozofskog fakulteta u Zagrebu pozvani ste na projekciju\u00a0dokumentarnog filma Fiume\u00a0o Morte, najgledanijeg hrvatskog dokumentarnog filma u kinima od stjecanja neovisnosti\u00a0koji govori o okupaciji Rijeke \u00a0u trajanju 16 mjeseci\u00a01919. godine pod vodstvom talijanskog pjesnika i vojskovo\u0111e\u00a0Gabrielea\u00a0D\u2019Annunzia.\u00a0 Film je osvojio\u2026","rel":"","context":"U &quot;Filmovi i serije&quot;","block_context":{"text":"Filmovi i serije","link":"https:\/\/historiografija.hr\/?cat=13"},"img":{"alt_text":"","src":"https:\/\/i0.wp.com\/historiografija.hr\/wp-content\/uploads\/2026\/06\/Skriptinar_Bezinovic.jpg?fit=960%2C540&ssl=1&resize=350%2C200","width":350,"height":200,"srcset":"https:\/\/i0.wp.com\/historiografija.hr\/wp-content\/uploads\/2026\/06\/Skriptinar_Bezinovic.jpg?fit=960%2C540&ssl=1&resize=350%2C200 1x, https:\/\/i0.wp.com\/historiografija.hr\/wp-content\/uploads\/2026\/06\/Skriptinar_Bezinovic.jpg?fit=960%2C540&ssl=1&resize=525%2C300 1.5x, https:\/\/i0.wp.com\/historiografija.hr\/wp-content\/uploads\/2026\/06\/Skriptinar_Bezinovic.jpg?fit=960%2C540&ssl=1&resize=700%2C400 2x"},"classes":[]}],"_links":{"self":[{"href":"https:\/\/historiografija.hr\/index.php?rest_route=\/wp\/v2\/posts\/33237","targetHints":{"allow":["GET"]}}],"collection":[{"href":"https:\/\/historiografija.hr\/index.php?rest_route=\/wp\/v2\/posts"}],"about":[{"href":"https:\/\/historiografija.hr\/index.php?rest_route=\/wp\/v2\/types\/post"}],"author":[{"embeddable":true,"href":"https:\/\/historiografija.hr\/index.php?rest_route=\/wp\/v2\/users\/2"}],"replies":[{"embeddable":true,"href":"https:\/\/historiografija.hr\/index.php?rest_route=%2Fwp%2Fv2%2Fcomments&post=33237"}],"version-history":[{"count":1,"href":"https:\/\/historiografija.hr\/index.php?rest_route=\/wp\/v2\/posts\/33237\/revisions"}],"predecessor-version":[{"id":33239,"href":"https:\/\/historiografija.hr\/index.php?rest_route=\/wp\/v2\/posts\/33237\/revisions\/33239"}],"wp:featuredmedia":[{"embeddable":true,"href":"https:\/\/historiografija.hr\/index.php?rest_route=\/wp\/v2\/media\/33238"}],"wp:attachment":[{"href":"https:\/\/historiografija.hr\/index.php?rest_route=%2Fwp%2Fv2%2Fmedia&parent=33237"}],"wp:term":[{"taxonomy":"category","embeddable":true,"href":"https:\/\/historiografija.hr\/index.php?rest_route=%2Fwp%2Fv2%2Fcategories&post=33237"},{"taxonomy":"post_tag","embeddable":true,"href":"https:\/\/historiografija.hr\/index.php?rest_route=%2Fwp%2Fv2%2Ftags&post=33237"}],"curies":[{"name":"wp","href":"https:\/\/api.w.org\/{rel}","templated":true}]}}