{"id":33211,"date":"2022-11-03T22:39:31","date_gmt":"2022-11-03T22:39:31","guid":{"rendered":"http:\/\/historiografija.hr\/?p=33211"},"modified":"2022-11-07T12:11:37","modified_gmt":"2022-11-07T12:11:37","slug":"lidija-barisic-bogisic-o-neslavenskom-stanovnistvu-na-vukovarskom-podrucju","status":"publish","type":"post","link":"https:\/\/historiografija.hr\/?p=33211","title":{"rendered":"Lidija Bari\u0161i\u0107 Bogi\u0161i\u0107, \u201eO neslavenskom stanovni\u0161tvu na vukovarskom podru\u010dju\u201c"},"content":{"rendered":"\n<p>U dosada\u0161njoj historiografiji posve\u0107enoj vukovarskom podru\u010dju naglasak je uglavnom stavljen na povijest dviju najbrojnijih etni\u010dkih zajednica \u2013 hrvatske i srpske. U ovoj se knjizi autorica usmjerila prema analizi polo\u017eaja manjinskih neslavenskih etni\u010dkih zajednica nakon stvaranja jugoslavenske dr\u017eave i gubitka konstitutivnosti. Ta je promjena imala dalekose\u017ene politi\u010dke, gospodarske i socijalne posljedice. Knjiga je ponajprije namijenjena nastavnicima, u\u010denicima i studentima povijesti, ali i \u0161iroj javnosti zainteresiranoj za povijest Vukovarsko-srijemske \u017eupanije, povijest Slavonije i za hrvatsku povijest 20. stolje\u0107a. Podaci koje je autorica prezentirala, nezaobilazan su uvid u sva druga relevantna istra\u017eivanja ovoga podru\u010dja.<\/p>\n\n\n\n<p>***<\/p>\n\n\n\n<p>Knjiga \u0107e biti zanimljiva \u0161iroj stru\u010dnoj javnosti koja se bavi povije\u0161\u0107u Vukovara i okolice, histori\u010darima i istra\u017eiva\u010dima srodnih znanosti, ali i \u0161iroj javnosti kojoj je ovaj aspekt vukovarske i isto\u010dnoslavonske povijesti slabije poznat. U svim tekstovima autorica se bavi onim \u0161to se naziva \u201evukovarski multikulturalizam\u201c, ali kao interkulturalnim dru\u0161tvom u trajnoj transkulturalnoj razmjeni. Uvr\u0161tavanjem tekstova o ekonomskoj strukturi stanovni\u0161tva autorica pokazuje da je ekonomska orijentacija stanovni\u0161tva \u0161irega vukovarskog podru\u010dja uveliko odre\u0111ivala njihove politi\u010dke preference, odnosno sklonost socijaldemokratskim i komunisti\u010dkim idejama bez obzira na nacionalnu ili vjersku pripadnost.<\/p>\n\n\n\n<hr class=\"wp-block-separator\"\/>\n\n\n\n<p>Iz recenzija prof. dr. sc. Bo\u017eene Vranje\u0161-\u0160oljan i prof. dr. sc. Ive Goldsteina<\/p>\n\n\n\n<hr class=\"wp-block-separator\"\/>\n\n\n\n<p>Izdava\u010d: Hrvatska sveu\u010dili\u0161na naklada d.o.o.<\/p>\n\n\n\n<p>Godina izdavanja: 2022<\/p>\n\n\n\n<p>Op\u0107e informacije: 332 str.<\/p>\n\n\n\n<hr class=\"wp-block-separator\"\/>\n\n\n\n<figure class=\"wp-block-image size-large\"><img data-recalc-dims=\"1\" loading=\"lazy\" decoding=\"async\" width=\"522\" height=\"739\" data-attachment-id=\"33212\" data-permalink=\"https:\/\/historiografija.hr\/?attachment_id=33212\" data-orig-file=\"https:\/\/i0.wp.com\/historiografija.hr\/wp-content\/uploads\/2022\/11\/Barisic-Bogisic.png?fit=522%2C739&amp;ssl=1\" data-orig-size=\"522,739\" data-comments-opened=\"1\" data-image-meta=\"{&quot;aperture&quot;:&quot;0&quot;,&quot;credit&quot;:&quot;&quot;,&quot;camera&quot;:&quot;&quot;,&quot;caption&quot;:&quot;&quot;,&quot;created_timestamp&quot;:&quot;0&quot;,&quot;copyright&quot;:&quot;&quot;,&quot;focal_length&quot;:&quot;0&quot;,&quot;iso&quot;:&quot;0&quot;,&quot;shutter_speed&quot;:&quot;0&quot;,&quot;title&quot;:&quot;&quot;,&quot;orientation&quot;:&quot;0&quot;}\" data-image-title=\"Barisic Bogisic\" data-image-description=\"\" data-image-caption=\"\" data-large-file=\"https:\/\/i0.wp.com\/historiografija.hr\/wp-content\/uploads\/2022\/11\/Barisic-Bogisic.png?fit=522%2C739&amp;ssl=1\" src=\"https:\/\/i0.wp.com\/historiografija.hr\/wp-content\/uploads\/2022\/11\/Barisic-Bogisic.png?resize=522%2C739&#038;ssl=1\" alt=\"\" class=\"wp-image-33212\" srcset=\"https:\/\/i0.wp.com\/historiografija.hr\/wp-content\/uploads\/2022\/11\/Barisic-Bogisic.png?w=522&amp;ssl=1 522w, https:\/\/i0.wp.com\/historiografija.hr\/wp-content\/uploads\/2022\/11\/Barisic-Bogisic.png?resize=212%2C300&amp;ssl=1 212w\" sizes=\"auto, (max-width: 522px) 100vw, 522px\" \/><\/figure>\n\n\n\n<hr class=\"wp-block-separator\"\/>\n\n\n\n<p>Izvor:<\/p>\n\n\n\n<p><a href=\"https:\/\/www.hsn.hr\/product\/1552\/o-neslavenskom-stanovnistvu-na-vukovarskom-podrucju\">https:\/\/www.hsn.hr\/product\/1552\/o-neslavenskom-stanovnistvu-na-vukovarskom-podrucju<\/a><\/p>\n\n\n\n<hr class=\"wp-block-separator\"\/>\n","protected":false},"excerpt":{"rendered":"","protected":false},"author":2,"featured_media":33212,"comment_status":"open","ping_status":"open","sticky":false,"template":"","format":"standard","meta":{"_acf_changed":false,"jetpack_post_was_ever_published":false,"_jetpack_newsletter_access":"","_jetpack_dont_email_post_to_subs":false,"_jetpack_newsletter_tier_id":0,"_jetpack_memberships_contains_paywalled_content":false,"_jetpack_memberships_contains_paid_content":false,"footnotes":"","jetpack_publicize_message":"","jetpack_publicize_feature_enabled":true,"jetpack_social_post_already_shared":true,"jetpack_social_options":{"image_generator_settings":{"template":"highway","default_image_id":0,"font":"","enabled":false},"version":2}},"categories":[8,3],"tags":[],"class_list":["post-33211","post","type-post","status-publish","format-standard","has-post-thumbnail","hentry","category-knjige","category-novosti"],"acf":{"facebook_opis":""},"jetpack_publicize_connections":[],"jetpack_featured_media_url":"https:\/\/i0.wp.com\/historiografija.hr\/wp-content\/uploads\/2022\/11\/Barisic-Bogisic.png?fit=522%2C739&ssl=1","jetpack_sharing_enabled":true,"jetpack-related-posts":[],"_links":{"self":[{"href":"https:\/\/historiografija.hr\/index.php?rest_route=\/wp\/v2\/posts\/33211","targetHints":{"allow":["GET"]}}],"collection":[{"href":"https:\/\/historiografija.hr\/index.php?rest_route=\/wp\/v2\/posts"}],"about":[{"href":"https:\/\/historiografija.hr\/index.php?rest_route=\/wp\/v2\/types\/post"}],"author":[{"embeddable":true,"href":"https:\/\/historiografija.hr\/index.php?rest_route=\/wp\/v2\/users\/2"}],"replies":[{"embeddable":true,"href":"https:\/\/historiografija.hr\/index.php?rest_route=%2Fwp%2Fv2%2Fcomments&post=33211"}],"version-history":[{"count":3,"href":"https:\/\/historiografija.hr\/index.php?rest_route=\/wp\/v2\/posts\/33211\/revisions"}],"predecessor-version":[{"id":33287,"href":"https:\/\/historiografija.hr\/index.php?rest_route=\/wp\/v2\/posts\/33211\/revisions\/33287"}],"wp:featuredmedia":[{"embeddable":true,"href":"https:\/\/historiografija.hr\/index.php?rest_route=\/wp\/v2\/media\/33212"}],"wp:attachment":[{"href":"https:\/\/historiografija.hr\/index.php?rest_route=%2Fwp%2Fv2%2Fmedia&parent=33211"}],"wp:term":[{"taxonomy":"category","embeddable":true,"href":"https:\/\/historiografija.hr\/index.php?rest_route=%2Fwp%2Fv2%2Fcategories&post=33211"},{"taxonomy":"post_tag","embeddable":true,"href":"https:\/\/historiografija.hr\/index.php?rest_route=%2Fwp%2Fv2%2Ftags&post=33211"}],"curies":[{"name":"wp","href":"https:\/\/api.w.org\/{rel}","templated":true}]}}