{"id":33196,"date":"2022-11-02T21:14:29","date_gmt":"2022-11-02T21:14:29","guid":{"rendered":"http:\/\/historiografija.hr\/?p=33196"},"modified":"2022-11-02T21:15:17","modified_gmt":"2022-11-02T21:15:17","slug":"izlozba-duro-dakovic-portreti-rada","status":"publish","type":"post","link":"https:\/\/historiografija.hr\/?p=33196","title":{"rendered":"Izlo\u017eba \u201e\u0110uro \u0110akovi\u0107 \u2013 Portreti rada\u201c"},"content":{"rendered":"\n<p>Tehni\u010dki muzej Nikola Tesla u Zagrebu, 4. studenog 2022. godine<\/p>\n\n\n\n<p>U Tehni\u010dkom muzeju Nikola Tesla u Zagrebu, 4. studenog 2022. otvorit \u0107e se izlo\u017eba pod naslovom \u201e\u0110uro \u0110akovi\u0107 \u2013 Portreti rada\u201c. Selekciju portreta radnica te fotografija iz Muzeja Brodskog Posavlja za izlo\u017ebu pripremile su dr. sc. Ana Rajkovi\u0107 Peji\u0107 (Hrvatski institut za povijest \u2013 Podru\u017enica za povijest Slavonije, Srijema i Baranje) i Ur\u0161ula Be\u0161li\u0107 (Muzej Brodskog Posavlja).<br>Izlo\u017eba obuhva\u0107a promid\u017ebene fotografije iz tvorni\u010dkih pogona te portrete radnica iz tvorni\u010dkog lista.<br>Izlo\u017eba pru\u017ea uvid u dva paralelna procesa, pa s jedne strane prikazuje razvoj \u201cte\u0161ke\u201d industrije, a s druge strane prikazuje procese emancipacije \u017eena u tzv. \u201cmu\u0161kom\u201d podru\u010dju kroz prikaz radnica kao gloda\u010dica, zavariva\u010dica, itd.<\/p>\n\n\n\n<p>Izlo\u017eba \u0107e biti otvorena od 31. sije\u010dnja 2023. godine.<\/p>\n\n\n\n<hr class=\"wp-block-separator\"\/>\n\n\n\n<p>Izvor:<\/p>\n\n\n\n<figure class=\"wp-block-embed-wordpress wp-block-embed is-type-wp-embed is-provider-hrvatski-institut-za-povijest\"><div class=\"wp-block-embed__wrapper\">\n<blockquote class=\"wp-embedded-content\" data-secret=\"O3Z7ltTAwy\"><a href=\"https:\/\/hipsb.hr\/najava-izlozba-duro-dakovic-portreti-rada\/\">NAJAVA: Izlo\u017eba \u201e\u0110uro \u0110akovi\u0107 \u2013 Portreti rada\u201c<\/a><\/blockquote><iframe loading=\"lazy\" class=\"wp-embedded-content\" sandbox=\"allow-scripts\" security=\"restricted\" style=\"position: absolute; clip: rect(1px, 1px, 1px, 1px);\" title=\"&#8220;NAJAVA: Izlo\u017eba \u201e\u0110uro \u0110akovi\u0107 \u2013 Portreti rada\u201c&#8221; &#8212; Hrvatski institut za povijest\" src=\"https:\/\/hipsb.hr\/najava-izlozba-duro-dakovic-portreti-rada\/embed\/#?secret=O3Z7ltTAwy\" data-secret=\"O3Z7ltTAwy\" width=\"600\" height=\"338\" frameborder=\"0\" marginwidth=\"0\" marginheight=\"0\" scrolling=\"no\"><\/iframe>\n<\/div><\/figure>\n\n\n\n<hr class=\"wp-block-separator\"\/>\n\n\n\n<p><strong>Dodatne informacije:<\/strong><\/p>\n\n\n\n<p><a href=\"https:\/\/tmnt.hr\/izlozba?id=8372\">https:\/\/tmnt.hr\/izlozba?id=8372<\/a><\/p>\n\n\n\n<hr class=\"wp-block-separator\"\/>\n","protected":false},"excerpt":{"rendered":"","protected":false},"author":2,"featured_media":33197,"comment_status":"open","ping_status":"open","sticky":false,"template":"","format":"standard","meta":{"_acf_changed":false,"jetpack_post_was_ever_published":false,"_jetpack_newsletter_access":"","_jetpack_dont_email_post_to_subs":false,"_jetpack_newsletter_tier_id":0,"_jetpack_memberships_contains_paywalled_content":false,"_jetpack_memberships_contains_paid_content":false,"footnotes":"","jetpack_publicize_message":"","jetpack_publicize_feature_enabled":true,"jetpack_social_post_already_shared":true,"jetpack_social_options":{"image_generator_settings":{"template":"highway","default_image_id":0,"font":"","enabled":false},"version":2}},"categories":[10,3],"tags":[],"class_list":["post-33196","post","type-post","status-publish","format-standard","has-post-thumbnail","hentry","category-izlozbe","category-novosti"],"acf":{"facebook_opis":""},"jetpack_publicize_connections":[],"jetpack_featured_media_url":"https:\/\/i0.wp.com\/historiografija.hr\/wp-content\/uploads\/2022\/11\/Pozivnica-DJURO-DJAKOVIC.jpg?fit=768%2C768&ssl=1","jetpack_sharing_enabled":true,"jetpack-related-posts":[],"_links":{"self":[{"href":"https:\/\/historiografija.hr\/index.php?rest_route=\/wp\/v2\/posts\/33196","targetHints":{"allow":["GET"]}}],"collection":[{"href":"https:\/\/historiografija.hr\/index.php?rest_route=\/wp\/v2\/posts"}],"about":[{"href":"https:\/\/historiografija.hr\/index.php?rest_route=\/wp\/v2\/types\/post"}],"author":[{"embeddable":true,"href":"https:\/\/historiografija.hr\/index.php?rest_route=\/wp\/v2\/users\/2"}],"replies":[{"embeddable":true,"href":"https:\/\/historiografija.hr\/index.php?rest_route=%2Fwp%2Fv2%2Fcomments&post=33196"}],"version-history":[{"count":2,"href":"https:\/\/historiografija.hr\/index.php?rest_route=\/wp\/v2\/posts\/33196\/revisions"}],"predecessor-version":[{"id":33199,"href":"https:\/\/historiografija.hr\/index.php?rest_route=\/wp\/v2\/posts\/33196\/revisions\/33199"}],"wp:featuredmedia":[{"embeddable":true,"href":"https:\/\/historiografija.hr\/index.php?rest_route=\/wp\/v2\/media\/33197"}],"wp:attachment":[{"href":"https:\/\/historiografija.hr\/index.php?rest_route=%2Fwp%2Fv2%2Fmedia&parent=33196"}],"wp:term":[{"taxonomy":"category","embeddable":true,"href":"https:\/\/historiografija.hr\/index.php?rest_route=%2Fwp%2Fv2%2Fcategories&post=33196"},{"taxonomy":"post_tag","embeddable":true,"href":"https:\/\/historiografija.hr\/index.php?rest_route=%2Fwp%2Fv2%2Ftags&post=33196"}],"curies":[{"name":"wp","href":"https:\/\/api.w.org\/{rel}","templated":true}]}}