{"id":33191,"date":"2022-11-02T20:57:46","date_gmt":"2022-11-02T20:57:46","guid":{"rendered":"http:\/\/historiografija.hr\/?p=33191"},"modified":"2022-11-02T20:57:46","modified_gmt":"2022-11-02T20:57:46","slug":"ies-beograd-predavanje-rogera-griffina-marciare-e-marcire-a-dekatych-of-the-marches-proliferating-from-28-october-1922-in-rome","status":"publish","type":"post","link":"https:\/\/historiografija.hr\/?p=33191","title":{"rendered":"IES (Beograd) \u2013 predavanje Rogera Griffina \u201eMarciare e marcire\u201c: a \u201cdekatych\u201d of the marches proliferating from 28 October 1922 in Rome"},"content":{"rendered":"\n<p>Marking one hundred years since the March on Rome and the rise of fascists to power, IES is proud to announce a Zoom lecture by Roger Griffin, one of the greatest experts on the theory and history of fascism. On November 4th Professor Griffin will give a lecture entitled:<\/p>\n\n\n\n<p><strong>Prof. Dr. Roger David Griffin<\/strong><\/p>\n\n\n\n<p><strong>\u201eMarciare e marcire\u201c: a \u201cdekatych\u201d of the marches proliferating from 28 October 1922 in Rome<\/strong><\/p>\n\n\n\n<p>In this brief talk Roger Griffin offers ten snap-shots of the significance of the aborted assault of <em>squadristi<\/em> &nbsp;on the Italian state in the autumn of 1922: i) the (farcical) facticity of the actual events; ii) their immediate propagandist transformation into Fascism\u2019s foundation myth of the conquest of power; iii) the affective and symbolic contribution of the socio-political myth of The March and its regenerative \u201cSorelian\u201d force; iv) the modernist interpretation of the March as the enactment of the Futurists&amp;#39; dynamic concept of reality;&nbsp;v) the counterfactual reading of the establishment of the Fascist regime in January 1925 as the culmination of the March; vi) the transfiguration of the March into the inaugural event of the \u201cFascist Era\u201d and its apotheosis in the 1932<em> Mostra della Rivoluzione Fascista<\/em>; vii) the mythic power exerted by the futural vision of an imminent \u201cfascist era\u201d on the rise of fascism and the anti-democratic and anti-communist radical right; viii) the impact of the mythicized march on Rome on the rise of Hitler; ix) the continuing resonance of the myth of the March today in the critical response to the rise of Giorgia Meloni and he Brothers of Italy; x) the contemporary decay of populist politics into various forms of illiberal democracy in histrionic displays of the militant nationalist spirit of the original Fascist \u201cMarch\u201d and subsequent \u201cRally\u201d.<\/p>\n\n\n\n<p>Roger David Griffin is professor emeritus at Oxford Brooks University and the author of The Nature of Fascism, A Fascist Century, Modernism and Fascism, International Fascism and many others.<\/p>\n\n\n\n<p>Audience will be able to follow the lecture after registering at the following link:<\/p>\n\n\n\n<p><a href=\"https:\/\/us06web.zoom.us\/webinar\/register\/WN_3fQ0xtfhRXCUVZE4Un7_ug\">https:\/\/us06web.zoom.us\/webinar\/register\/WN_3fQ0xtfhRXCUVZE4Un7_ug<\/a><\/p>\n\n\n\n<hr class=\"wp-block-separator\"\/>\n\n\n\n<p><strong>Institut za evropske studije<\/strong><\/p>\n\n\n\n<figure class=\"wp-block-embed-wordpress wp-block-embed is-type-wp-embed is-provider-institut-za-evropske-studije\"><div class=\"wp-block-embed__wrapper\">\n<blockquote class=\"wp-embedded-content\" data-secret=\"OptQBTCWsm\"><a href=\"https:\/\/ies.rs\/4-novembar-marciare-e-marcire-marching-and-rottening-a-dekatych-of-the-proliferation-of-marches-emanating-from-the-events-of-28-october-1922-in-rome\/\">4. \u043d\u043e\u0432\u0435\u043c\u0431\u0430\u0440 &#8211; \u041f\u0440\u043e\u0444. \u0434\u0440 \u0420\u043e\u045f\u0435\u0440 \u0413\u0440\u0438\u0444\u0438\u043d: &#8220;Marciare e marcire&#8221;: a \u201cdekatych\u201d of the marches proliferating from 28 October 1922 in Rome<\/a><\/blockquote><iframe loading=\"lazy\" class=\"wp-embedded-content\" sandbox=\"allow-scripts\" security=\"restricted\" style=\"position: absolute; clip: rect(1px, 1px, 1px, 1px);\" title=\"&#8220;4. \u043d\u043e\u0432\u0435\u043c\u0431\u0430\u0440 &#8211; \u041f\u0440\u043e\u0444. \u0434\u0440 \u0420\u043e\u045f\u0435\u0440 \u0413\u0440\u0438\u0444\u0438\u043d: &#8220;Marciare e marcire&#8221;: a \u201cdekatych\u201d of the marches proliferating from 28 October 1922 in Rome&#8221; &#8212; Institut za evropske studije\" src=\"https:\/\/ies.rs\/4-novembar-marciare-e-marcire-marching-and-rottening-a-dekatych-of-the-proliferation-of-marches-emanating-from-the-events-of-28-october-1922-in-rome\/embed\/#?secret=ghuvKcVo3d#?secret=OptQBTCWsm\" data-secret=\"OptQBTCWsm\" width=\"600\" height=\"338\" frameborder=\"0\" marginwidth=\"0\" marginheight=\"0\" scrolling=\"no\"><\/iframe>\n<\/div><\/figure>\n\n\n\n<hr class=\"wp-block-separator\"\/>\n\n\n\n<p>Najava predavanja objavljena je i na portalu <strong>Historiografija.ba<\/strong>:<\/p>\n\n\n\n<p><a href=\"https:\/\/historiografija.ba\/article.php?id=1492\">https:\/\/historiografija.ba\/article.php?id=1492<\/a><\/p>\n\n\n\n<hr class=\"wp-block-separator\"\/>\n","protected":false},"excerpt":{"rendered":"","protected":false},"author":2,"featured_media":33192,"comment_status":"open","ping_status":"open","sticky":false,"template":"","format":"standard","meta":{"_acf_changed":false,"_jetpack_newsletter_access":"","_jetpack_dont_email_post_to_subs":false,"_jetpack_newsletter_tier_id":0,"_jetpack_memberships_contains_paywalled_content":false,"_jetpack_memberships_contains_paid_content":false,"footnotes":"","jetpack_publicize_message":"","jetpack_publicize_feature_enabled":true,"jetpack_social_post_already_shared":true,"jetpack_social_options":{"image_generator_settings":{"template":"highway","default_image_id":0,"font":"","enabled":false},"version":2},"jetpack_post_was_ever_published":false},"categories":[3],"tags":[],"class_list":["post-33191","post","type-post","status-publish","format-standard","has-post-thumbnail","hentry","category-novosti"],"acf":{"facebook_opis":""},"jetpack_publicize_connections":[],"jetpack_featured_media_url":"https:\/\/i0.wp.com\/historiografija.hr\/wp-content\/uploads\/2022\/11\/Griffin.png?fit=1280%2C720&ssl=1","jetpack_sharing_enabled":true,"jetpack-related-posts":[{"id":51853,"url":"https:\/\/historiografija.hr\/?p=51853","url_meta":{"origin":33191,"position":0},"title":"USC Shoah Foundation: Svjedo\u010denje povjesni\u010darke Mirjane Gross","author":"Branimir Jankovi\u0107","date":"12. o\u017eujka 2026.","format":false,"excerpt":"Upu\u0107ujemo na audio-vizualni intervju (na hrvatskom jeziku) s povjesni\u010darkom Mirjanom Gross (1922-2012) koji je u Zagrebu 7. kolovoza 1995. godine vodila Jasminka Doma\u0161. U tom svjedo\u010denju Mirjana (Mirjam) Gross govori o svojoj obiteljskoj povijesti, \u017eidovskom identitetu i traumati\u010dnom logorskom iskustvu. Mirjam Gross https:\/\/vha.usc.edu\/testimony\/4016","rel":"","context":"U &quot;Novosti&quot;","block_context":{"text":"Novosti","link":"https:\/\/historiografija.hr\/?cat=3"},"img":{"alt_text":"","src":"https:\/\/i0.wp.com\/historiografija.hr\/wp-content\/uploads\/2026\/03\/Mirjam-Gross-Testimony-VHA.png?fit=1200%2C574&ssl=1&resize=350%2C200","width":350,"height":200,"srcset":"https:\/\/i0.wp.com\/historiografija.hr\/wp-content\/uploads\/2026\/03\/Mirjam-Gross-Testimony-VHA.png?fit=1200%2C574&ssl=1&resize=350%2C200 1x, https:\/\/i0.wp.com\/historiografija.hr\/wp-content\/uploads\/2026\/03\/Mirjam-Gross-Testimony-VHA.png?fit=1200%2C574&ssl=1&resize=525%2C300 1.5x, https:\/\/i0.wp.com\/historiografija.hr\/wp-content\/uploads\/2026\/03\/Mirjam-Gross-Testimony-VHA.png?fit=1200%2C574&ssl=1&resize=700%2C400 2x, https:\/\/i0.wp.com\/historiografija.hr\/wp-content\/uploads\/2026\/03\/Mirjam-Gross-Testimony-VHA.png?fit=1200%2C574&ssl=1&resize=1050%2C600 3x"},"classes":[]},{"id":55132,"url":"https:\/\/historiografija.hr\/?p=55132","url_meta":{"origin":33191,"position":1},"title":"Edward J. Watts, \u201eThe Romans: A 2,000-Year History\u201c","author":"Filip \u0160imunjak","date":"1. rujna 2026.","format":false,"excerpt":"An acclaimed scholar tells the full, breathtaking history of Rome, from its emergence in the Iron Age to the capture of Constantinople in the thirteenth century When we think of \u201cancient Romans\u201d today, many picture the toga-clad figures of Cicero and Caesar, presiding over a republic, and then an empire,\u2026","rel":"","context":"U &quot;Knjige&quot;","block_context":{"text":"Knjige","link":"https:\/\/historiografija.hr\/?cat=8"},"img":{"alt_text":"","src":"https:\/\/i0.wp.com\/historiografija.hr\/wp-content\/uploads\/2026\/08\/The-Romans-2000-year-history.webp?fit=660%2C1024&ssl=1&resize=350%2C200","width":350,"height":200,"srcset":"https:\/\/i0.wp.com\/historiografija.hr\/wp-content\/uploads\/2026\/08\/The-Romans-2000-year-history.webp?fit=660%2C1024&ssl=1&resize=350%2C200 1x, https:\/\/i0.wp.com\/historiografija.hr\/wp-content\/uploads\/2026\/08\/The-Romans-2000-year-history.webp?fit=660%2C1024&ssl=1&resize=525%2C300 1.5x"},"classes":[]},{"id":55111,"url":"https:\/\/historiografija.hr\/?p=55111","url_meta":{"origin":33191,"position":2},"title":"Anthony Kaldellis, \u201eThe New Roman Empire: A History of Byzantium\u201c","author":"Filip \u0160imunjak","date":"26. kolovoza 2026.","format":false,"excerpt":"A major new history of the eastern Roman Empire, from Constantine to 1453.In recent decades, the study of the Eastern Roman Empire, also known as Byzantium, has been revolutionized by new approaches and more sophisticated models for how its society and state operated. No longer looked upon as a pale\u2026","rel":"","context":"U &quot;Knjige&quot;","block_context":{"text":"Knjige","link":"https:\/\/historiografija.hr\/?cat=8"},"img":{"alt_text":"","src":"https:\/\/i0.wp.com\/historiografija.hr\/wp-content\/uploads\/2026\/08\/The-New-Roman-Empire.webp?fit=362%2C550&ssl=1&resize=350%2C200","width":350,"height":200},"classes":[]},{"id":54121,"url":"https:\/\/historiografija.hr\/?p=54121","url_meta":{"origin":33191,"position":3},"title":"ZGODOVINA NA \u0160PICI: YUGOSLAVIA AND CAMBODIA: ENTANGLED HISTORIES OF NON-ALIGNMENT","author":"Branimir Jankovi\u0107","date":"16. lipnja 2026.","format":false,"excerpt":"You are kindly invited to a new lecture in the History on the Edge series, which will take place on Wednesday, June 17, 2026, at the INZ premises or via the ZOOM link: https:\/\/us06web.zoom.us\/j\/85093074535?pwd=chFdSCgScVg8fw1djh3bVz8h9gqWtm.1 . In the new season, lectures will take place at 3 p.m. and if you will\u2026","rel":"","context":"U &quot;Novosti&quot;","block_context":{"text":"Novosti","link":"https:\/\/historiografija.hr\/?cat=3"},"img":{"alt_text":"","src":"https:\/\/i0.wp.com\/historiografija.hr\/wp-content\/uploads\/2026\/06\/ZNS_predavanje.jpg?fit=1086%2C567&ssl=1&resize=350%2C200","width":350,"height":200,"srcset":"https:\/\/i0.wp.com\/historiografija.hr\/wp-content\/uploads\/2026\/06\/ZNS_predavanje.jpg?fit=1086%2C567&ssl=1&resize=350%2C200 1x, https:\/\/i0.wp.com\/historiografija.hr\/wp-content\/uploads\/2026\/06\/ZNS_predavanje.jpg?fit=1086%2C567&ssl=1&resize=525%2C300 1.5x, https:\/\/i0.wp.com\/historiografija.hr\/wp-content\/uploads\/2026\/06\/ZNS_predavanje.jpg?fit=1086%2C567&ssl=1&resize=700%2C400 2x, https:\/\/i0.wp.com\/historiografija.hr\/wp-content\/uploads\/2026\/06\/ZNS_predavanje.jpg?fit=1086%2C567&ssl=1&resize=1050%2C600 3x"},"classes":[]},{"id":52763,"url":"https:\/\/historiografija.hr\/?p=52763","url_meta":{"origin":33191,"position":4},"title":"Predavanje \u2013 Dalibor \u010cepulo &#8220;The Croatian-Hungarian Settlement of 1868: A Hybrid Framework and Modern Governance&#8221;","author":"Filip \u0160imunjak","date":"30. travnja 2026.","format":false,"excerpt":"Public lecture held by Prof. Dr. Dalibor \u010cepulo (Professor Emeritus at the University of Zagreb) on the occasion of his inauguration as honorary professor of ELTE University.7 May 2026, 16.00, at ELTE Faculty of Law, Faculty Council Room (1053 Budapest, Egyetem t\u00e9r 1-3.) The Croatian\u2013Hungarian Settlement of 1868 established the\u2026","rel":"","context":"U &quot;Novosti&quot;","block_context":{"text":"Novosti","link":"https:\/\/historiografija.hr\/?cat=3"},"img":{"alt_text":"","src":"https:\/\/i0.wp.com\/historiografija.hr\/wp-content\/uploads\/2026\/04\/Snimka-zaslona-2026-04-30-075533.png?fit=1200%2C530&ssl=1&resize=350%2C200","width":350,"height":200,"srcset":"https:\/\/i0.wp.com\/historiografija.hr\/wp-content\/uploads\/2026\/04\/Snimka-zaslona-2026-04-30-075533.png?fit=1200%2C530&ssl=1&resize=350%2C200 1x, https:\/\/i0.wp.com\/historiografija.hr\/wp-content\/uploads\/2026\/04\/Snimka-zaslona-2026-04-30-075533.png?fit=1200%2C530&ssl=1&resize=525%2C300 1.5x, https:\/\/i0.wp.com\/historiografija.hr\/wp-content\/uploads\/2026\/04\/Snimka-zaslona-2026-04-30-075533.png?fit=1200%2C530&ssl=1&resize=700%2C400 2x, https:\/\/i0.wp.com\/historiografija.hr\/wp-content\/uploads\/2026\/04\/Snimka-zaslona-2026-04-30-075533.png?fit=1200%2C530&ssl=1&resize=1050%2C600 3x"},"classes":[]},{"id":53463,"url":"https:\/\/historiografija.hr\/?p=53463","url_meta":{"origin":33191,"position":5},"title":"Predstavljen je prvi svezak zbornika \u201cNovi prilozi za povijest hrvatske socijaldemokracije\u201d","author":"Branimir Jankovi\u0107","date":"19. svibnja 2026.","format":false,"excerpt":"U srijedu 6. svibnja 2026. u Knji\u017enici i \u010ditaonici Bogdana Ogrizovi\u0107a u Zagrebu u sklopu ovogodi\u0161njeg Kliofesta odr\u017eano je predstavljanje prvoga sveska zbornika Novi prilozi za povijest hrvatske socijaldemokracije urednika dr. sc. Matka Globa\u010dnika. Zbornik su predstavili recenzenti s Filozofskog fakulteta Sveu\u010dili\u0161ta u Zagrebu, dr. sc. Martin Previ\u0161i\u0107, red. prof.,\u2026","rel":"","context":"U &quot;Novosti&quot;","block_context":{"text":"Novosti","link":"https:\/\/historiografija.hr\/?cat=3"},"img":{"alt_text":"","src":"https:\/\/i0.wp.com\/historiografija.hr\/wp-content\/uploads\/2026\/05\/Kliofest-6_5_2026.jpg?fit=1030%2C633&ssl=1&resize=350%2C200","width":350,"height":200,"srcset":"https:\/\/i0.wp.com\/historiografija.hr\/wp-content\/uploads\/2026\/05\/Kliofest-6_5_2026.jpg?fit=1030%2C633&ssl=1&resize=350%2C200 1x, https:\/\/i0.wp.com\/historiografija.hr\/wp-content\/uploads\/2026\/05\/Kliofest-6_5_2026.jpg?fit=1030%2C633&ssl=1&resize=525%2C300 1.5x, https:\/\/i0.wp.com\/historiografija.hr\/wp-content\/uploads\/2026\/05\/Kliofest-6_5_2026.jpg?fit=1030%2C633&ssl=1&resize=700%2C400 2x"},"classes":[]}],"_links":{"self":[{"href":"https:\/\/historiografija.hr\/index.php?rest_route=\/wp\/v2\/posts\/33191","targetHints":{"allow":["GET"]}}],"collection":[{"href":"https:\/\/historiografija.hr\/index.php?rest_route=\/wp\/v2\/posts"}],"about":[{"href":"https:\/\/historiografija.hr\/index.php?rest_route=\/wp\/v2\/types\/post"}],"author":[{"embeddable":true,"href":"https:\/\/historiografija.hr\/index.php?rest_route=\/wp\/v2\/users\/2"}],"replies":[{"embeddable":true,"href":"https:\/\/historiografija.hr\/index.php?rest_route=%2Fwp%2Fv2%2Fcomments&post=33191"}],"version-history":[{"count":1,"href":"https:\/\/historiografija.hr\/index.php?rest_route=\/wp\/v2\/posts\/33191\/revisions"}],"predecessor-version":[{"id":33193,"href":"https:\/\/historiografija.hr\/index.php?rest_route=\/wp\/v2\/posts\/33191\/revisions\/33193"}],"wp:featuredmedia":[{"embeddable":true,"href":"https:\/\/historiografija.hr\/index.php?rest_route=\/wp\/v2\/media\/33192"}],"wp:attachment":[{"href":"https:\/\/historiografija.hr\/index.php?rest_route=%2Fwp%2Fv2%2Fmedia&parent=33191"}],"wp:term":[{"taxonomy":"category","embeddable":true,"href":"https:\/\/historiografija.hr\/index.php?rest_route=%2Fwp%2Fv2%2Fcategories&post=33191"},{"taxonomy":"post_tag","embeddable":true,"href":"https:\/\/historiografija.hr\/index.php?rest_route=%2Fwp%2Fv2%2Ftags&post=33191"}],"curies":[{"name":"wp","href":"https:\/\/api.w.org\/{rel}","templated":true}]}}