{"id":33178,"date":"2022-11-02T19:33:17","date_gmt":"2022-11-02T19:33:17","guid":{"rendered":"http:\/\/historiografija.hr\/?p=33178"},"modified":"2022-11-02T19:36:23","modified_gmt":"2022-11-02T19:36:23","slug":"medunarodni-znanstveni-skup-moliere-u-hrvatskoj-kulturi","status":"publish","type":"post","link":"https:\/\/historiografija.hr\/?p=33178","title":{"rendered":"Me\u0111unarodni znanstveni skup &#8220;Moli\u00e8re u hrvatskoj kulturi&#8221;"},"content":{"rendered":"\n<p>Sveu\u010dili\u0161te u Zadru obilje\u017eit \u0107e 400. godi\u0161njicu ro\u0111enja slavnog francuskog komediografa Moli\u00e8rea (1622. \u2013 1673.) me\u0111unarodnim znanstvenim skupom&nbsp;<em><strong>Moli\u00e8re u hrvatskoj kulturi<\/strong><\/em>&nbsp;koji \u0107e se odr\u017eati u \u010detvrtak &nbsp;i petak, 3. i 4. studenog 2022. Skup zajedni\u010dki organiziraju Odjel za francuske i frankofonske studije te Odjel za kroatistiku Sveu\u010dili\u0161ta u Zadru i Odsjek za komparativnu knji\u017eevnost Filozofskog fakulteta Sveu\u010dili\u0161ta u Zagrebu. Sudjelovat \u0107e dvadesetak izlaga\u010da iz Hrvatske, Austrije, Francuske, Poljske, Slovenije i Velike Britanije. Plenarno izlaganje na temu re\u017eiranja Moli\u00e8reovih tekstova danas odr\u017eat \u0107e ugledni francuski teatrolog Patrice Pavis (Sveu\u010dili\u0161te u Kentu). U sklopu skupa bit \u0107e predstavljena i knjiga Dine Milinovi\u0107a&nbsp;<em>Svijet je mu\u0161kog roda<\/em>, a predvi\u0111en je i razgovor sa slovenskom dramaturginjom Dianom Koloini povodom izlaska knjige&nbsp;<em>Slabo poznate na\u0161ih src tan\u010dine: \u017eenske v Moli\u00e8rovih komedijah<\/em>.<\/p>\n\n\n\n<p><a href=\"https:\/\/www.unizd.hr\/Portals\/0\/moliere-plakat1191x1684.png\">Plakat<\/a><\/p>\n\n\n\n<hr class=\"wp-block-separator\"\/>\n\n\n\n<p>Izvor:<\/p>\n\n\n\n<p><a href=\"https:\/\/www.unizd.hr\/obavijesti\/view\/medunarodni-znanstveni-skup-moli232re-u-hrvatskoj-kulturi\">https:\/\/www.unizd.hr\/obavijesti\/view\/medunarodni-znanstveni-skup-moli232re-u-hrvatskoj-kulturi<\/a><\/p>\n\n\n\n<hr class=\"wp-block-separator\"\/>\n","protected":false},"excerpt":{"rendered":"","protected":false},"author":2,"featured_media":33181,"comment_status":"open","ping_status":"open","sticky":false,"template":"","format":"standard","meta":{"_acf_changed":false,"jetpack_post_was_ever_published":false,"_jetpack_newsletter_access":"","_jetpack_dont_email_post_to_subs":false,"_jetpack_newsletter_tier_id":0,"_jetpack_memberships_contains_paywalled_content":false,"_jetpack_memberships_contains_paid_content":false,"footnotes":"","jetpack_publicize_message":"","jetpack_publicize_feature_enabled":true,"jetpack_social_post_already_shared":true,"jetpack_social_options":{"image_generator_settings":{"template":"highway","default_image_id":0,"font":"","enabled":false},"version":2}},"categories":[3,9],"tags":[],"class_list":["post-33178","post","type-post","status-publish","format-standard","has-post-thumbnail","hentry","category-novosti","category-skupovi"],"acf":{"facebook_opis":""},"jetpack_publicize_connections":[],"jetpack_featured_media_url":"https:\/\/i0.wp.com\/historiografija.hr\/wp-content\/uploads\/2022\/11\/moliere-plakat-skup.png?fit=1190%2C547&ssl=1","jetpack_sharing_enabled":true,"jetpack-related-posts":[],"_links":{"self":[{"href":"https:\/\/historiografija.hr\/index.php?rest_route=\/wp\/v2\/posts\/33178","targetHints":{"allow":["GET"]}}],"collection":[{"href":"https:\/\/historiografija.hr\/index.php?rest_route=\/wp\/v2\/posts"}],"about":[{"href":"https:\/\/historiografija.hr\/index.php?rest_route=\/wp\/v2\/types\/post"}],"author":[{"embeddable":true,"href":"https:\/\/historiografija.hr\/index.php?rest_route=\/wp\/v2\/users\/2"}],"replies":[{"embeddable":true,"href":"https:\/\/historiografija.hr\/index.php?rest_route=%2Fwp%2Fv2%2Fcomments&post=33178"}],"version-history":[{"count":1,"href":"https:\/\/historiografija.hr\/index.php?rest_route=\/wp\/v2\/posts\/33178\/revisions"}],"predecessor-version":[{"id":33180,"href":"https:\/\/historiografija.hr\/index.php?rest_route=\/wp\/v2\/posts\/33178\/revisions\/33180"}],"wp:featuredmedia":[{"embeddable":true,"href":"https:\/\/historiografija.hr\/index.php?rest_route=\/wp\/v2\/media\/33181"}],"wp:attachment":[{"href":"https:\/\/historiografija.hr\/index.php?rest_route=%2Fwp%2Fv2%2Fmedia&parent=33178"}],"wp:term":[{"taxonomy":"category","embeddable":true,"href":"https:\/\/historiografija.hr\/index.php?rest_route=%2Fwp%2Fv2%2Fcategories&post=33178"},{"taxonomy":"post_tag","embeddable":true,"href":"https:\/\/historiografija.hr\/index.php?rest_route=%2Fwp%2Fv2%2Ftags&post=33178"}],"curies":[{"name":"wp","href":"https:\/\/api.w.org\/{rel}","templated":true}]}}