{"id":33175,"date":"2022-11-01T11:30:00","date_gmt":"2022-11-01T11:30:00","guid":{"rendered":"http:\/\/historiografija.hr\/?p=33175"},"modified":"2022-11-01T11:47:58","modified_gmt":"2022-11-01T11:47:58","slug":"krscanska-sadasnjost-povodom-60-obljetnice-ii-vatikanskog-koncila","status":"publish","type":"post","link":"https:\/\/historiografija.hr\/?p=33175","title":{"rendered":"\u201eKr\u0161\u0107anska sada\u0161njost\u201c &#8211; povodom 60. obljetnice II. vatikanskog koncila"},"content":{"rendered":"\n<p>Drugi vatikanski koncil, ili sabor, bio je 21. ekumenski sastanak \u010delnika i poglavara Katoli\u010dke Crkve. Sazvan je 1962. godine od pape Ivana XXIII., a zaklju\u010den 1965. godine od pape Pavla VI. Odr\u017ean je u \u010detiri sjednice, od kojih je prva sazvana 11. listopada 1962., stoga se taj dan posebno obilje\u017eava u sklopu spomena na ovaj istaknut crkveni doga\u0111aj 20. stolje\u0107a.<\/p>\n\n\n\n<p>Drugi vatikanski sabor danas je pam\u0107en i kao glavno nadahnu\u0107e za osnutak i pokretanje Kr\u0161\u0107anske sada\u0161njosti od njezinih utemeljitelja, Vjekoslava Bajsi\u0107a, Tomislava Janka \u0160agi-Buni\u0107a i Josipa Tur\u010dinovi\u0107a.<\/p>\n\n\n\n<p>Povodom obilje\u017eavanja ove obljetnice, Kr\u0161\u0107anska sada\u0161njost nudi niz prigodnih izdanja po sni\u017eenoj cijeni za sve svoje \u010ditatelje i pratitelje.<\/p>\n\n\n\n<hr class=\"wp-block-separator\"\/>\n\n\n\n<p><strong>Op\u0161irnije:<\/strong><\/p>\n\n\n\n<p><a href=\"https:\/\/www.ks.hr\/blog\/snizenje-povodom-ii-vatikanskog-koncila-n1392\">https:\/\/www.ks.hr\/blog\/snizenje-povodom-ii-vatikanskog-koncila-n1392<\/a><\/p>\n\n\n\n<hr class=\"wp-block-separator\"\/>\n\n\n\n<p><\/p>\n","protected":false},"excerpt":{"rendered":"","protected":false},"author":2,"featured_media":33176,"comment_status":"open","ping_status":"open","sticky":false,"template":"","format":"standard","meta":{"_acf_changed":false,"_jetpack_newsletter_access":"","_jetpack_dont_email_post_to_subs":false,"_jetpack_newsletter_tier_id":0,"_jetpack_memberships_contains_paywalled_content":false,"_jetpack_memberships_contains_paid_content":false,"footnotes":"","jetpack_publicize_message":"","jetpack_publicize_feature_enabled":true,"jetpack_social_post_already_shared":true,"jetpack_social_options":{"image_generator_settings":{"template":"highway","default_image_id":0,"font":"","enabled":false},"version":2},"jetpack_post_was_ever_published":false},"categories":[3],"tags":[],"class_list":["post-33175","post","type-post","status-publish","format-standard","has-post-thumbnail","hentry","category-novosti"],"acf":{"facebook_opis":""},"jetpack_publicize_connections":[],"jetpack_featured_media_url":"https:\/\/i0.wp.com\/historiografija.hr\/wp-content\/uploads\/2022\/11\/II-VATIKANSKI-scaled.jpg?fit=2560%2C1405&ssl=1","jetpack_sharing_enabled":true,"jetpack-related-posts":[{"id":54943,"url":"https:\/\/historiografija.hr\/?p=54943","url_meta":{"origin":33175,"position":0},"title":"Igor Radin i Goran Radin, \u201eJadrija na\u0161e mladosti: 100 godina kupali\u0161ta Jadrija\u201c","author":"Branimir Jankovi\u0107","date":"12. kolovoza 2026.","format":false,"excerpt":"Tekstualni i vizualni sadr\u017eaj monografije Igora i Gorana Radina \u201eJadrija na\u0161e mladosti: 100 godina kupali\u0161ta Jadrija\u201c - koju je 2023. godine objavila Turisti\u010dka zajednica grada \u0160ibenika povodom stote obljetnice \u0161ibenskoga kupali\u0161ta - dostupan je na sljede\u0107oj web-stranici: https:\/\/www.jadrija.net\/","rel":"","context":"U &quot;E-knjige&quot;","block_context":{"text":"E-knjige","link":"https:\/\/historiografija.hr\/?cat=19"},"img":{"alt_text":"","src":"https:\/\/i0.wp.com\/historiografija.hr\/wp-content\/uploads\/2026\/08\/Jadrija.jpg?fit=850%2C513&ssl=1&resize=350%2C200","width":350,"height":200,"srcset":"https:\/\/i0.wp.com\/historiografija.hr\/wp-content\/uploads\/2026\/08\/Jadrija.jpg?fit=850%2C513&ssl=1&resize=350%2C200 1x, https:\/\/i0.wp.com\/historiografija.hr\/wp-content\/uploads\/2026\/08\/Jadrija.jpg?fit=850%2C513&ssl=1&resize=525%2C300 1.5x, https:\/\/i0.wp.com\/historiografija.hr\/wp-content\/uploads\/2026\/08\/Jadrija.jpg?fit=850%2C513&ssl=1&resize=700%2C400 2x"},"classes":[]},{"id":53537,"url":"https:\/\/historiografija.hr\/?p=53537","url_meta":{"origin":33175,"position":1},"title":"Ned\u017ead Mehmedovi\u0107, &#8220;Dvadeset godina u Ujedinjenim nacijama: Put Crne Gore kroz op\u0161tu debatu Generalne skup\u0161tine&#8221;","author":"Filip \u0160imunjak","date":"21. svibnja 2026.","format":false,"excerpt":"U izdanju Instituta za javne politike \u2013 Skoplje objavljena je knjiga \u201eDvadeset godina u Ujedinjenim nacijama: Put Crne Gore kroz op\u0161tu debatu Generalne skup\u0161tine\u201c, autora doc. dr Ned\u017eada Mehmedovi\u0107a. Knjiga je objavljena povodom obilje\u017eavanja dvadeset godina od obnove nezavisnosti Crne Gore i predstavlja sistematizovan pregled zvani\u010dnih obra\u0107anja crnogorskih dr\u017eavnih predstavnika\u2026","rel":"","context":"U &quot;Knjige&quot;","block_context":{"text":"Knjige","link":"https:\/\/historiografija.hr\/?cat=8"},"img":{"alt_text":"","src":"https:\/\/i0.wp.com\/historiografija.hr\/wp-content\/uploads\/2026\/05\/20-godina-crne-gore.webp?fit=900%2C1200&ssl=1&resize=350%2C200","width":350,"height":200,"srcset":"https:\/\/i0.wp.com\/historiografija.hr\/wp-content\/uploads\/2026\/05\/20-godina-crne-gore.webp?fit=900%2C1200&ssl=1&resize=350%2C200 1x, https:\/\/i0.wp.com\/historiografija.hr\/wp-content\/uploads\/2026\/05\/20-godina-crne-gore.webp?fit=900%2C1200&ssl=1&resize=525%2C300 1.5x, https:\/\/i0.wp.com\/historiografija.hr\/wp-content\/uploads\/2026\/05\/20-godina-crne-gore.webp?fit=900%2C1200&ssl=1&resize=700%2C400 2x"},"classes":[]},{"id":54227,"url":"https:\/\/historiografija.hr\/?p=54227","url_meta":{"origin":33175,"position":2},"title":"Izlo\u017eba &#8220;Vera barunica Nikoli\u0107 Podrinska (1886. \u2013 1972.)&#8221;","author":"Branimir Jankovi\u0107","date":"19. lipnja 2026.","format":false,"excerpt":"Vera barunica Nikoli\u0107 Podrinska (1886. \u2013 1972.)Izlo\u017eba u povodu 140-e obljetnice ro\u0111enja slikarice16. lipnja \u2013 14. srpnja 2026., Pala\u010da Demeter-Corvin, Pavla Radi\u0107a 24, ZagrebNacionalni muzej moderne umjetnosti u suradnji s Galerijom KonturaKustosica izlo\u017ebe: dr. sc. Ivana Ron\u010devi\u0107 Elezovi\u0107, muzejska savjetnica NMMU Vera barunica Nikoli\u0107 Podrinska (8. studenoga 1886. \u2013 28.\u2026","rel":"","context":"U &quot;Izlo\u017ebe&quot;","block_context":{"text":"Izlo\u017ebe","link":"https:\/\/historiografija.hr\/?cat=10"},"img":{"alt_text":"","src":"https:\/\/i0.wp.com\/historiografija.hr\/wp-content\/uploads\/2026\/06\/Vera-Nikolic-slikarica.jpg?fit=768%2C417&ssl=1&resize=350%2C200","width":350,"height":200,"srcset":"https:\/\/i0.wp.com\/historiografija.hr\/wp-content\/uploads\/2026\/06\/Vera-Nikolic-slikarica.jpg?fit=768%2C417&ssl=1&resize=350%2C200 1x, https:\/\/i0.wp.com\/historiografija.hr\/wp-content\/uploads\/2026\/06\/Vera-Nikolic-slikarica.jpg?fit=768%2C417&ssl=1&resize=525%2C300 1.5x, https:\/\/i0.wp.com\/historiografija.hr\/wp-content\/uploads\/2026\/06\/Vera-Nikolic-slikarica.jpg?fit=768%2C417&ssl=1&resize=700%2C400 2x"},"classes":[]},{"id":54052,"url":"https:\/\/historiografija.hr\/?p=54052","url_meta":{"origin":33175,"position":3},"title":"Tribina: Mark Blok, istori\u010dar u Panteonu","author":"Branimir Jankovi\u0107","date":"12. lipnja 2026.","format":false,"excerpt":"16 Jun 2026 - 18h \/ Francuski institut u Srbiji, Beograd Povodom sve\u010danog polaganja posmrtnih ostataka Marka Bloka u kriptu Panteona, francuskog nacionalnog mauzoleja u kojem po\u010divaju najistaknutije li\u010dnosti francuske istorije, Francuski institut u Srbiji, u saradnji sa uglednim francuskim \u010dasopisom L\u2019Histoire, organizuje tribinu posve\u0107enu \u017eivotu, delu i nasle\u0111u jedne\u2026","rel":"","context":"U &quot;Novosti&quot;","block_context":{"text":"Novosti","link":"https:\/\/historiografija.hr\/?cat=3"},"img":{"alt_text":"","src":"https:\/\/i0.wp.com\/historiografija.hr\/wp-content\/uploads\/2026\/06\/Bloch-site.jpg?fit=720%2C400&ssl=1&resize=350%2C200","width":350,"height":200,"srcset":"https:\/\/i0.wp.com\/historiografija.hr\/wp-content\/uploads\/2026\/06\/Bloch-site.jpg?fit=720%2C400&ssl=1&resize=350%2C200 1x, https:\/\/i0.wp.com\/historiografija.hr\/wp-content\/uploads\/2026\/06\/Bloch-site.jpg?fit=720%2C400&ssl=1&resize=525%2C300 1.5x, https:\/\/i0.wp.com\/historiografija.hr\/wp-content\/uploads\/2026\/06\/Bloch-site.jpg?fit=720%2C400&ssl=1&resize=700%2C400 2x"},"classes":[]},{"id":52666,"url":"https:\/\/historiografija.hr\/?p=52666","url_meta":{"origin":33175,"position":4},"title":"Najava programa Festivala povijesti Kliofest (5-8. V. 2026)","author":"Branimir Jankovi\u0107","date":"24. travnja 2026.","format":false,"excerpt":"Po trinaesti put odr\u017eava se Festival povijesti Kliofest! Do petka \u0107emo odr\u017eati osam okruglih stolova i dva kolokvija te niz predstavljanja knjiga i projekata razli\u010dite tematike, od antike do suvremenosti. Bit \u0107e predstavljeno i nekoliko izlo\u017ebi te odr\u017ean jedan povijesni kviz. Prikazat \u0107emo i jedan film \u2013 o generalu Boroevi\u0107u.\u2026","rel":"","context":"U &quot;Novosti&quot;","block_context":{"text":"Novosti","link":"https:\/\/historiografija.hr\/?cat=3"},"img":{"alt_text":"","src":"https:\/\/i0.wp.com\/historiografija.hr\/wp-content\/uploads\/2026\/04\/Kliofest-2026.jpg?fit=526%2C526&ssl=1&resize=350%2C200","width":350,"height":200,"srcset":"https:\/\/i0.wp.com\/historiografija.hr\/wp-content\/uploads\/2026\/04\/Kliofest-2026.jpg?fit=526%2C526&ssl=1&resize=350%2C200 1x, https:\/\/i0.wp.com\/historiografija.hr\/wp-content\/uploads\/2026\/04\/Kliofest-2026.jpg?fit=526%2C526&ssl=1&resize=525%2C300 1.5x"},"classes":[]},{"id":54849,"url":"https:\/\/historiografija.hr\/?p=54849","url_meta":{"origin":33175,"position":5},"title":"Glazbeno-scenska ve\u010der i predstavljanje knjige &#8220;OD HRVATSKOGA KRALJEVSTVA DO LIJEPE NA\u0160E&#8221;","author":"Branimir Jankovi\u0107","date":"31. srpnja 2026.","format":false,"excerpt":"Ogranak Matice hrvatske u Trogiru i\u201eRadovan\u201c dru\u0161tvo za za\u0161titu kulturnih dobara Trogira s rado\u0161\u0107u vas pozivaju na glazbeno-scensku ve\u010der i predstavljanje knjige OD HRVATSKOGA KRALJEVSTVA DO LIJEPE NA\u0160E Sudjeluju:Vlatko Belas, baritonBarbara Gari\u0107, sopranprof. Ratko Bartulovi\u0107, glazbenikNik\u0161a Buble, recitatori autori knjige dr. sc. Danka Radi\u0107 i Radovan Slade-\u0160ilovi\u0107 Radujemo se Va\u0161em\u2026","rel":"","context":"U &quot;Novosti&quot;","block_context":{"text":"Novosti","link":"https:\/\/historiografija.hr\/?cat=3"},"img":{"alt_text":"","src":"https:\/\/i0.wp.com\/historiografija.hr\/wp-content\/uploads\/2026\/07\/od_hrvatskog_kraljevstva_do_lijepe_nase.jpg?fit=596%2C467&ssl=1&resize=350%2C200","width":350,"height":200,"srcset":"https:\/\/i0.wp.com\/historiografija.hr\/wp-content\/uploads\/2026\/07\/od_hrvatskog_kraljevstva_do_lijepe_nase.jpg?fit=596%2C467&ssl=1&resize=350%2C200 1x, https:\/\/i0.wp.com\/historiografija.hr\/wp-content\/uploads\/2026\/07\/od_hrvatskog_kraljevstva_do_lijepe_nase.jpg?fit=596%2C467&ssl=1&resize=525%2C300 1.5x"},"classes":[]}],"_links":{"self":[{"href":"https:\/\/historiografija.hr\/index.php?rest_route=\/wp\/v2\/posts\/33175","targetHints":{"allow":["GET"]}}],"collection":[{"href":"https:\/\/historiografija.hr\/index.php?rest_route=\/wp\/v2\/posts"}],"about":[{"href":"https:\/\/historiografija.hr\/index.php?rest_route=\/wp\/v2\/types\/post"}],"author":[{"embeddable":true,"href":"https:\/\/historiografija.hr\/index.php?rest_route=\/wp\/v2\/users\/2"}],"replies":[{"embeddable":true,"href":"https:\/\/historiografija.hr\/index.php?rest_route=%2Fwp%2Fv2%2Fcomments&post=33175"}],"version-history":[{"count":1,"href":"https:\/\/historiografija.hr\/index.php?rest_route=\/wp\/v2\/posts\/33175\/revisions"}],"predecessor-version":[{"id":33177,"href":"https:\/\/historiografija.hr\/index.php?rest_route=\/wp\/v2\/posts\/33175\/revisions\/33177"}],"wp:featuredmedia":[{"embeddable":true,"href":"https:\/\/historiografija.hr\/index.php?rest_route=\/wp\/v2\/media\/33176"}],"wp:attachment":[{"href":"https:\/\/historiografija.hr\/index.php?rest_route=%2Fwp%2Fv2%2Fmedia&parent=33175"}],"wp:term":[{"taxonomy":"category","embeddable":true,"href":"https:\/\/historiografija.hr\/index.php?rest_route=%2Fwp%2Fv2%2Fcategories&post=33175"},{"taxonomy":"post_tag","embeddable":true,"href":"https:\/\/historiografija.hr\/index.php?rest_route=%2Fwp%2Fv2%2Ftags&post=33175"}],"curies":[{"name":"wp","href":"https:\/\/api.w.org\/{rel}","templated":true}]}}